{"id":250844,"date":"2025-07-15T05:15:27","date_gmt":"2025-07-15T05:15:27","guid":{"rendered":"https:\/\/www.europesays.com\/fr\/250844\/"},"modified":"2025-07-15T05:15:27","modified_gmt":"2025-07-15T05:15:27","slug":"meteo-retour-des-fortes-chaleurs-un-departement-va-repasser-en-vigilance-canicule-ce-mardi-alerte-maximale-sur-le-risque-de-feux-de-foret","status":"publish","type":"post","link":"https:\/\/www.europesays.com\/fr\/250844\/","title":{"rendered":"M\u00c9T\u00c9O. Retour des fortes chaleurs\u00a0: un d\u00e9partement va repasser en vigilance canicule ce mardi, alerte maximale sur le risque de feux de for\u00eat"},"content":{"rendered":"<p>\n                                                                Quand les temp\u00e9ratures chutent dans la partie nord de la France, le sud va de nouveau accueillir les fortes chaleurs pendant plusieurs jours cette semaine.\n                            <\/p>\n<p>Les temp\u00e9ratures sont en baisse sur une grande partie de la France en ce d\u00e9but de semaine, sauf autour de la M\u00e9diterran\u00e9e. Mardi 15\u00a0juillet 2025, le Var va passer en vigilance jaune canicule d\u00e8s midi. \u00ab\u00a0Du c\u00f4t\u00e9 de la M\u00e9diterran\u00e9e, la chaleur s\u2019accentue et des pointes \u00e0 plus de 35\u00a0\u00b0C sont possibles entre la basse vall\u00e9e du Rh\u00f4ne et le Var\u00a0\u00bb, note M\u00e9t\u00e9o France.<\/p>\n<p>En ce qui concerne le reste du pays\u00a0: \u00ab\u00a0Les temp\u00e9ratures poursuivent leur baisse dans la moiti\u00e9 nord et se rapprochent des normales de saison. Sous les nuages tenaces dans l\u2019extr\u00eame sud-ouest, les maximales plafonnent en dessous des 25\u00a0\u00b0C comme \u00e0 Tarbes (Hautes-Pyr\u00e9n\u00e9es) ou Biarritz (Pyr\u00e9n\u00e9es-Atlantiques)\u00a0\u00bb.<\/p>\n<p>La chaleur va s\u2019accentuer jusqu\u2019\u00e0 jeudi<\/p>\n<p>La diff\u00e9rence va continuer de se creuser entre le nord et le sud de la France, mercredi\u00a016 et jeudi 17\u00a0juillet. D\u2019un c\u00f4t\u00e9, on atteindra de nouveau des pointes \u00e0 35\u00a0\u00b0C dans le Var puis dans l\u2019ouest de la Provence et le Languedoc-Roussillon. D\u2019un autre, \u00ab\u00a0plus au nord, deux perturbations s\u2019encha\u00eenent, sans grandes cons\u00e9quences\u00a0: seul un vent d\u2019ouest dans leur sillage, avec des rafales de l\u2019ordre de 50\u00a0km\/h\u00a0\u00bb.<\/p>\n<p>La chaleur sera \u00ab\u00a0mod\u00e9r\u00e9e sur la plupart des r\u00e9gions\u00a0\u00bb mercredi, de l\u2019ordre de 22 \u00e0 29\u00a0\u00b0C pour les maximales. Pour jeudi, les 30\u00a0\u00b0C pourraient \u00eatre atteints de l\u2019\u00cele-de-France jusqu\u2019au Sud-Ouest, sans \u00e9galer les valeurs tr\u00e8s \u00e9lev\u00e9es en bord de M\u00e9diterran\u00e9e.<\/p>\n<p>Alerte rouge aux feux de for\u00eat<\/p>\n<p>D\u00e8s mardi 15\u00a0juillet, le risque de feux de for\u00eat passe en alerte maximale dans les Bouches-du-Rh\u00f4ne, le Vaucluse et le Var en raison des fortes chaleurs annonc\u00e9es, mais surtout par la pr\u00e9sence du mistral et de la tramontane qui peuvent favoriser la propagation des flammes au moindre d\u00e9but d\u2019incendie. Six d\u00e9partements seront en orange\u00a0: Aude, H\u00e9rault, Gard, Ard\u00e8che, Dr\u00f4me et Alpes-de-Haute-Provence.<\/p>\n<p>\u00ab\u00a0Le mistral, jusqu\u2019\u00e0 80\u00a0km\/h en rafales, et la tramontane restent tr\u00e8s sensibles\u00a0\u00bb jusqu\u2019\u00e0 jeudi 17\u00a0juillet, pr\u00e9vient M\u00e9t\u00e9o France.<\/p>\n","protected":false},"excerpt":{"rendered":"Quand les temp\u00e9ratures chutent dans la partie nord de la France, le sud va de nouveau accueillir les&hellip;\n","protected":false},"author":2,"featured_media":250845,"comment_status":"","ping_status":"","sticky":false,"template":"","format":"standard","meta":{"footnotes":""},"categories":[4],"tags":[11,1011,27,12,25],"class_list":{"0":"post-250844","1":"post","2":"type-post","3":"status-publish","4":"format-standard","5":"has-post-thumbnail","7":"category-france","8":"tag-actualites","9":"tag-fr","10":"tag-france","11":"tag-news","12":"tag-republique-francaise"},"share_on_mastodon":{"url":"https:\/\/pubeurope.com\/@fr\/114855550800316314","error":""},"_links":{"self":[{"href":"https:\/\/www.europesays.com\/fr\/wp-json\/wp\/v2\/posts\/250844","targetHints":{"allow":["GET"]}}],"collection":[{"href":"https:\/\/www.europesays.com\/fr\/wp-json\/wp\/v2\/posts"}],"about":[{"href":"https:\/\/www.europesays.com\/fr\/wp-json\/wp\/v2\/types\/post"}],"author":[{"embeddable":true,"href":"https:\/\/www.europesays.com\/fr\/wp-json\/wp\/v2\/users\/2"}],"replies":[{"embeddable":true,"href":"https:\/\/www.europesays.com\/fr\/wp-json\/wp\/v2\/comments?post=250844"}],"version-history":[{"count":0,"href":"https:\/\/www.europesays.com\/fr\/wp-json\/wp\/v2\/posts\/250844\/revisions"}],"wp:featuredmedia":[{"embeddable":true,"href":"https:\/\/www.europesays.com\/fr\/wp-json\/wp\/v2\/media\/250845"}],"wp:attachment":[{"href":"https:\/\/www.europesays.com\/fr\/wp-json\/wp\/v2\/media?parent=250844"}],"wp:term":[{"taxonomy":"category","embeddable":true,"href":"https:\/\/www.europesays.com\/fr\/wp-json\/wp\/v2\/categories?post=250844"},{"taxonomy":"post_tag","embeddable":true,"href":"https:\/\/www.europesays.com\/fr\/wp-json\/wp\/v2\/tags?post=250844"}],"curies":[{"name":"wp","href":"https:\/\/api.w.org\/{rel}","templated":true}]}}