{"id":250850,"date":"2025-07-15T05:18:16","date_gmt":"2025-07-15T05:18:16","guid":{"rendered":"https:\/\/www.europesays.com\/fr\/250850\/"},"modified":"2025-07-15T05:18:16","modified_gmt":"2025-07-15T05:18:16","slug":"saint-etienne-quand-la-loi-rist-transforme-linterim-medical","status":"publish","type":"post","link":"https:\/\/www.europesays.com\/fr\/250850\/","title":{"rendered":"SAINT-\u00c9TIENNE : QUAND LA LOI RIST TRANSFORME L&rsquo;INT\u00c9RIM M\u00c9DICAL"},"content":{"rendered":"<p>                <a href=\"https:\/\/cadenceradio.fr\" target=\"_blank\" aria-label=\"Banni\u00e8re Cadence 2025\" rel=\"nofollow noopener\"><img loading=\"lazy\" decoding=\"async\" src=\"https:\/\/www.europesays.com\/fr\/wp-content\/uploads\/2025\/07\/Banniere-Cadence-2025-scaled.jpg\" alt=\"\"   width=\"2560\" height=\"738\"\/><\/a><\/p>\n<p>Entre adaptation forc\u00e9e et innovation organisationnelle, les \u00e9tablissements de sant\u00e9 ont d\u00fb repenser leurs strat\u00e9gies de recrutement. La loi Rist, entr\u00e9e en vigueur le 3 avril 2023, a boulevers\u00e9 les pratiques en mati\u00e8re d\u2019int\u00e9rim m\u00e9dical. Cette r\u00e9glementation impose un encadrement strict des r\u00e9mun\u00e9rations vers\u00e9es aux praticiens temporaires, mettant fin \u00e0 une \u00e9poque o\u00f9 les tarifs pouvaient s\u2019envoler selon les besoins urgents des services.<\/p>\n<p>Les \u00e9tablissements de sant\u00e9 de la Loire, \u00e0 l\u2019image du CHU de Saint-\u00c9tienne, ont d\u00fb rapidement s\u2019adapter \u00e0 ces nouvelles contraintes l\u00e9gales. Cette transition s\u2019est accompagn\u00e9e d\u2019une transformation compl\u00e8te de leur approche du recrutement temporaire.<\/p>\n<p>Une agence locale en pleine expansion<\/p>\n<p>Parall\u00e8lement \u00e0 ces \u00e9volutions r\u00e9glementaires, de nouveaux acteurs \u00e9mergent sur le march\u00e9 local. Vitalis M\u00e9dical, implant\u00e9e \u00e0 Saint-Chamond depuis novembre dernier, illustre cette dynamique. L\u2019agence revendique d\u00e9j\u00e0 pr\u00e8s de 990 professionnels dans ses fichiers, couvrant l\u2019ensemble des m\u00e9tiers de la sant\u00e9.<\/p>\n<p>Chaque candidature fait l\u2019objet de v\u00e9rifications documentaires approfondies, d\u2019entretiens personnalis\u00e9s et de trois contr\u00f4les de r\u00e9f\u00e9rences. Cette approche m\u00e9thodique, bien que chronophage, garantit la qualit\u00e9 des prestations propos\u00e9es aux \u00e9tablissements clients.<\/p>\n<p>Le Centre Hospitalier Universitaire de Saint-\u00c9tienne offre un exemple saisissant de cette transformation. Conrad Breuer, directeur des affaires m\u00e9dicales du CHU et du Groupement hospitalier de territoire (GHT) de la Loire, reconna\u00eet que des exc\u00e8s financiers ont pu survenir par le pass\u00e9, sans toutefois atteindre les montants extravagants parfois \u00e9voqu\u00e9s dans les m\u00e9dias.<\/p>\n<p>Une diminution drastique du recours \u00e0 l\u2019int\u00e9rim<\/p>\n<p>Les chiffres t\u00e9moignent de l\u2019ampleur de la transformation : le CHU est pass\u00e9 de 2 000 journ\u00e9es d\u2019int\u00e9rim avant la loi \u00e0 1 000 en 2023, puis seulement 700 en 2024. Cette baisse de 65% illustre l\u2019efficacit\u00e9 de la nouvelle r\u00e9glementation.<\/p>\n<p>Le GHT de la Loire a connu une \u00e9volution similaire. Alors qu\u2019en 2022, une moyenne de 35 m\u00e9decins int\u00e9rimaires travaillaient en permanence dans les services d\u2019anesth\u00e9sie-r\u00e9animation, d\u2019urgences et de psychiatrie, cette main-d\u2019\u0153uvre temporaire s\u2019est consid\u00e9rablement rar\u00e9fi\u00e9e.<\/p>\n<p>Face \u00e0 cette p\u00e9nurie d\u2019int\u00e9rimaires, les responsables hospitaliers ont fait preuve d\u2019innovation. Le GHT a d\u00e9velopp\u00e9 un syst\u00e8me de \u00ab\u00a0bourse de remplacements\u00a0\u00bb permettant aux m\u00e9decins du groupement d\u2019effectuer des heures suppl\u00e9mentaires dans les autres \u00e9tablissements publics en difficult\u00e9.<\/p>\n<p>Cette mutualisation des ressources humaines, centralis\u00e9e par le CHU qui g\u00e8re tous les contrats, fonctionne particuli\u00e8rement bien en gyn\u00e9cologie et aux urgences. Conrad Breuer souligne qu\u2019aucune catastrophe n\u2019est survenue, aucun bloc op\u00e9ratoire n\u2019a d\u00fb fermer malgr\u00e9 les tensions initiales.<\/p>\n<p>Contrairement aux craintes exprim\u00e9es, la p\u00e9riode estivale 2025 se d\u00e9roule sans recrutement massif d\u2019int\u00e9rimaires au CHU. Cette situation s\u2019explique en partie par le ralentissement habituel de l\u2019activit\u00e9 des blocs op\u00e9ratoires pendant les cong\u00e9s d\u2019\u00e9t\u00e9.<\/p>\n","protected":false},"excerpt":{"rendered":"Entre adaptation forc\u00e9e et innovation organisationnelle, les \u00e9tablissements de sant\u00e9 ont d\u00fb repenser leurs strat\u00e9gies de recrutement. La&hellip;\n","protected":false},"author":2,"featured_media":250851,"comment_status":"","ping_status":"","sticky":false,"template":"","format":"standard","meta":{"footnotes":""},"categories":[9653],"tags":[1111,11,2430,33,1777,674,1011,27,3367,12,25,4001,71],"class_list":{"0":"post-250850","1":"post","2":"type-post","3":"status-publish","4":"format-standard","5":"has-post-thumbnail","7":"category-saint-etienne","8":"tag-actu","9":"tag-actualites","10":"tag-auvergne-rhone-alpes","11":"tag-economie","12":"tag-eu","13":"tag-europe","14":"tag-fr","15":"tag-france","16":"tag-loire","17":"tag-news","18":"tag-republique-francaise","19":"tag-saint-etienne","20":"tag-sante"},"share_on_mastodon":{"url":"https:\/\/pubeurope.com\/@fr\/114855562687879430","error":""},"_links":{"self":[{"href":"https:\/\/www.europesays.com\/fr\/wp-json\/wp\/v2\/posts\/250850","targetHints":{"allow":["GET"]}}],"collection":[{"href":"https:\/\/www.europesays.com\/fr\/wp-json\/wp\/v2\/posts"}],"about":[{"href":"https:\/\/www.europesays.com\/fr\/wp-json\/wp\/v2\/types\/post"}],"author":[{"embeddable":true,"href":"https:\/\/www.europesays.com\/fr\/wp-json\/wp\/v2\/users\/2"}],"replies":[{"embeddable":true,"href":"https:\/\/www.europesays.com\/fr\/wp-json\/wp\/v2\/comments?post=250850"}],"version-history":[{"count":0,"href":"https:\/\/www.europesays.com\/fr\/wp-json\/wp\/v2\/posts\/250850\/revisions"}],"wp:featuredmedia":[{"embeddable":true,"href":"https:\/\/www.europesays.com\/fr\/wp-json\/wp\/v2\/media\/250851"}],"wp:attachment":[{"href":"https:\/\/www.europesays.com\/fr\/wp-json\/wp\/v2\/media?parent=250850"}],"wp:term":[{"taxonomy":"category","embeddable":true,"href":"https:\/\/www.europesays.com\/fr\/wp-json\/wp\/v2\/categories?post=250850"},{"taxonomy":"post_tag","embeddable":true,"href":"https:\/\/www.europesays.com\/fr\/wp-json\/wp\/v2\/tags?post=250850"}],"curies":[{"name":"wp","href":"https:\/\/api.w.org\/{rel}","templated":true}]}}