{"id":250859,"date":"2025-07-15T05:30:25","date_gmt":"2025-07-15T05:30:25","guid":{"rendered":"https:\/\/www.europesays.com\/fr\/250859\/"},"modified":"2025-07-15T05:30:25","modified_gmt":"2025-07-15T05:30:25","slug":"la-piste-criminelle-se-precise-apres-des-analyses","status":"publish","type":"post","link":"https:\/\/www.europesays.com\/fr\/250859\/","title":{"rendered":"la piste criminelle se pr\u00e9cise apr\u00e8s des analyses"},"content":{"rendered":"<p itemprop=\"description\"><strong>Les enqu\u00eateurs s\u2019approchent de la piste criminelle, cinq jours apr\u00e8s l\u2019incendie d\u2019un immeuble du quartier Hoche \u00e0 Grenoble.<\/strong><\/p>\n<p>Un incendie s\u2019\u00e9tait d\u00e9clar\u00e9 dans un immeuble du quartier Hoche \u00e0 Grenoble ce samedi 5 juillet.<\/p>\n<p>Quelques jours apr\u00e8s, la piste criminelle se pr\u00e9cise selon le parquet grenoblois. Le feu est parti d\u2019un appartement du rez-de-chauss\u00e9e dans lequel habitait un rabbin officiant dans une synagogue grenobloise. Des analyses ont \u00e9t\u00e9 men\u00e9es pour comprendre les circonstances de l\u2019incendie. Des traces d\u2019acc\u00e9l\u00e9rant, qui ont pu servir \u00e0 alimenter le feu dans l\u2019immeuble ont \u00e9t\u00e9 d\u00e9couvertes.<\/p>\n<p>Si aucune revendication, menace ou acte d\u2019intimidation ant\u00e9rieure n\u2019ont \u00e9t\u00e9 retrouv\u00e9s, les enqu\u00eateurs ne privil\u00e9gient pas la th\u00e8se d\u2019un acte antis\u00e9mite. Le rabbin qui logeait dans l\u2019immeuble a assur\u00e9 aux policiers n\u2019avoir jamais eu de probl\u00e8me jusqu\u2019\u00e0 pr\u00e9sent. Celui a d\u00e9cid\u00e9 de porter plainte apr\u00e8s la destruction de son appartement.<\/p>\n<p><strong>Des bless\u00e9s et des dizaines d\u2019\u00e9vacu\u00e9es<\/strong><\/p>\n<p>L\u2019incendie avait fait 11 bless\u00e9s doit huit pompiers et trois policiers municipaux. Tous sont sortis de l\u2019h\u00f4pital ce week-end. Les pompiers ont \u00e9t\u00e9 bless\u00e9s par le souffle d\u2019explosions de gaz pr\u00e9sentes dans les appartements. Tandis que les policiers municipaux avaient inhal\u00e9 de la fum\u00e9e.<\/p>\n","protected":false},"excerpt":{"rendered":"Les enqu\u00eateurs s\u2019approchent de la piste criminelle, cinq jours apr\u00e8s l\u2019incendie d\u2019un immeuble du quartier Hoche \u00e0 Grenoble.&hellip;\n","protected":false},"author":2,"featured_media":250860,"comment_status":"","ping_status":"","sticky":false,"template":"","format":"standard","meta":{"footnotes":""},"categories":[9566],"tags":[1111,11,7733,8279,2430,7736,650,7734,2889,2263,1777,674,1011,27,2731,8280,6417,1114,108,4662,12,3725,1825,25,7737],"class_list":{"0":"post-250859","1":"post","2":"type-post","3":"status-publish","4":"format-standard","5":"has-post-thumbnail","7":"category-grenoble","8":"tag-actu","9":"tag-actualites","10":"tag-alpes","11":"tag-alpes1","12":"tag-auvergne-rhone-alpes","13":"tag-cds","14":"tag-cinema","15":"tag-ecoute","16":"tag-emission","17":"tag-equipe","18":"tag-eu","19":"tag-europe","20":"tag-fr","21":"tag-france","22":"tag-grenoble","23":"tag-haute","24":"tag-information","25":"tag-infos","26":"tag-isere","27":"tag-journal","28":"tag-news","29":"tag-podcast","30":"tag-radio","31":"tag-republique-francaise","32":"tag-winamp"},"share_on_mastodon":{"url":"https:\/\/pubeurope.com\/@fr\/114855609780344822","error":""},"_links":{"self":[{"href":"https:\/\/www.europesays.com\/fr\/wp-json\/wp\/v2\/posts\/250859","targetHints":{"allow":["GET"]}}],"collection":[{"href":"https:\/\/www.europesays.com\/fr\/wp-json\/wp\/v2\/posts"}],"about":[{"href":"https:\/\/www.europesays.com\/fr\/wp-json\/wp\/v2\/types\/post"}],"author":[{"embeddable":true,"href":"https:\/\/www.europesays.com\/fr\/wp-json\/wp\/v2\/users\/2"}],"replies":[{"embeddable":true,"href":"https:\/\/www.europesays.com\/fr\/wp-json\/wp\/v2\/comments?post=250859"}],"version-history":[{"count":0,"href":"https:\/\/www.europesays.com\/fr\/wp-json\/wp\/v2\/posts\/250859\/revisions"}],"wp:featuredmedia":[{"embeddable":true,"href":"https:\/\/www.europesays.com\/fr\/wp-json\/wp\/v2\/media\/250860"}],"wp:attachment":[{"href":"https:\/\/www.europesays.com\/fr\/wp-json\/wp\/v2\/media?parent=250859"}],"wp:term":[{"taxonomy":"category","embeddable":true,"href":"https:\/\/www.europesays.com\/fr\/wp-json\/wp\/v2\/categories?post=250859"},{"taxonomy":"post_tag","embeddable":true,"href":"https:\/\/www.europesays.com\/fr\/wp-json\/wp\/v2\/tags?post=250859"}],"curies":[{"name":"wp","href":"https:\/\/api.w.org\/{rel}","templated":true}]}}