{"id":250868,"date":"2025-07-15T05:38:11","date_gmt":"2025-07-15T05:38:11","guid":{"rendered":"https:\/\/www.europesays.com\/fr\/250868\/"},"modified":"2025-07-15T05:38:11","modified_gmt":"2025-07-15T05:38:11","slug":"elton-john-combien-coute-son-luxueux-manoir-de-nice-ou-il-passe-regulierement-ses-vacances","status":"publish","type":"post","link":"https:\/\/www.europesays.com\/fr\/250868\/","title":{"rendered":"Elton John : combien co\u00fbte son luxueux manoir de Nice o\u00f9 il passe r\u00e9guli\u00e8rement ses vacances ?"},"content":{"rendered":"<p>Imaginez une maison aux volets entrouverts, inond\u00e9e de lumi\u00e8re,<br \/>\no\u00f9 les murs respirent la musique, l\u2019art et la dolce vita.<br \/>\n<strong>C\u2019est l\u00e0, entre les collines verdoyantes de Nice,<br \/>\nque<\/strong> <a href=\"https:\/\/www.closermag.fr\/people\/elton-john-quel-est-le-montant-de-sa-fortune-1589313\" target=\"_blank\" rel=\"noopener\"><br \/>\nSir Elton John<\/a> <strong>aime poser ses valises<\/strong>. Depuis<br \/>\nplus de trente ans, c\u2019est ici qu\u2019il recharge ses batteries, en<br \/>\nfamille, \u00e0 l\u2019abri des regards. Une bulle de douceur, loin des<br \/>\ntourn\u00e9es mondiales.<\/p>\n<p>Ce lieu, c\u2019est le \u00ab\u00a0Yellow Palace\u00a0\u00bb, une villa des ann\u00e9es 1920 qui<br \/>\nsemble sortie d\u2019un r\u00eave, comme l&rsquo;explique <a href=\"https:\/\/www.pretto.fr\/bien-immobilier\/acheter-residence-secondaire\/combien-coute-les-maisons-de-vacances-des-stars\/\" rel=\"nofollow noopener\" target=\"_blank\">Pretto<\/a>. Avec ses balcons fleuris, ses<br \/>\npi\u00e8ces baign\u00e9es de soleil et sa vue vertigineuse sur la<br \/>\nM\u00e9diterran\u00e9e, elle incarne tout ce que l\u2019on imagine d\u2019un \u00e9t\u00e9 chic<br \/>\nsur la Riviera fran\u00e7aise. Mais ce manoir est bien plus qu\u2019une<br \/>\nsimple r\u00e9sidence : <strong>c\u2019est un cocon, une galerie d\u2019art<br \/>\nvivante<\/strong>, une maison o\u00f9 l\u2019on vit et o\u00f9 l\u2019on re\u00e7oit.<\/p>\n<p>Une villa pleine de caract\u00e8re, comme lui<\/p>\n<p>Quand Elton John l\u2019ach\u00e8te en 1990, la maison ne paie pas encore<br \/>\nde mine. Ancien repaire d\u2019artistes, elle avait besoin d\u2019une \u00e2me<br \/>\nnouvelle. <strong>Il la confie alors aux mains expertes des<br \/>\narchitectes Fred Dilger et Monique Gibson<\/strong>. R\u00e9sultat : des<br \/>\n\u0153uvres d\u2019Andy Warhol et Roy Lichtenstein sur les murs, un int\u00e9rieur<br \/>\n\u00e0 la fois flamboyant et intime, et une fa\u00e7ade devenue jaune solaire<br \/>\n\u2013 clin d\u2019\u0153il \u00e0 la personnalit\u00e9 excentrique de l\u2019artiste.<\/p>\n<p>Derri\u00e8re les volets, c\u2019est une atmosph\u00e8re feutr\u00e9e, familiale,<br \/>\n\u00e9l\u00e9gante. Le chanteur y vit des moments simples, entre<br \/>\npetits-d\u00e9jeuners sur la terrasse, vir\u00e9es au march\u00e9 local et<br \/>\n<strong>d\u00eeners improvis\u00e9s avec des amis de passage<\/strong>. Et pas<br \/>\nn\u2019importe lesquels : <a href=\"https:\/\/www.closermag.fr\/people\/guerre-chez-les-beckham-brooklyn-tend-la-main-a-sa-famille-pour-la-premiere-fois-depuis-des-mois-3559022\" target=\"_blank\" rel=\"noopener\"><br \/>\nles Beckham<\/a>, Catherine Zeta-Jones, Liz Hurley ou encore le<br \/>\ncouple princier Harry et Meghan y ont tous s\u00e9journ\u00e9 au moins une<br \/>\nfois.<\/p>\n<p>Un bijou ni\u00e7ois\u2026 au prix qui va<br \/>\navec<\/p>\n<p>Alors forc\u00e9ment, un tel joyau a un prix. Le Castel Mont-Alban<br \/>\nest aujourd\u2019hui estim\u00e9 <strong>\u00e0 pr\u00e8s de 17 millions<br \/>\nd\u2019euros<\/strong>. Et si vous vous demandez ce que \u00e7a<br \/>\nrepr\u00e9senterait, imaginez : environ 99 000 euros par mois pendant 25<br \/>\nans. Et encore, sans compter l\u2019apport. Autant dire que ce r\u00eave<br \/>\nm\u00e9diterran\u00e9en est r\u00e9serv\u00e9 \u00e0 ceux qui peuvent se le permettre.<\/p>\n<p>Mais pour <a href=\"https:\/\/www.closermag.fr\/people\/elton-john-revele-avoir-eu-un-cancer-de-la-prostate-1033161\" target=\"_blank\" rel=\"noopener\"><br \/>\nElton John<\/a>, ce n\u2019est pas qu\u2019un investissement. C\u2019est une<br \/>\nhistoire d\u2019amour avec la r\u00e9gion, un lien sinc\u00e8re avec la lumi\u00e8re,<br \/>\nla mer, et cette maison qui l\u2019a vu vieillir, \u00e9voluer, aimer.<br \/>\n<strong>Une maison pas comme les autres, \u00e0 l\u2019image de son illustre<br \/>\npropri\u00e9taire<\/strong>.<\/p>\n","protected":false},"excerpt":{"rendered":"Imaginez une maison aux volets entrouverts, inond\u00e9e de lumi\u00e8re, o\u00f9 les murs respirent la musique, l\u2019art et la&hellip;\n","protected":false},"author":2,"featured_media":250869,"comment_status":"","ping_status":"","sticky":false,"template":"","format":"standard","meta":{"footnotes":""},"categories":[2819],"tags":[1111,11,548,3509,1777,674,1011,27,8414,12,2401,882,25],"class_list":{"0":"post-250868","1":"post","2":"type-post","3":"status-publish","4":"format-standard","5":"has-post-thumbnail","7":"category-nice","8":"tag-actu","9":"tag-actualites","10":"tag-article-simple","11":"tag-elton-john","12":"tag-eu","13":"tag-europe","14":"tag-fr","15":"tag-france","16":"tag-maisons-de-stars","17":"tag-news","18":"tag-nice","19":"tag-provence-alpes-cote-dazur","20":"tag-republique-francaise"},"share_on_mastodon":{"url":"https:\/\/pubeurope.com\/@fr\/114855641280451035","error":""},"_links":{"self":[{"href":"https:\/\/www.europesays.com\/fr\/wp-json\/wp\/v2\/posts\/250868","targetHints":{"allow":["GET"]}}],"collection":[{"href":"https:\/\/www.europesays.com\/fr\/wp-json\/wp\/v2\/posts"}],"about":[{"href":"https:\/\/www.europesays.com\/fr\/wp-json\/wp\/v2\/types\/post"}],"author":[{"embeddable":true,"href":"https:\/\/www.europesays.com\/fr\/wp-json\/wp\/v2\/users\/2"}],"replies":[{"embeddable":true,"href":"https:\/\/www.europesays.com\/fr\/wp-json\/wp\/v2\/comments?post=250868"}],"version-history":[{"count":0,"href":"https:\/\/www.europesays.com\/fr\/wp-json\/wp\/v2\/posts\/250868\/revisions"}],"wp:featuredmedia":[{"embeddable":true,"href":"https:\/\/www.europesays.com\/fr\/wp-json\/wp\/v2\/media\/250869"}],"wp:attachment":[{"href":"https:\/\/www.europesays.com\/fr\/wp-json\/wp\/v2\/media?parent=250868"}],"wp:term":[{"taxonomy":"category","embeddable":true,"href":"https:\/\/www.europesays.com\/fr\/wp-json\/wp\/v2\/categories?post=250868"},{"taxonomy":"post_tag","embeddable":true,"href":"https:\/\/www.europesays.com\/fr\/wp-json\/wp\/v2\/tags?post=250868"}],"curies":[{"name":"wp","href":"https:\/\/api.w.org\/{rel}","templated":true}]}}