{"id":250872,"date":"2025-07-15T05:40:17","date_gmt":"2025-07-15T05:40:17","guid":{"rendered":"https:\/\/www.europesays.com\/fr\/250872\/"},"modified":"2025-07-15T05:40:17","modified_gmt":"2025-07-15T05:40:17","slug":"harcelement-racisme-couverture-dun-viol-a-nantes-de-graves-accusations-secouent-la-france-insoumise","status":"publish","type":"post","link":"https:\/\/www.europesays.com\/fr\/250872\/","title":{"rendered":"Harc\u00e8lement, racisme, couverture d\u2019un viol&#8230; \u00c0 Nantes, de graves accusations secouent La France insoumise"},"content":{"rendered":"<p>La co-cheffe de file des Insoumis nantais fait l\u2019objet depuis le d\u00e9but de l\u2019\u00e9t\u00e9 d\u2019une litanie d\u2019accusations. Une \u00abtentative de d\u00e9stabilisation\u00bb avant les municipales, d\u00e9plore la mise en cause.<\/p>\n<p class=\"fig-paragraph\">Apr\u00e8s un lancement de campagne tout sourire en mars dernier, l\u2019heure n\u2019est plus \u00e0 la f\u00eate chez les insoumis nantais. S\u2019ils sont pass\u00e9s outre<a href=\"http:\/\/www.lefigaro.fr\/politique\/le-stigmate-me-restera-a-la-peau-pris-en-flagrant-delit-d-achat-de-drogue-le-depute-lfi-andy-kerbrat-fait-son-retour-a-l-assemblee-20250711\" target=\"_blank\" data-fig-type=\"NewsFlash\" rel=\"noopener nofollow\" data-gtm-custom-categorie=\"navigation\" data-gtm-custom-action=\"crossclick\" data-gtm-custom-label=\"Contextuel\" data-gtm-event=\"customEventSPE\" data-fig-domain=\"LEFIGARO\">\u00a0l\u2019affaire Andy Kerbrat<\/a>, puis surmont\u00e9\u00a0<a href=\"http:\/\/www.lefigaro.fr\/nantes\/viols-avec-torture-d-une-fillette-handicapee-a-nantes-le-suspect-est-un-ancien-candidat-lfi-20241002\" target=\"_blank\" data-fig-type=\"NewsFlash\" rel=\"noopener nofollow\" data-gtm-custom-categorie=\"navigation\" data-gtm-custom-action=\"crossclick\" data-gtm-custom-label=\"Contextuel\" data-gtm-event=\"customEventSPE\" data-fig-domain=\"LEFIGARO\">l\u2019affaire Cottineau<\/a>, voici le parti local secou\u00e9 par une nouvelle crise. L\u2019information a \u00e9t\u00e9 r\u00e9v\u00e9l\u00e9e par\u00a0<a href=\"https:\/\/www.ouest-france.fr\/elections\/municipales\/info-ouest-france-la-cheffe-de-file-des-insoumis-pour-les-municipales-a-nantes-tres-fragilisee-b808e074-51c9-11f0-9d8f-210ccc004fd7\" target=\"_blank\" rel=\"noopener nofollow\" data-gtm-custom-categorie=\"navigation\" data-gtm-custom-action=\"crossclick\" data-gtm-custom-label=\"Contextuel\" data-gtm-event=\"customEventSPE\">Ouest France<\/a> . Cette fois, la personne vis\u00e9e est l\u2019une des deux chefs de file\u00a0<a href=\"http:\/\/www.lefigaro.fr\/nantes\/municipales-2026-a-nantes-les-insoumis-designent-deux-chefs-de-file-pour-faire-mieux-que-le-ps-20250319\" target=\"_blank\" data-fig-type=\"NewsFlash\" rel=\"noopener nofollow\" data-gtm-custom-categorie=\"navigation\" data-gtm-custom-action=\"crossclick\" data-gtm-custom-label=\"Contextuel\" data-gtm-event=\"customEventSPE\" data-fig-domain=\"LEFIGARO\">intronis\u00e9es trois mois plus t\u00f4t<\/a>, Marina Ferreruela, en position \u00e9jectable apr\u00e8s la\u00a0<a href=\"https:\/\/blogs.mediapart.fr\/breakgurl\/blog\/160625\/de-militante-victime-quand-la-culture-du-viol-gangrene-la-gauche\" target=\"_blank\" rel=\"noopener nofollow\" data-gtm-custom-categorie=\"navigation\" data-gtm-custom-action=\"crossclick\" data-gtm-custom-label=\"Contextuel\" data-gtm-event=\"customEventSPE\">parution d\u2019une note de blog<\/a>\u00a0anonyme, sortie le 16 juin sur Le Club de Mediapart, et intitul\u00e9e \u00abDe militante \u00e0 victime\u00a0: quand la culture du viol gangr\u00e8ne la gauche\u00bb.<\/p>\n<p class=\"fig-paragraph\">La militante \u00e0 l\u2019origine du texte explique dans son billet avoir subi un viol en avril 2024 par, et accuse, sans la nommer, une \u00abcadre tr\u00e8s influente du mouvement local\u00bb d\u2019une \u00aborganisation politique de gauche en Loire-Atlantique\u00bb de s\u2019\u00eatre rang\u00e9e du c\u00f4t\u00e9 de l\u2019agresseur pr\u00e9sum\u00e9 et de ne pas l\u2019avoir crue. Des all\u00e9gations r\u00e9fut\u00e9es par Marina Ferreruela, qui assurait le 26 juin au Figaro, n\u2019avoir \u00e9t\u00e9 alert\u00e9e que le 7 septembre dernier \u00abd\u2019un probl\u00e8me qui relevait de violences sexistes et sexuelles\u00bb. \u00abJ\u2019ai tout de suite invit\u00e9 la victime \u00e0 saisir les instances comp\u00e9tentes, \u00e0 savoir le comit\u00e9 de suivi contre les violences sexistes et sexuelles\u00bb de La France insoumise, indiquait-elle. Selon nos informations, la militante en chef a \u00e9galement co-sign\u00e9 un mail d\u00e8s le 15 septembre pour saisir ce comit\u00e9. \u00abConnaissant tr\u00e8s bien l\u2019un et l\u2019autre, nous pr\u00e9f\u00e9rons rester en retrait de toute d\u00e9cision\u00bb, est-il mentionn\u00e9 dans ce mail marqu\u00e9 \u00abURGENT\u00bb, selon l\u2019intitul\u00e9 de l\u2019objet qu\u2019a pu consulter Le Figaro.<\/p>\n<p>                                    <a class=\"fig-a11y-skip a11y-hidden\" href=\"#fig-a11y-skip-main-inarticle\"><br \/>\n        Passer la publicit\u00e9<br \/>\n    <\/a><\/p>\n<p>Les \u00e9cologistes demandent une clarification<\/p>\n<p class=\"fig-paragraph\">\u00abIl est faux de m\u2019accuser de ne pas avoir cru la victime ou de prot\u00e9ger l\u2019agresseur, puisque j\u2019ai moi-m\u00eame demand\u00e9 en urgence la suspension de ce militant\u00bb, se d\u00e9fendait encore Marina Ferreruela, en d\u00e9non\u00e7ant une mani\u00e8re de faire \u00abplus politique que f\u00e9ministe, qui ne profite qu\u2019\u00e0 nos adversaires\u00bb. Pour l\u2019Insoumise, le calendrier de ces r\u00e9v\u00e9lations, d\u00e9voil\u00e9es \u00e0 l\u2019aube d\u2019une s\u00e9quence \u00e9lectorale et en pleine p\u00e9riode de discussions entre les diff\u00e9rentes forces de gauche \u00e0 Nantes, rel\u00e8ve d\u2019un \u00abagenda \u00e9vident\u00bb, d\u2019\u00abune tentative de d\u00e9stabilisation de la campagne\u00bb des municipales \u00e0 venir. Soit un coup bas, foment\u00e9 par une poign\u00e9e de militants, sugg\u00e8re-t-elle.<\/p>\n<p class=\"fig-body-link\">\n            \u00c0 lire aussi<br \/>\n        <a class=\"fig-body-link__link\" href=\"http:\/\/www.lefigaro.fr\/elections\/municipales\/j-espere-que-les-lr-vont-pouvoir-trancher-rapidement-a-nantes-deux-candidats-de-droite-toujours-en-lice-pour-les-municipales-20250710\" target=\"_blank\" data-fig-type=\"NewsFlash\" rel=\"noopener nofollow\" data-gtm-custom-categorie=\"navigation\" data-gtm-custom-action=\"crossclick\" data-gtm-custom-label=\"Contextuel\" data-gtm-event=\"customEventSPE\" data-fig-domain=\"LEFIGARO\">\u00abJ\u2019esp\u00e8re que les LR vont pouvoir trancher rapidement\u00bb\u00a0: \u00e0 Nantes, deux candidats de droite toujours en lice pour les municipales<br \/>\n    <\/a>\n<\/p>\n<p class=\"fig-paragraph\">D\u2019autres all\u00e9gations ont en effet fus\u00e9. D\u2019apr\u00e8s nos confr\u00e8res de\u00a0<a href=\"https:\/\/www.mediacites.fr\/decryptage\/nantes\/2025\/07\/03\/municipales-crise-aigue-chez-les-insoumis-nantais-une-cheffe-de-file-sur-la-sellette\/\" target=\"_blank\" rel=\"noopener nofollow\" data-gtm-custom-categorie=\"navigation\" data-gtm-custom-action=\"crossclick\" data-gtm-custom-label=\"Contextuel\" data-gtm-event=\"customEventSPE\">M\u00e9diacit\u00e9s<\/a>, le comit\u00e9 du respect des principes &#8211; une instance nationale de La France insoumise &#8211; a \u00e9t\u00e9 saisi \u00abune dizaine de fois ces derni\u00e8res semaines\u00bb, de faits concernant Marina Ferreruela. Elle est accus\u00e9e d\u2019actes de harc\u00e8lement, d\u2019intimidation et de propos \u00e0 caract\u00e8re raciste. Un climat de crise agite donc d\u00e9sormais les coulisses de la locale nantaise du mouvement de gauche. En charge de l\u2019enqu\u00eate interne, le comit\u00e9 du respect des principes devrait clarifier la situation d\u2019ici fin juillet. En attendant, \u00e0 Nantes, un rideau de fer s\u2019est abattu sur le continent de l\u2019insoumission. \u00abLes instances nationales nous ont demand\u00e9 de ne pas communiquer \u00e0 ce stade, donc je me tiens \u00e0 cette consigne\u00bb, \u00e9crit laconiquement l\u2019int\u00e9ress\u00e9e le 9 juillet au Figaro.<\/p>\n<blockquote class=\"fig-quote&#10;    \">\n<p class=\"fig-quote__text\">Ils sont tr\u00e8s vite mont\u00e9s dans les tours, \u00e7a a cri\u00e9. Une personne s\u2019est m\u00eame lev\u00e9e pour s\u2019emparer d\u2019une chaise<\/p>\n<p>            Laura*, militante insoumise\n    <\/p><\/blockquote>\n<p class=\"fig-paragraph\">En interne, la situation demeure \u00e9touffante. Une r\u00e9union organis\u00e9e \u00e0 Nantes, le samedi 5 juillet, a failli d\u00e9g\u00e9n\u00e9rer. Trois militants antiracistes ont perturb\u00e9 cette rencontre cens\u00e9e faire le bilan de la pr\u00e9-campagne des municipales, avant la c\u00e9sure estivale. \u00abLeur intervention portait sur les all\u00e9gations de racisme. Ils sont tr\u00e8s vite mont\u00e9s dans les tours, \u00e7a a cri\u00e9. Une personne s\u2019est m\u00eame lev\u00e9e pour s\u2019emparer d\u2019une chaise\u00bb, t\u00e9moigne Laura*, une insoumise qui a assist\u00e9 \u00e0 la sc\u00e8ne. \u00abLes camarades ne comprennent pas ce qu\u2019il se passe. Il y a une culture du secret, du non-dit\u00bb, ajoute-t-elle, tout ne pr\u00e9cisant que les accusations de racisme ne semblent provenir que d\u2019une poign\u00e9e de militants \u00abimbus d\u2019eux-m\u00eames\u00bb.<\/p>\n<p class=\"fig-paragraph\">Contact\u00e9, l\u2019\u00e9tat-major de La France insoumise n\u2019a pas r\u00e9pondu \u00e0 nos sollicitations. Une d\u00e9l\u00e9gation nationale aurait fait le d\u00e9placement dans la cit\u00e9 des ducs, cette semaine, pour faire le point avec les caciques locaux. Entre-temps, la temp\u00eate a sem\u00e9 le doute au sein des autres \u00e9quipages de la gauche nantaise. Cheffe de file des \u00e9cologistes,\u00a0<a href=\"http:\/\/www.lefigaro.fr\/nantes\/nantes-marie-vitoux-l-ecolo-radicale-qui-veut-rassembler-la-gauche-en-vue-des-prochaines-municipales-20240929\" target=\"_blank\" data-fig-type=\"NewsFlash\" rel=\"noopener nofollow\" data-gtm-custom-categorie=\"navigation\" data-gtm-custom-action=\"crossclick\" data-gtm-custom-label=\"Contextuel\" data-gtm-event=\"customEventSPE\" data-fig-domain=\"LEFIGARO\">Marie Vitoux<\/a>\u00a0indique avoir suspendu les discussions avec le mouvement, le temps que la situation soit clarifi\u00e9e. \u00abSi les faits devaient \u00eatre confirm\u00e9s, ils seraient extr\u00eamement graves et inacceptables. Nous attendons de La France insoumise qu\u2019ils aient une gestion interne \u00e0 la hauteur des enjeux, qu\u2019ils sanctionnent les personnes responsables et qu\u2019ils d\u00e9signent leurs nouveaux interlocuteurs\u00bb. La direction nantaise des Insoumis n\u2019a pas souhait\u00e9 faire de commentaire. L\u2019\u00e9t\u00e9 s\u2019annonce br\u00fblant.<\/p>\n<p class=\"fig-paragraph\">*Le pr\u00e9nom a \u00e9t\u00e9 modifi\u00e9<\/p>\n","protected":false},"excerpt":{"rendered":"La co-cheffe de file des Insoumis nantais fait l\u2019objet depuis le d\u00e9but de l\u2019\u00e9t\u00e9 d\u2019une litanie d\u2019accusations. Une&hellip;\n","protected":false},"author":2,"featured_media":250873,"comment_status":"","ping_status":"","sticky":false,"template":"","format":"standard","meta":{"footnotes":""},"categories":[2818],"tags":[1111,11,1777,674,1011,27,2383,780,766,12,2636,25],"class_list":{"0":"post-250872","1":"post","2":"type-post","3":"status-publish","4":"format-standard","5":"has-post-thumbnail","7":"category-nantes","8":"tag-actu","9":"tag-actualites","10":"tag-eu","11":"tag-europe","12":"tag-fr","13":"tag-france","14":"tag-gauche","15":"tag-lfi","16":"tag-nantes","17":"tag-news","18":"tag-pays-de-la-loire","19":"tag-republique-francaise"},"share_on_mastodon":{"url":"https:\/\/pubeurope.com\/@fr\/114855649215825761","error":""},"_links":{"self":[{"href":"https:\/\/www.europesays.com\/fr\/wp-json\/wp\/v2\/posts\/250872","targetHints":{"allow":["GET"]}}],"collection":[{"href":"https:\/\/www.europesays.com\/fr\/wp-json\/wp\/v2\/posts"}],"about":[{"href":"https:\/\/www.europesays.com\/fr\/wp-json\/wp\/v2\/types\/post"}],"author":[{"embeddable":true,"href":"https:\/\/www.europesays.com\/fr\/wp-json\/wp\/v2\/users\/2"}],"replies":[{"embeddable":true,"href":"https:\/\/www.europesays.com\/fr\/wp-json\/wp\/v2\/comments?post=250872"}],"version-history":[{"count":0,"href":"https:\/\/www.europesays.com\/fr\/wp-json\/wp\/v2\/posts\/250872\/revisions"}],"wp:featuredmedia":[{"embeddable":true,"href":"https:\/\/www.europesays.com\/fr\/wp-json\/wp\/v2\/media\/250873"}],"wp:attachment":[{"href":"https:\/\/www.europesays.com\/fr\/wp-json\/wp\/v2\/media?parent=250872"}],"wp:term":[{"taxonomy":"category","embeddable":true,"href":"https:\/\/www.europesays.com\/fr\/wp-json\/wp\/v2\/categories?post=250872"},{"taxonomy":"post_tag","embeddable":true,"href":"https:\/\/www.europesays.com\/fr\/wp-json\/wp\/v2\/tags?post=250872"}],"curies":[{"name":"wp","href":"https:\/\/api.w.org\/{rel}","templated":true}]}}