{"id":250887,"date":"2025-07-15T05:50:12","date_gmt":"2025-07-15T05:50:12","guid":{"rendered":"https:\/\/www.europesays.com\/fr\/250887\/"},"modified":"2025-07-15T05:50:12","modified_gmt":"2025-07-15T05:50:12","slug":"ce-tresor-meconnu-du-rhone-eclipse-par-lyon-seduit-par-son-charme-dun-autre-temps","status":"publish","type":"post","link":"https:\/\/www.europesays.com\/fr\/250887\/","title":{"rendered":"Ce tr\u00e9sor m\u00e9connu du Rh\u00f4ne, \u00e9clips\u00e9 par Lyon, s\u00e9duit par son charme d\u2019un autre temps"},"content":{"rendered":"<p><strong>\u00c0 seulement quelques kilom\u00e8tres de Lyon, j\u2019ai d\u00e9couvert un joyau pr\u00e9serv\u00e9 qui semble fig\u00e9 dans le temps. Perch\u00e9 sur les rives de la Sa\u00f4ne, ce lieu enchanteur combine patrimoine historique remarquable et atmosph\u00e8re authentique. Loin de l\u2019agitation lyonnaise, ce tr\u00e9sor m\u00e9connu du Rh\u00f4ne offre une exp\u00e9rience unique pour les voyageurs en qu\u00eate d\u2019authenticit\u00e9. Laisse-moi te faire d\u00e9couvrir ce havre de paix qui m\u2019a totalement s\u00e9duit.<\/strong><\/p>\n<p>Une p\u00e9pite historique nich\u00e9e sur les bords de Sa\u00f4ne<\/p>\n<p>En parcourant les routes du d\u00e9partement du Rh\u00f4ne, je suis tomb\u00e9 sous le charme de ce lieu d\u2019exception. \u00c0 moins d\u2019une heure de Lyon, <a href=\"https:\/\/www.newsofmarseille.com\/joyau-meconnu-rhone-seulement-30-minutes-lyon-0078302024.html\" target=\"_blank\" rel=\"noopener\">ce joyau m\u00e9connu \u00e0 seulement 30 minutes de Lyon<\/a> m\u00e9rite vraiment le d\u00e9tour. Ses fa\u00e7ades color\u00e9es et ses ruelles pav\u00e9es racontent l\u2019histoire d\u2019un pass\u00e9 glorieux.<\/p>\n<p>Ce qui m\u2019a d\u2019abord frapp\u00e9, c\u2019est cette impression de voyage dans le temps. Les b\u00e2timents Renaissance et les h\u00f4tels particuliers t\u00e9moignent de la prosp\u00e9rit\u00e9 d\u2019antan. Je me suis surpris \u00e0 toucher les pierres s\u00e9culaires, imaginant les personnages importants qui avaient foul\u00e9 ces m\u00eames rues plusieurs si\u00e8cles auparavant.<\/p>\n<p>L\u2019ancien Parlement de Dombes constitue sans doute le monument le plus embl\u00e9matique. Ce b\u00e2timent imposant aux proportions harmonieuses servait autrefois de si\u00e8ge au tribunal. Aujourd\u2019hui, il abrite le mus\u00e9e de la ville qui retrace l\u2019histoire locale \u00e0 travers des collections passionnantes d\u2019objets et de documents.<\/p>\n<p>En fl\u00e2nant le long des quais, j\u2019ai admir\u00e9 les anciennes maisons de marchands aux fa\u00e7ades color\u00e9es qui se refl\u00e8tent dans les eaux paisibles de la Sa\u00f4ne. Ces demeures aux fen\u00eatres \u00e0 meneaux et aux escaliers \u00e0 vis t\u00e9moignent de l\u2019\u00e2ge d\u2019or commercial que cette cit\u00e9 a connu entre le XVIe et le XVIIIe si\u00e8cle.<\/p>\n<p>Une ambiance authentique pr\u00e9serv\u00e9e du tourisme de masse<\/p>\n<p>Ce qui distingue r\u00e9ellement ce tr\u00e9sor cach\u00e9, c\u2019est son atmosph\u00e8re pr\u00e9serv\u00e9e. Contrairement \u00e0 certains villages touristiques qui perdent leur \u00e2me, ici, la vie quotidienne continue \u00e0 son rythme tranquille. Les habitants m\u2019ont accueilli avec une gentillesse naturelle, fiers de me faire d\u00e9couvrir leur patrimoine.<\/p>\n<p>Je me suis attabl\u00e9 \u00e0 la terrasse d\u2019un caf\u00e9 sur la place centrale, observant les locaux vaquer \u00e0 leurs occupations. Pas de boutiques de souvenirs standardis\u00e9es ni d\u2019attractions artificielles, juste l\u2019authenticit\u00e9 d\u2019un lieu o\u00f9 le temps semble s\u2019\u00e9couler diff\u00e9remment.<\/p>\n<p>Le march\u00e9 hebdomadaire anime les ruelles du centre historique. J\u2019y ai d\u00e9couvert les produits du terroir local \u2013 fromages, charcuteries, miels et vins \u2013 propos\u00e9s par des producteurs passionn\u00e9s. Ces \u00e9changes avec les artisans m\u2019ont permis de mieux comprendre l\u2019\u00e2me de cette r\u00e9gion.<\/p>\n<p>En m\u2019\u00e9loignant l\u00e9g\u00e8rement du centre, j\u2019ai examin\u00e9 les sentiers qui serpentent \u00e0 travers les collines environnantes. Ces chemins offrent des panoramas exceptionnels sur la vall\u00e9e de la Sa\u00f4ne et les monts du Beaujolais. <a href=\"https:\/\/www.newsofmarseille.com\/serez-vous-emu-par-ce-coin-meconnu-du-rhone-qui-exsude-la-serenite-0042652024.html\" target=\"_blank\" rel=\"noopener\">Serez-vous \u00e9mu par ce coin m\u00e9connu du Rh\u00f4ne qui transpire la s\u00e9r\u00e9nit\u00e9<\/a> comme je l\u2019ai \u00e9t\u00e9? Ces paysages vari\u00e9s contribuent ind\u00e9niablement au charme singulier de l\u2019endroit.<\/p>\n<p>Un patrimoine culturel riche \u00e0 analyser<\/p>\n<p>Ce qui m\u2019a particuli\u00e8rement fascin\u00e9, c\u2019est la richesse culturelle insoup\u00e7onn\u00e9e de ce lieu. L\u2019apothicairerie historique conserve plus de 300 pots en fa\u00efence et verreries anciennes. Cette collection exceptionnelle t\u00e9moigne de l\u2019\u00e9volution de la pharmacop\u00e9e \u00e0 travers les si\u00e8cles.<\/p>\n<p>J\u2019ai aussi visit\u00e9 le ch\u00e2teau m\u00e9di\u00e9val qui domine la ville. Ses tours majestueuses offrent une vue imprenable sur les toits de tuiles et la rivi\u00e8re en contrebas. Les expositions temporaires qui y sont organis\u00e9es mettent en valeur tant l\u2019histoire locale que l\u2019art contemporain.<\/p>\n<p>Les amateurs d\u2019architecture seront combl\u00e9s par les nombreux d\u00e9tails qui ornent les b\u00e2timents: portes sculpt\u00e9es, fen\u00eatres \u00e0 meneaux, cours int\u00e9rieures cach\u00e9es. Chaque ruelle r\u00e9serve son lot de surprises et invite \u00e0 la fl\u00e2nerie contemplative.<\/p>\n<p>La biblioth\u00e8que municipale, install\u00e9e dans un ancien couvent, abrite des manuscrits rares et des ouvrages pr\u00e9cieux qui t\u00e9moignent de l\u2019importance intellectuelle qu\u2019a pu avoir cette cit\u00e9 autrefois. J\u2019y ai pass\u00e9 des heures captivantes \u00e0 visiter ces tr\u00e9sors litt\u00e9raires.<\/p>\n<p>Un art de vivre \u00e0 savourer pleinement<\/p>\n<p>L\u2019art de vivre qui r\u00e8gne dans ce havre de paix m\u2019a particuli\u00e8rement touch\u00e9. Les petits restaurants proposent une cuisine traditionnelle \u00e9labor\u00e9e avec des produits locaux. J\u2019ai d\u00e9gust\u00e9 des sp\u00e9cialit\u00e9s r\u00e9gionales comme la quenelle sauce Nantua ou le poulet aux \u00e9crevisses, accompagn\u00e9s de vins du Beaujolais tout proche.<\/p>\n<p>Les artisans d\u2019art perp\u00e9tuent des savoir-faire ancestraux. J\u2019ai pouss\u00e9 la porte d\u2019ateliers o\u00f9 souffleurs de verre, potiers et \u00e9b\u00e9nistes cr\u00e9ent des pi\u00e8ces uniques. Ces rencontres enrichissantes m\u2019ont permis d\u2019appr\u00e9cier la cr\u00e9ativit\u00e9 qui anime encore les lieux.<\/p>\n<p>Au fil des saisons, diverses manifestations culturelles rythment la vie locale: festival de musique baroque dans les cours des h\u00f4tels particuliers, expositions d\u2019art contemporain, f\u00eates traditionnelles\u2026 Ces \u00e9v\u00e9nements pr\u00e9servent l\u2019identit\u00e9 culturelle tout en l\u2019ouvrant sur le monde.<\/p>\n<p>Ce tr\u00e9sor que je te fais d\u00e9couvrir n\u2019est autre que Tr\u00e9voux, ancienne capitale de la Principaut\u00e9 de Dombes. Cette cit\u00e9 historique incarne parfaitement ce charme d\u2019un autre temps qui s\u00e9duit imm\u00e9diatement le visiteur. Loin du tumulte lyonnais, elle offre une parenth\u00e8se enchant\u00e9e o\u00f9 histoire et douceur de vivre se conjuguent harmonieusement.<\/p>\n<p>As-tu d\u00e9j\u00e0 eu l\u2019occasion de visiter Tr\u00e9voux? Partage ton exp\u00e9rience dans les commentaires ou contacte-moi pour \u00e9changer sur d\u2019autres tr\u00e9sors cach\u00e9s de notre belle r\u00e9gion. Je serais ravi de d\u00e9couvrir tes propres coups de c\u0153ur!<\/p>\n<p><img loading=\"lazy\" decoding=\"async\" width=\"150\" height=\"150\" src=\"data:image\/svg+xml,%3Csvg%20xmlns=\" http:=\"\" class=\"attachment-150x150 size-150x150\" alt=\"\" itemprop=\"image\" data-lazy- data-lazy- data-lazy-src=\"https:\/\/www.europesays.com\/fr\/wp-content\/uploads\/2025\/04\/im6-150x150.png\"\/><\/p>\n<p>Salut \u00e0 tous, je suis Eglantine. D\u00e9couvrez mes articles sur le voyage \u00e0 travers mes conseils, astuces et lieux pr\u00e9f\u00e9r\u00e9s en exclusivit\u00e9 sur News Of Marseille.<br \/>R\u00e9dactrice de coeur, je vous guide \u00e0 travers mes \u00e9crits pour vous transmettre mon expertise sur l&rsquo;aventure du voyage. Et \u00e9videmment, allez l&rsquo;OM \ud83d\ude09<\/p>\n<p>Partagez l&rsquo;article ou suivez nous !<\/p>\n<p>\n\tNos images sont \u00e0 but illustratif et peuvent ne pas repr\u00e9senter la r\u00e9alit\u00e9<\/p>\n","protected":false},"excerpt":{"rendered":"\u00c0 seulement quelques kilom\u00e8tres de Lyon, j\u2019ai d\u00e9couvert un joyau pr\u00e9serv\u00e9 qui semble fig\u00e9 dans le temps. Perch\u00e9&hellip;\n","protected":false},"author":2,"featured_media":250888,"comment_status":"","ping_status":"","sticky":false,"template":"","format":"standard","meta":{"footnotes":""},"categories":[1889],"tags":[1111,11,39105,2430,19888,1777,674,1011,27,39106,2428,12,11687,25],"class_list":{"0":"post-250887","1":"post","2":"type-post","3":"status-publish","4":"format-standard","5":"has-post-thumbnail","7":"category-lyon","8":"tag-actu","9":"tag-actualites","10":"tag-atmosphere-authentique","11":"tag-auvergne-rhone-alpes","12":"tag-charme-authentique","13":"tag-eu","14":"tag-europe","15":"tag-fr","16":"tag-france","17":"tag-heritage-historique","18":"tag-lyon","19":"tag-news","20":"tag-patrimoine-historique","21":"tag-republique-francaise"},"share_on_mastodon":{"url":"https:\/\/pubeurope.com\/@fr\/114855688549608423","error":""},"_links":{"self":[{"href":"https:\/\/www.europesays.com\/fr\/wp-json\/wp\/v2\/posts\/250887","targetHints":{"allow":["GET"]}}],"collection":[{"href":"https:\/\/www.europesays.com\/fr\/wp-json\/wp\/v2\/posts"}],"about":[{"href":"https:\/\/www.europesays.com\/fr\/wp-json\/wp\/v2\/types\/post"}],"author":[{"embeddable":true,"href":"https:\/\/www.europesays.com\/fr\/wp-json\/wp\/v2\/users\/2"}],"replies":[{"embeddable":true,"href":"https:\/\/www.europesays.com\/fr\/wp-json\/wp\/v2\/comments?post=250887"}],"version-history":[{"count":0,"href":"https:\/\/www.europesays.com\/fr\/wp-json\/wp\/v2\/posts\/250887\/revisions"}],"wp:featuredmedia":[{"embeddable":true,"href":"https:\/\/www.europesays.com\/fr\/wp-json\/wp\/v2\/media\/250888"}],"wp:attachment":[{"href":"https:\/\/www.europesays.com\/fr\/wp-json\/wp\/v2\/media?parent=250887"}],"wp:term":[{"taxonomy":"category","embeddable":true,"href":"https:\/\/www.europesays.com\/fr\/wp-json\/wp\/v2\/categories?post=250887"},{"taxonomy":"post_tag","embeddable":true,"href":"https:\/\/www.europesays.com\/fr\/wp-json\/wp\/v2\/tags?post=250887"}],"curies":[{"name":"wp","href":"https:\/\/api.w.org\/{rel}","templated":true}]}}