{"id":25089,"date":"2025-04-14T20:07:14","date_gmt":"2025-04-14T20:07:14","guid":{"rendered":"https:\/\/www.europesays.com\/fr\/25089\/"},"modified":"2025-04-14T20:07:14","modified_gmt":"2025-04-14T20:07:14","slug":"la-circulation-interdite-dans-plusieurs-rues-le-trafic-sannonce-tres-perturbe","status":"publish","type":"post","link":"https:\/\/www.europesays.com\/fr\/25089\/","title":{"rendered":"la circulation interdite dans plusieurs rues, le trafic s&rsquo;annonce \u00ab\u00a0tr\u00e8s perturb\u00e9\u00a0\u00bb"},"content":{"rendered":"<p>            Par<br \/>\n        <strong><br \/>\n            <a href=\"https:\/\/actu.fr\/auteur\/clemence-pays02-actu-fr\" title=\"Consulter tous les articles de Cl\u00e9mence Pays\" target=\"_blank\" rel=\"noopener\">Cl\u00e9mence Pays<\/a><br \/>\n        <\/strong><\/p>\n<p>        Publi\u00e9 le<\/p>\n<p>            14 avr. 2025 \u00e0 6h52        <\/p>\n<p>La <strong>circulation sera \u00ab\u2009tr\u00e8s perturb\u00e9e\u2009\u00bb<\/strong> \u00e0 <a href=\"https:\/\/actu.fr\/rennes\/\" target=\"_blank\" rel=\"noopener\">Rennes<\/a>, pour la deuxi\u00e8me semaine des <a href=\"https:\/\/actu.fr\/tag\/vacances-scolaires\" target=\"_blank\" rel=\"noopener\">vacances scolaires<\/a>, informe la M\u00e9tropole. Des travaux sur la voie publique vont entra\u00eener la <strong>fermeture de diff\u00e9rents axes \u00e0 la circulation,<\/strong> \u00e0 compter du lundi 14\u00a0avril 2025. On fait le point.<\/p>\n<p>Rue de Ch\u00e2teaugiron<\/p>\n<p class=\" wall-content\">La circulation sera interdite dans le <strong>sens nord &gt;\u00a0sud,<\/strong> rue de Ch\u00e2teaugiron, <strong>du lundi\u00a014 au vendredi 18\u00a0avril,<\/strong> en raison d\u2019une intervention de GRDF sur le r\u00e9seau gaz.<\/p>\n<p class=\" wall-content\">La section entre le boulevard L\u00e9on-Bourgeois et la rue de la 87e Division Territoriale sera ferm\u00e9e. Une <strong>d\u00e9viation<\/strong> sera mise en place par le boulevard L\u00e9on-Bourgeois, la rue de Vern et le boulevard Paul-Hutin-Desgr\u00e9es.<\/p>\n<p class=\" wall-content\">Pour rappel, dans le m\u00eame secteur, la <strong>circulation est interdite dans les deux sens, boulevard Villebois-Mareuil,<\/strong> jusqu\u2019au vendredi 18\u00a0avril.<\/p>\n<p>Boulevard Saint-Conwo\u00efon<\/p>\n<p class=\" wall-content\">La circulation sera interdite boulevard Saint-Conwo\u00efon, dans le<strong> sens sud &gt;\u00a0nord,<\/strong> entre la rue Postuminus et la rue Pierre-Ab\u00e9lard. Cette interdiction sera en place <strong>du mardi\u00a015 au jeudi 17\u00a0avril<\/strong> pour permettre \u00e0 Rennes M\u00e9tropole de r\u00e9nover la chauss\u00e9e.<\/p>\n<p>Vid\u00e9os : en ce moment sur Actu<\/p>\n<p class=\" wall-content\">Une <strong>d\u00e9viation<\/strong> sera mise en place par la rue Postuminus, la rue d\u2019Inkermann et la rue de Redon.<\/p>\n<p>Rue de Foug\u00e8res<\/p>\n<p class=\" wall-content\"><strong>La circulation sera altern\u00e9e,<\/strong> rue de Foug\u00e8res, entre la rue Ernest-Hello et le boulevard de Metz, du mardi\u00a015 au mercredi 30\u00a0avril, pour permettre \u00e0 Enedis d\u2019intervenir sur le r\u00e9seau \u00e9lectrique.<\/p>\n<p class=\" wall-content\">Suivez toute l\u2019actualit\u00e9 de vos villes et m\u00e9dias favoris en vous inscrivant \u00e0 <a href=\"https:\/\/moncompte.actu.fr\" title=\"D\u00e9couvez Mon Actu\" rel=\"nofollow noopener\" data-trk=\"{&quot;cta&quot;:{&quot;action&quot;:&quot;https:\\\/\\\/moncompte.actu.fr&quot;,&quot;category&quot;:&quot;mon compte&quot;,&quot;from&quot;:&quot;article footer&quot;,&quot;name&quot;:&quot;Mon actu&quot;,&quot;type&quot;:&quot;cta&quot;}}\" target=\"_blank\">Mon Actu<\/a>.<\/p>\n","protected":false},"excerpt":{"rendered":"Par Cl\u00e9mence Pays Publi\u00e9 le 14 avr. 2025 \u00e0 6h52 La circulation sera \u00ab\u2009tr\u00e8s perturb\u00e9e\u2009\u00bb \u00e0 Rennes, pour&hellip;\n","protected":false},"author":2,"featured_media":25090,"comment_status":"","ping_status":"","sticky":false,"template":"","format":"standard","meta":{"footnotes":""},"categories":[2821],"tags":[1111,11,829,3542,1777,674,1011,27,803,12,584,25,104,2086],"class_list":{"0":"post-25089","1":"post","2":"type-post","3":"status-publish","4":"format-standard","5":"has-post-thumbnail","7":"category-rennes","8":"tag-actu","9":"tag-actualites","10":"tag-bretagne","11":"tag-circulation","12":"tag-eu","13":"tag-europe","14":"tag-fr","15":"tag-france","16":"tag-info-trafic","17":"tag-news","18":"tag-rennes","19":"tag-republique-francaise","20":"tag-societe","21":"tag-travaux"},"share_on_mastodon":{"url":"https:\/\/pubeurope.com\/@fr\/114338125964565201","error":""},"_links":{"self":[{"href":"https:\/\/www.europesays.com\/fr\/wp-json\/wp\/v2\/posts\/25089","targetHints":{"allow":["GET"]}}],"collection":[{"href":"https:\/\/www.europesays.com\/fr\/wp-json\/wp\/v2\/posts"}],"about":[{"href":"https:\/\/www.europesays.com\/fr\/wp-json\/wp\/v2\/types\/post"}],"author":[{"embeddable":true,"href":"https:\/\/www.europesays.com\/fr\/wp-json\/wp\/v2\/users\/2"}],"replies":[{"embeddable":true,"href":"https:\/\/www.europesays.com\/fr\/wp-json\/wp\/v2\/comments?post=25089"}],"version-history":[{"count":0,"href":"https:\/\/www.europesays.com\/fr\/wp-json\/wp\/v2\/posts\/25089\/revisions"}],"wp:featuredmedia":[{"embeddable":true,"href":"https:\/\/www.europesays.com\/fr\/wp-json\/wp\/v2\/media\/25090"}],"wp:attachment":[{"href":"https:\/\/www.europesays.com\/fr\/wp-json\/wp\/v2\/media?parent=25089"}],"wp:term":[{"taxonomy":"category","embeddable":true,"href":"https:\/\/www.europesays.com\/fr\/wp-json\/wp\/v2\/categories?post=25089"},{"taxonomy":"post_tag","embeddable":true,"href":"https:\/\/www.europesays.com\/fr\/wp-json\/wp\/v2\/tags?post=25089"}],"curies":[{"name":"wp","href":"https:\/\/api.w.org\/{rel}","templated":true}]}}