{"id":250892,"date":"2025-07-15T05:53:10","date_gmt":"2025-07-15T05:53:10","guid":{"rendered":"https:\/\/www.europesays.com\/fr\/250892\/"},"modified":"2025-07-15T05:53:10","modified_gmt":"2025-07-15T05:53:10","slug":"la-baignade-urbaine-nest-pas-un-long-fleuve-tranquille","status":"publish","type":"post","link":"https:\/\/www.europesays.com\/fr\/250892\/","title":{"rendered":"La baignade urbaine n\u2019est pas un\u00a0long fleuve tranquille"},"content":{"rendered":"<p>Une premi\u00e8re ouverture avec Paris Plages, lanc\u00e9 en 2002, puis, le grand plongeon cet \u00e9t\u00e9 ! Jusqu\u2019ici repr\u00e9sent\u00e9e sur des photos noir et blanc, la baignade dans la Seine effectue son grand retour \u00e0 Paris, \u00e0 la faveur d\u2019une promesse olympique et paralympique tenue.<\/p>\n<p>En levier, un dispositif d\u2019am\u00e9lioration de la qualit\u00e9 de l\u2019eau de la Seine et de la Marne, dit plan Baignade, d\u00e9ploy\u00e9 d\u00e8s\u00a02016 par la ville de Paris, l\u2019Etat et des collectivit\u00e9s franciliennes. Un plan non sans accrocs, doutes et autres sueurs froides, \u00e0 l\u2019image du report d\u2019une journ\u00e9e de l\u2019\u00e9preuve masculine de triathlon olympique, en raison d\u2019une qualit\u00e9 de l\u2019eau d\u00e9grad\u00e9e. Un plan qui a \u00e9galement n\u00e9cessit\u00e9 des investissements massifs : 1,1\u00a0milliard d\u2019euros engag\u00e9s pour les travaux et ouvrages d\u2019am\u00e9lioration des r\u00e9seaux d\u2019assainissement, dont pr\u00e8s de la moiti\u00e9 financ\u00e9e par l\u2019Etat via son op\u00e9rateur, l\u2019Agence de l\u2019eau Seine Normandie.<\/p>\n<p>Pontons, bou\u00e9es au long des berges<\/p>\n<p>R\u00e9sultat, apr\u00e8s cent\u00a0ans d\u2019interdiction de baignade dans la Seine, trois sites s\u2019ouvrent entre le 5\u00a0juillet et le 31\u00a0ao\u00fbt, dans la capitale : au bras\u00a0Marie (4e\u00a0arrondissement), au bras de Grenelle (15e) et au quai de Bercy\u00a0(12e). Et deux dans le Val-de-Marne, \u00e0 Maisons-Alfort (57 400\u00a0hab.) et \u00e0 Joinville-le-Pont (20 800\u00a0hab.), sur la Marne donc, en attendant Bry-sur-Marne (18 100\u00a0hab.) et Le\u00a0Perreux-sur-Marne (34 700\u00a0hab.), pour l\u2019\u00e9t\u00e9 2026.<\/p>\n<p class=\"blocCut__title\">\n\t\t\t\t\t\t\t\t\t[90% reste \u00e0 lire]\n\t\t\t\t\t\t\t<\/p>\n<p class=\"blocCut__title--type2\">Article r\u00e9serv\u00e9 aux abonn\u00e9s<\/p>\n<p class=\"blocCut__title--type3\">Gazette des Communes, Club Techni.Cit\u00e9s, Club Acteurs du sport<\/p>\n<p class=\"blocCut__title--type2\">VOUS N&rsquo;\u00eaTES PAS ABONN\u00e9 ?<\/p>\n<p class=\"blocCut__title--type4\">Testez notre Offre D\u00e9couverte Club acteurs du sport pendant 15 jours<\/p>\n<p>\t\t\t\t\t\t\t\t<a href=\"https:\/\/www.abonnement.infopro-digital.com\/offre-decouverte-du-club-acteurs-du-sport\/inscription\/628\/3418#xtor=CS5-305-[site_paywall]-[https:\/\/www.lagazettedescommunes.com\/993205\/la-baignade-urbaine-nest-pas-un-long-fleuve-tranquille\/]-[page_article]-[a]\" target=\"_blank\" class=\"btn__full buttonTypeA buttonTypeA--1\" rel=\"noopener\">J\u2019en profite<\/a><\/p>\n","protected":false},"excerpt":{"rendered":"Une premi\u00e8re ouverture avec Paris Plages, lanc\u00e9 en 2002, puis, le grand plongeon cet \u00e9t\u00e9 ! Jusqu\u2019ici repr\u00e9sent\u00e9e&hellip;\n","protected":false},"author":2,"featured_media":250893,"comment_status":"","ping_status":"","sticky":false,"template":"","format":"standard","meta":{"footnotes":""},"categories":[1888],"tags":[1111,1928,15620,9247,9245,47,11,1927,15617,2349,15616,9244,39107,15621,1777,674,1011,27,16243,12,1926,626,1925,18812,15623,1306,25,20855,602,15619,9246],"class_list":{"0":"post-250892","1":"post","2":"type-post","3":"status-publish","4":"format-standard","5":"has-post-thumbnail","7":"category-paris","8":"tag-actu","9":"tag-actu-paris","10":"tag-actu-expert-acteurs-du-sport","11":"tag-actu-experts-technique","12":"tag-actu-technique","13":"tag-actualite","14":"tag-actualites","15":"tag-actualites-paris","16":"tag-actualites-acteurs-du-sport","17":"tag-articles-reserves","18":"tag-club-acteurs-du-sport","19":"tag-club-technicites","20":"tag-dpicot","21":"tag-equipements-sportifs","22":"tag-eu","23":"tag-europe","24":"tag-fr","25":"tag-france","26":"tag-innovations-et-territoires","27":"tag-news","28":"tag-news-paris","29":"tag-paris","30":"tag-paris-news","31":"tag-piscines","32":"tag-pratiques-sportives","33":"tag-regions","34":"tag-republique-francaise","35":"tag-sports-de-nature","36":"tag-tourisme","37":"tag-toute-lactu-acteurs-du-sport","38":"tag-toute-lactu-technique"},"share_on_mastodon":{"url":"","error":"Validation failed: Text character limit of 500 exceeded"},"_links":{"self":[{"href":"https:\/\/www.europesays.com\/fr\/wp-json\/wp\/v2\/posts\/250892","targetHints":{"allow":["GET"]}}],"collection":[{"href":"https:\/\/www.europesays.com\/fr\/wp-json\/wp\/v2\/posts"}],"about":[{"href":"https:\/\/www.europesays.com\/fr\/wp-json\/wp\/v2\/types\/post"}],"author":[{"embeddable":true,"href":"https:\/\/www.europesays.com\/fr\/wp-json\/wp\/v2\/users\/2"}],"replies":[{"embeddable":true,"href":"https:\/\/www.europesays.com\/fr\/wp-json\/wp\/v2\/comments?post=250892"}],"version-history":[{"count":0,"href":"https:\/\/www.europesays.com\/fr\/wp-json\/wp\/v2\/posts\/250892\/revisions"}],"wp:featuredmedia":[{"embeddable":true,"href":"https:\/\/www.europesays.com\/fr\/wp-json\/wp\/v2\/media\/250893"}],"wp:attachment":[{"href":"https:\/\/www.europesays.com\/fr\/wp-json\/wp\/v2\/media?parent=250892"}],"wp:term":[{"taxonomy":"category","embeddable":true,"href":"https:\/\/www.europesays.com\/fr\/wp-json\/wp\/v2\/categories?post=250892"},{"taxonomy":"post_tag","embeddable":true,"href":"https:\/\/www.europesays.com\/fr\/wp-json\/wp\/v2\/tags?post=250892"}],"curies":[{"name":"wp","href":"https:\/\/api.w.org\/{rel}","templated":true}]}}