{"id":250894,"date":"2025-07-15T05:54:13","date_gmt":"2025-07-15T05:54:13","guid":{"rendered":"https:\/\/www.europesays.com\/fr\/250894\/"},"modified":"2025-07-15T05:54:13","modified_gmt":"2025-07-15T05:54:13","slug":"paris-marseille-lyon-les-plus-belles-images-des-feux-dartifice-du-14-juillet-2","status":"publish","type":"post","link":"https:\/\/www.europesays.com\/fr\/250894\/","title":{"rendered":"Paris, Marseille, Lyon&#8230; Les plus belles images des feux d&rsquo;artifice du 14-Juillet"},"content":{"rendered":"<p>Une tenue de lumi\u00e8re pour la tour Eiffel. Comme chaque ann\u00e9e, pour cl\u00f4turer la journ\u00e9e et les c\u00e9l\u00e9brations entourant le 14-Juillet, un immense spectacle m\u00e9langeant pyrotechnie et des dizaines drones, pour la deuxi\u00e8me ann\u00e9e cons\u00e9cutive, a \u00e9merveill\u00e9 des centaines de milliers de personnes \u00e0 Paris.<\/p>\n<p>\u00ab\u00a0J&rsquo;ai entendu parler des drones mais je ne savais pas ce que \u00e7a allait donner. J&rsquo;ai \u00e9t\u00e9 impressionn\u00e9\u00a0\u00bb, confie un spectateur sur BFMTV.<\/p>\n<p>Chaque ann\u00e9e, la mairie de Paris consacre 700.000 euros \u00e0 cette soir\u00e9e, artifices et drones compris.<\/p>\n<p><img decoding=\"async\" class=\"caas-img caas-lazy has-preview\" alt=\"\" src=\"https:\/\/www.europesays.com\/fr\/wp-content\/uploads\/2025\/07\/288c251fa1afe36082f12b8efeab9379.jpeg\"\/>\u2022 Marseille<\/p>\n<p>Du c\u00f4t\u00e9 de la cit\u00e9 phoc\u00e9enne, le feu d&rsquo;artifice a \u00e9t\u00e9 tir\u00e9 au-dessus du Vieux-Port. Un show \u00ab\u00a0tr\u00e8s beau\u00a0\u00bb pour \u00ab\u00a0une demi-heure de lumi\u00e8res et de musiques\u00a0\u00bb, selon un Marseillais.<\/p>\n<p>Avec un retard d&rsquo;environ 25 minutes, le ciel s&rsquo;est embras\u00e9 \u00e0 partir de 23h55 \u00e0 Marseille entre le port et le Fort d\u2019Entrecasteaux.<\/p>\n<p><img decoding=\"async\" class=\"caas-img caas-lazy has-preview\" alt=\"\" src=\"https:\/\/www.europesays.com\/fr\/wp-content\/uploads\/2025\/07\/33e4a19f73102bb37ffe188659235e61.jpeg\"\/>\u2022 Lyon<\/p>\n<p>La basilique de Fourvi\u00e8re a de son c\u00f4t\u00e9 \u00e9t\u00e9 illumin\u00e9e en bleu-blanc-rouge pendant le feu d&rsquo;artifice ce lundi soir.<\/p>\n<p>Les fus\u00e9es \u00e9clairant le ciel lyonnais \u00e9taient comme chaque ann\u00e9e tir\u00e9es depuis la colline de Fourvi\u00e8re pour une dur\u00e9e d&rsquo;environ 20 minutes, et compos\u00e9es selon les organisateurs de mat\u00e9riaux recycl\u00e9s et biod\u00e9gradables.<\/p>\n<p><img decoding=\"async\" class=\"caas-img caas-lazy has-preview\" alt=\"\" src=\"https:\/\/www.europesays.com\/fr\/wp-content\/uploads\/2025\/07\/39302b444fdc1ef732d372cf76a5bb26.jpeg\"\/>\u2022 Toulon<\/p>\n<p>\u00c0 Toulon, des milliers de points lumineux enflamment la nuit. Mais pas d&rsquo;explosion cette ann\u00e9e, la mairie ayant plut\u00f4t fait le choix d&rsquo;un spectacle de drones pour c\u00e9l\u00e9brer le 14-Juillet.<\/p>\n<p>Ainsi, les six lettres composant le nom de la ville se sont \u00e9lev\u00e9s au-dessus du port, tout de bleu v\u00eatues. 1.200 drones \u00e9taient de la partie pour dessiner des dizaines d&rsquo;objets et formes color\u00e9s dans le ciel.<\/p>\n<p><img decoding=\"async\" class=\"caas-img caas-lazy has-preview\" alt=\"\" src=\"https:\/\/www.europesays.com\/fr\/wp-content\/uploads\/2025\/07\/813862b430af36f80c4b8ee40aa8a86f.jpeg\"\/><\/p>\n<p><a href=\"https:\/\/www.bfmtv.com\/societe\/paris-marseille-lyon-les-plus-belles-images-des-feux-d-artifice-du-14-juillet_AV-202507150098.html#xtor=AL-68\" rel=\"nofollow noopener\" target=\"_blank\" data-ylk=\"slk:Article original publi\u00e9 sur BFMTV.com;elm:context_link;itc:0;sec:content-canvas\" class=\"link \">Article original publi\u00e9 sur BFMTV.com<\/a><\/p>\n","protected":false},"excerpt":{"rendered":"Une tenue de lumi\u00e8re pour la tour Eiffel. Comme chaque ann\u00e9e, pour cl\u00f4turer la journ\u00e9e et les c\u00e9l\u00e9brations&hellip;\n","protected":false},"author":2,"featured_media":250895,"comment_status":"","ping_status":"","sticky":false,"template":"","format":"standard","meta":{"footnotes":""},"categories":[1888],"tags":[1111,1928,11,1927,39108,39110,1777,674,1011,27,30635,38267,39109,2381,12,1926,626,1925,25],"class_list":{"0":"post-250894","1":"post","2":"type-post","3":"status-publish","4":"format-standard","5":"has-post-thumbnail","7":"category-paris","8":"tag-actu","9":"tag-actu-paris","10":"tag-actualites","11":"tag-actualites-paris","12":"tag-basilique-de-fourviere","13":"tag-colline-de-fourviere","14":"tag-eu","15":"tag-europe","16":"tag-fr","17":"tag-france","18":"tag-la-tour-eiffel","19":"tag-le-feu-dartifice","20":"tag-les-fusees","21":"tag-mairie-de-paris","22":"tag-news","23":"tag-news-paris","24":"tag-paris","25":"tag-paris-news","26":"tag-republique-francaise"},"share_on_mastodon":{"url":"https:\/\/pubeurope.com\/@fr\/114855704462966469","error":""},"_links":{"self":[{"href":"https:\/\/www.europesays.com\/fr\/wp-json\/wp\/v2\/posts\/250894","targetHints":{"allow":["GET"]}}],"collection":[{"href":"https:\/\/www.europesays.com\/fr\/wp-json\/wp\/v2\/posts"}],"about":[{"href":"https:\/\/www.europesays.com\/fr\/wp-json\/wp\/v2\/types\/post"}],"author":[{"embeddable":true,"href":"https:\/\/www.europesays.com\/fr\/wp-json\/wp\/v2\/users\/2"}],"replies":[{"embeddable":true,"href":"https:\/\/www.europesays.com\/fr\/wp-json\/wp\/v2\/comments?post=250894"}],"version-history":[{"count":0,"href":"https:\/\/www.europesays.com\/fr\/wp-json\/wp\/v2\/posts\/250894\/revisions"}],"wp:featuredmedia":[{"embeddable":true,"href":"https:\/\/www.europesays.com\/fr\/wp-json\/wp\/v2\/media\/250895"}],"wp:attachment":[{"href":"https:\/\/www.europesays.com\/fr\/wp-json\/wp\/v2\/media?parent=250894"}],"wp:term":[{"taxonomy":"category","embeddable":true,"href":"https:\/\/www.europesays.com\/fr\/wp-json\/wp\/v2\/categories?post=250894"},{"taxonomy":"post_tag","embeddable":true,"href":"https:\/\/www.europesays.com\/fr\/wp-json\/wp\/v2\/tags?post=250894"}],"curies":[{"name":"wp","href":"https:\/\/api.w.org\/{rel}","templated":true}]}}