{"id":250902,"date":"2025-07-15T05:58:17","date_gmt":"2025-07-15T05:58:17","guid":{"rendered":"https:\/\/www.europesays.com\/fr\/250902\/"},"modified":"2025-07-15T05:58:17","modified_gmt":"2025-07-15T05:58:17","slug":"nous-sommes-dans-le-deni-de-la-defaite-de-lukraine-car-cest-aussi-la-notre","status":"publish","type":"post","link":"https:\/\/www.europesays.com\/fr\/250902\/","title":{"rendered":"\u00abNous sommes dans le d\u00e9ni de la d\u00e9faite de l\u2019Ukraine car c\u2019est aussi la n\u00f4tre\u00bb"},"content":{"rendered":"<p>            <a href=\"https:\/\/www.lefigaro.fr\/vox\/monde\/renaud-girard-la-voie-du-retablissement-de-la-france-en-afrique-20250714\" class=\"fig-ranking-profile-link\" aria-label=\"Renaud Girard: \u00abLa voie du r\u00e9tablissement de la France en Afrique\u00bb (article Premium)\" title=\"Renaud Girard: \u00abLa voie du r\u00e9tablissement de la France en Afrique\u00bb (article Premium)\" data-fig-domain=\"LEFIGARO\" rel=\"nofollow noopener\" target=\"_blank\"><\/p>\n<p>        Renaud Girard: \u00abLa voie du r\u00e9tablissement de la France en Afrique\u00bb<\/p>\n<p>                                                                        <\/a><\/p>\n<p>        <img   class=\"fig-img fig-ranking-profile-media-small-picture__photo\" alt=\"Renaud Girard: \u00abLa voie du r\u00e9tablissement de la France en Afrique\u00bb\" height=\"2001\" width=\"3000\"\/><\/p>\n<p class=\"fig-ranking-profile-standfirst\">\n    <strong>CHRONIQUE &#8211; <\/strong>Avec davantage d\u2019\u00e9coute, de respect, de pragmatisme, la France peut tr\u00e8s bien r\u00e9tablir son influence, non seulement aupr\u00e8s de ses partenaires africains traditionnels mais aussi aupr\u00e8s de tous les acteurs de ce continent.\n<\/p>\n<p>            <a href=\"https:\/\/www.lefigaro.fr\/vox\/monde\/julie-girard-le-parti-de-l-amerique-de-musk-une-lubie-narcissique-sans-avenir-vraiment-20250711\" class=\"fig-ranking-profile-link\" aria-label=\"Julie Girard\u00a0: \u00abLe Parti de l\u2019Am\u00e9rique de Musk, une lubie narcissique sans avenir, vraiment\u00a0?\u00bb (article Premium)\" title=\"Julie Girard\u00a0: \u00abLe Parti de l\u2019Am\u00e9rique de Musk, une lubie narcissique sans avenir, vraiment\u00a0?\u00bb (article Premium)\" data-fig-domain=\"LEFIGARO\" rel=\"nofollow noopener\" target=\"_blank\"><\/p>\n<p>        Julie Girard\u00a0: \u00abLe Parti de l\u2019Am\u00e9rique de Musk, une lubie narcissique sans avenir, vraiment\u00a0?\u00bb<\/p>\n<p>                                                                        <\/a><\/p>\n<p>        <img   class=\"fig-img fig-ranking-profile-media-small-picture__photo\" alt=\"Julie Girard\u00a0: \u00abLe Parti de l\u2019Am\u00e9rique de Musk, une lubie narcissique sans avenir, vraiment\u00a0?\u00bb\" height=\"1687\" width=\"3000\"\/><\/p>\n<p class=\"fig-ranking-profile-standfirst\">\n    <strong>TRIBUNE <\/strong>&#8211; Aux \u00c9tats-Unis, le nouveau parti cr\u00e9\u00e9 par Elon Musk pourrait profiter d\u2019une situation \u00e9conomique d\u00e9grad\u00e9e et de la maestria du patron de SpaceX sur le plan technologique.\n<\/p>\n<p>            <a href=\"https:\/\/www.lefigaro.fr\/international\/armenie-face-a-l-offensive-coordonnee-panturquiste-les-contradictions-de-la-diplomatie-francaise-20250710\" class=\"fig-ranking-profile-link\" aria-label=\"Arm\u00e9nie\u00a0: \u00abFace \u00e0 l\u2019offensive coordonn\u00e9e panturquiste, les contradictions de la diplomatie fran\u00e7aise\u00bb (article Premium)\" title=\"Arm\u00e9nie\u00a0: \u00abFace \u00e0 l\u2019offensive coordonn\u00e9e panturquiste, les contradictions de la diplomatie fran\u00e7aise\u00bb (article Premium)\" data-fig-domain=\"LEFIGARO\" rel=\"nofollow noopener\" target=\"_blank\"><\/p>\n<p>        Arm\u00e9nie\u00a0: \u00abFace \u00e0 l\u2019offensive coordonn\u00e9e panturquiste, les contradictions de la diplomatie fran\u00e7aise\u00bb<\/p>\n<p>                                                                        <\/a><\/p>\n<p>        <img   class=\"fig-img fig-ranking-profile-media-small-picture__photo\" alt=\"Arm\u00e9nie\u00a0: \u00abFace \u00e0 l\u2019offensive coordonn\u00e9e panturquiste, les contradictions de la diplomatie fran\u00e7aise\u00bb\" height=\"1499\" width=\"2665\"\/><\/p>\n<p class=\"fig-ranking-profile-standfirst\">\n    <strong>TRIBUNE <\/strong>&#8211; Si Paris a fermement d\u00e9nonc\u00e9 l\u2019\u00e9puration ethnique du Haut-Karabakh, la r\u00e9cente visite de son ambassadrice \u00e0 Chouchi marque toutefois un changement de ton. Entre grands principes et petits arrangements, la diplomatie fran\u00e7aise brouille son message sur l\u2019Arm\u00e9nie.<\/p>\n","protected":false},"excerpt":{"rendered":"Renaud Girard: \u00abLa voie du r\u00e9tablissement de la France en Afrique\u00bb CHRONIQUE &#8211; Avec davantage d\u2019\u00e9coute, de respect,&hellip;\n","protected":false},"author":2,"featured_media":250903,"comment_status":"","ping_status":"","sticky":false,"template":"","format":"standard","meta":{"footnotes":""},"categories":[1590],"tags":[11,1777,674,131,12,220],"class_list":{"0":"post-250902","1":"post","2":"type-post","3":"status-publish","4":"format-standard","5":"has-post-thumbnail","7":"category-ukraine","8":"tag-actualites","9":"tag-eu","10":"tag-europe","11":"tag-guerre-en-ukraine","12":"tag-news","13":"tag-ukraine"},"share_on_mastodon":{"url":"https:\/\/pubeurope.com\/@fr\/114855720098768862","error":""},"_links":{"self":[{"href":"https:\/\/www.europesays.com\/fr\/wp-json\/wp\/v2\/posts\/250902","targetHints":{"allow":["GET"]}}],"collection":[{"href":"https:\/\/www.europesays.com\/fr\/wp-json\/wp\/v2\/posts"}],"about":[{"href":"https:\/\/www.europesays.com\/fr\/wp-json\/wp\/v2\/types\/post"}],"author":[{"embeddable":true,"href":"https:\/\/www.europesays.com\/fr\/wp-json\/wp\/v2\/users\/2"}],"replies":[{"embeddable":true,"href":"https:\/\/www.europesays.com\/fr\/wp-json\/wp\/v2\/comments?post=250902"}],"version-history":[{"count":0,"href":"https:\/\/www.europesays.com\/fr\/wp-json\/wp\/v2\/posts\/250902\/revisions"}],"wp:featuredmedia":[{"embeddable":true,"href":"https:\/\/www.europesays.com\/fr\/wp-json\/wp\/v2\/media\/250903"}],"wp:attachment":[{"href":"https:\/\/www.europesays.com\/fr\/wp-json\/wp\/v2\/media?parent=250902"}],"wp:term":[{"taxonomy":"category","embeddable":true,"href":"https:\/\/www.europesays.com\/fr\/wp-json\/wp\/v2\/categories?post=250902"},{"taxonomy":"post_tag","embeddable":true,"href":"https:\/\/www.europesays.com\/fr\/wp-json\/wp\/v2\/tags?post=250902"}],"curies":[{"name":"wp","href":"https:\/\/api.w.org\/{rel}","templated":true}]}}