{"id":250908,"date":"2025-07-15T06:01:10","date_gmt":"2025-07-15T06:01:10","guid":{"rendered":"https:\/\/www.europesays.com\/fr\/250908\/"},"modified":"2025-07-15T06:01:10","modified_gmt":"2025-07-15T06:01:10","slug":"deux-mois-apres-le-renforcement-des-controles-entre-la-france-et-lallemagne-toujours-la-galere-pour-les-frontaliers","status":"publish","type":"post","link":"https:\/\/www.europesays.com\/fr\/250908\/","title":{"rendered":"Deux mois apr\u00e8s le renforcement des contr\u00f4les entre la France et l&rsquo;Allemagne, toujours la gal\u00e8re pour les frontaliers"},"content":{"rendered":"<p>Le passage de la fronti\u00e8re reste compliqu\u00e9 entre la France et l&rsquo;Allemagne, deux mois apr\u00e8s le renforcement des contr\u00f4les \u00e0 l&rsquo;initiative du gouvernement allemand. En Alsace, les frontaliers demandent la mise en place d&rsquo;une vignette pour leur faciliter le trajet.<\/p>\n<p>Atmosph\u00e8re \u00e9lectrique au dessus du Rhin ce lundi 14 juillet, sur un pont satur\u00e9 de voitures <strong>pare-chocs contre pare-chocs<\/strong>. Des coups de klaxons, des <strong>insultes qui ciblent les m\u00e8res des automobilistes<\/strong>, des <strong>injonctions \u00e0 un acte sexuel alternatif<\/strong>, le volant, il est vrai, n&rsquo;a jamais \u00e9t\u00e9 facteur d&rsquo;apaisement. Mais une fois pass\u00e9 le pont et ses barnums qui abritent les <strong>policiers allemands en armes<\/strong> qui se livrent \u00e0 des contr\u00f4les al\u00e9atoires, la sagesse reprend ses esprits. \u00ab\u00a0La circulation n&rsquo;\u00e9tait pas tr\u00e8s fluide mais on \u00e9tait patients, il y a beaucoup de monde\u00a0\u00bb expliquent cette fille et sa m\u00e8re. Une autre automobiliste venue acheter un produit pour son chat se rend compte une fois arriv\u00e9e \u00e0 Kehl que le magasin est ferm\u00e9: \u00ab\u00a0Je me\u00a0suis tap\u00e9e une heure de bouchon pour rien\u00a0\u00bb\u00a0\u00a0l\u00e2che-t-elle, rigolarde.<\/p>\n<p>Pas d&rsquo;assouplissements malgr\u00e9 les promesses allemandes<\/p>\n<p>Vignette, voie d\u00e9di\u00e9e, contr\u00f4les volants ou patrouilles mixtes, les autorit\u00e9s allemandes ont promis de <strong>faciliter les choses<\/strong> pour les frontaliers, la semaine derni\u00e8re encore devant l&rsquo;assembl\u00e9e parlementaire franco-allemande, mais sur le terrain <strong>\u00e7a ne bouge toujours pas<\/strong>, ce qui a le don d&rsquo;irriter la d\u00e9put\u00e9e haut-rhinoise Brigitte Klinkert, la pr\u00e9sidente fran\u00e7aise de cette assembl\u00e9e parlementaire: \u00ab\u00a0Malgr\u00e9 les engagements pris \u00e0 diverses reprises par nos coll\u00e8gues allemands, je ne vois pas pour l&rsquo;instant d&rsquo;assouplissements \u00e0 nos fronti\u00e8res entre l&rsquo;Alsace et l&rsquo;Allemagne. Il me semble que la partie allemande nous fait des promesses mais pour l&rsquo;instant manque de r\u00e9pondant dans la r\u00e9alit\u00e9. J&rsquo;ai bien l&rsquo;intention de faire part de mon m\u00e9contentement\u00a0\u00bb.\u00a0Pas plus tard que ce mardi apr\u00e8s-midi\u00a0 15 juillet \u00e0 l&rsquo;occasion du Comit\u00e9 de Coop\u00e9ration Transfrontali\u00e8re qui se tiendra \u00e0 Mayence.<\/p>\n<p>\u00c0 lire aussi   <img decoding=\"async\" src=\"https:\/\/www.europesays.com\/fr\/wp-content\/uploads\/2025\/07\/200x200_sc_984964-pnsbjsac1t-whr.jpg\" alt=\"Des voitures de police \u00e0 la fronti\u00e8re allemande \u00e0 Kehl. \" style=\"--_image-preview:url('data:image\/jpeg;base64,\/9j\/2wBDACgcHiMeGSgjISMtKygwPGRBPDc3PHtYXUlkkYCZlo+AjIqgtObDoKrarYqMyP\/L2u71\/\/\/\/m8H\/\/\/\/6\/+b9\/\/j\/2wBDASstLTw1PHZBQXb4pYyl+Pj4+Pj4+Pj4+Pj4+Pj4+Pj4+Pj4+Pj4+Pj4+Pj4+Pj4+Pj4+Pj4+Pj4+Pj4+Pj4+Pj\/wAARCAAqACoDASIAAhEBAxEB\/8QAGAAAAwEBAAAAAAAAAAAAAAAAAAEDAgT\/xAAYEAEBAQEBAAAAAAAAAAAAAAAAEgERAv\/EABUBAQEAAAAAAAAAAAAAAAAAAAAB\/8QAFBEBAAAAAAAAAAAAAAAAAAAAAP\/aAAwDAQACEQMRAD8A7rOnPns7BXfTO6xRUDe6TFCgRo7THQUsrT6OoKUKS6OgpJSoASkuKloJ8LimkD\/\/2Q==');\" loading=\"lazy\" fetchpriority=\"low\" aria-hidden=\"true\" class=\"svelte-1pnmlwx rounded\" onload=\"this.__e=event\" onerror=\"this.__e=event\"\/><\/p>\n","protected":false},"excerpt":{"rendered":"Le passage de la fronti\u00e8re reste compliqu\u00e9 entre la France et l&rsquo;Allemagne, deux mois apr\u00e8s le renforcement des&hellip;\n","protected":false},"author":2,"featured_media":250909,"comment_status":"","ping_status":"","sticky":false,"template":"","format":"standard","meta":{"footnotes":""},"categories":[1587],"tags":[11,672,1804,1805,1803,1777,674,1801,12,1802],"class_list":{"0":"post-250908","1":"post","2":"type-post","3":"status-publish","4":"format-standard","5":"has-post-thumbnail","7":"category-allemagne","8":"tag-actualites","9":"tag-allemagne","10":"tag-bundesrepublik-deutschland","11":"tag-de","12":"tag-deutschland","13":"tag-eu","14":"tag-europe","15":"tag-germany","16":"tag-news","17":"tag-republique-federale-dallemagne"},"share_on_mastodon":{"url":"https:\/\/pubeurope.com\/@fr\/114855731794062823","error":""},"_links":{"self":[{"href":"https:\/\/www.europesays.com\/fr\/wp-json\/wp\/v2\/posts\/250908","targetHints":{"allow":["GET"]}}],"collection":[{"href":"https:\/\/www.europesays.com\/fr\/wp-json\/wp\/v2\/posts"}],"about":[{"href":"https:\/\/www.europesays.com\/fr\/wp-json\/wp\/v2\/types\/post"}],"author":[{"embeddable":true,"href":"https:\/\/www.europesays.com\/fr\/wp-json\/wp\/v2\/users\/2"}],"replies":[{"embeddable":true,"href":"https:\/\/www.europesays.com\/fr\/wp-json\/wp\/v2\/comments?post=250908"}],"version-history":[{"count":0,"href":"https:\/\/www.europesays.com\/fr\/wp-json\/wp\/v2\/posts\/250908\/revisions"}],"wp:featuredmedia":[{"embeddable":true,"href":"https:\/\/www.europesays.com\/fr\/wp-json\/wp\/v2\/media\/250909"}],"wp:attachment":[{"href":"https:\/\/www.europesays.com\/fr\/wp-json\/wp\/v2\/media?parent=250908"}],"wp:term":[{"taxonomy":"category","embeddable":true,"href":"https:\/\/www.europesays.com\/fr\/wp-json\/wp\/v2\/categories?post=250908"},{"taxonomy":"post_tag","embeddable":true,"href":"https:\/\/www.europesays.com\/fr\/wp-json\/wp\/v2\/tags?post=250908"}],"curies":[{"name":"wp","href":"https:\/\/api.w.org\/{rel}","templated":true}]}}