{"id":25091,"date":"2025-04-14T20:08:17","date_gmt":"2025-04-14T20:08:17","guid":{"rendered":"https:\/\/www.europesays.com\/fr\/25091\/"},"modified":"2025-04-14T20:08:17","modified_gmt":"2025-04-14T20:08:17","slug":"osaka-aquatique-show-investit-le-pavillon-france-de-lexposition-universelle","status":"publish","type":"post","link":"https:\/\/www.europesays.com\/fr\/25091\/","title":{"rendered":"Osaka. Aquatique Show investit le Pavillon France de l\u2019Exposition universelle"},"content":{"rendered":"<p>R\u00e9f\u00e9rence du spectacle d\u2019eau et lumi\u00e8re, Aquatique Show est aussi pass\u00e9 ma\u00eetre dans l\u2019art de pr\u00e9server les secrets. Pour son intervention au Pavillon France de l\u2019Exposition universelle d\u2019Osaka comme pour bien des projets pharaoniques men\u00e9s aux quatre coins du monde, \u00ab nous ne sommes pas autoris\u00e9s \u00e0 communiquer \u00bb, livrait Dominique Formhals, fondateur de l\u2019entreprise alsacienne r\u00e9put\u00e9e \u00e0 l\u2019international, quelques jours avec l\u2019ouverture de l\u2019Exposition universelle, ce dimanche 13 avril. Sur les plus grandes sc\u00e8nes, dans des parcs d\u2019attraction de renom ou lors de rendez-vous \u00e9v\u00e9nement (d\u00e9fil\u00e9s de mode, <a href=\"https:\/\/www.lalsace.fr\/culture-loisirs\/2024\/07\/29\/aux-jo-le-spectacle-de-la-societe-alsacienne-aquatique-show-douche-par-la-pluie\" target=\"_blank\" rel=\"nofollow noopener\">comp\u00e9titi&#8230;<\/a><\/p>\n","protected":false},"excerpt":{"rendered":"R\u00e9f\u00e9rence du spectacle d\u2019eau et lumi\u00e8re, Aquatique Show est aussi pass\u00e9 ma\u00eetre dans l\u2019art de pr\u00e9server les secrets.&hellip;\n","protected":false},"author":2,"featured_media":25092,"comment_status":"","ping_status":"","sticky":false,"template":"","format":"standard","meta":{"footnotes":""},"categories":[2820],"tags":[1111,11,2389,33,1777,674,107,1011,27,775,12,25,640,216],"class_list":{"0":"post-25091","1":"post","2":"type-post","3":"status-publish","4":"format-standard","5":"has-post-thumbnail","7":"category-strasbourg","8":"tag-actu","9":"tag-actualites","10":"tag-alsace","11":"tag-economie","12":"tag-eu","13":"tag-europe","14":"tag-fil-info","15":"tag-fr","16":"tag-france","17":"tag-grand-est","18":"tag-news","19":"tag-republique-francaise","20":"tag-strasbourg","21":"tag-vie-des-entreprises"},"share_on_mastodon":{"url":"https:\/\/pubeurope.com\/@fr\/114338129792517462","error":""},"_links":{"self":[{"href":"https:\/\/www.europesays.com\/fr\/wp-json\/wp\/v2\/posts\/25091","targetHints":{"allow":["GET"]}}],"collection":[{"href":"https:\/\/www.europesays.com\/fr\/wp-json\/wp\/v2\/posts"}],"about":[{"href":"https:\/\/www.europesays.com\/fr\/wp-json\/wp\/v2\/types\/post"}],"author":[{"embeddable":true,"href":"https:\/\/www.europesays.com\/fr\/wp-json\/wp\/v2\/users\/2"}],"replies":[{"embeddable":true,"href":"https:\/\/www.europesays.com\/fr\/wp-json\/wp\/v2\/comments?post=25091"}],"version-history":[{"count":0,"href":"https:\/\/www.europesays.com\/fr\/wp-json\/wp\/v2\/posts\/25091\/revisions"}],"wp:featuredmedia":[{"embeddable":true,"href":"https:\/\/www.europesays.com\/fr\/wp-json\/wp\/v2\/media\/25092"}],"wp:attachment":[{"href":"https:\/\/www.europesays.com\/fr\/wp-json\/wp\/v2\/media?parent=25091"}],"wp:term":[{"taxonomy":"category","embeddable":true,"href":"https:\/\/www.europesays.com\/fr\/wp-json\/wp\/v2\/categories?post=25091"},{"taxonomy":"post_tag","embeddable":true,"href":"https:\/\/www.europesays.com\/fr\/wp-json\/wp\/v2\/tags?post=25091"}],"curies":[{"name":"wp","href":"https:\/\/api.w.org\/{rel}","templated":true}]}}