{"id":250913,"date":"2025-07-15T06:04:13","date_gmt":"2025-07-15T06:04:13","guid":{"rendered":"https:\/\/www.europesays.com\/fr\/250913\/"},"modified":"2025-07-15T06:04:13","modified_gmt":"2025-07-15T06:04:13","slug":"en-direct-budget-2026-francois-bayrou-va-presenter-son-plan-choc-pour-trouver-40-milliards-deuros-deconomies","status":"publish","type":"post","link":"https:\/\/www.europesays.com\/fr\/250913\/","title":{"rendered":"EN DIRECT &#8211; Budget 2026 : Fran\u00e7ois Bayrou va pr\u00e9senter son plan choc pour trouver 40 milliards d&rsquo;euros d&rsquo;\u00e9conomies"},"content":{"rendered":"<ul class=\"jsx-862013697 ArticleChapo__List\">\n<li class=\"jsx-862013697 ArticleChapo__List_Item flex\">Ce mardi, le Premier ministre va pr\u00e9senter son plan pour redresser les finances publiques.<\/li>\n<li class=\"jsx-862013697 ArticleChapo__List_Item flex\">\u00ab\u00a0Ann\u00e9e blanche\u00a0\u00bb, TVA sociale, r\u00e9forme de l&rsquo;assurance-ch\u00f4mage\u2026 Les pistes du gouvernement sont nombreuses pour tenter de trouver 40 milliards d&rsquo;\u00e9conomies.<\/li>\n<li class=\"jsx-862013697 ArticleChapo__List_Item flex\">Lesquelles va-t-il choisir ? R\u00e9ponse \u00e0 16h lors d&rsquo;une conf\u00e9rence de presse \u00e0 suivre en direct avec nous.<\/li>\n<\/ul>\n<p><a href=\"https:\/\/www.tf1info.fr\/actualite\/francois-bayrou-nomme-premier-ministre-gouvernement-ministres-13846\/\" rel=\"noopener\" class=\"jsx-484472199 Link jsx-1428418400 jsx-2392744303\" target=\"_blank\"><\/p>\n<p style=\"font-weight:400\" class=\"jsx-1837267516\">Suivez la couverture compl\u00e8te<\/p>\n<p style=\"font-weight:800\" class=\"jsx-1837267516\">Le gouvernement Bayrou tente tant bien que mal de tenir le cap<\/p>\n<p><\/a>Minute par minuteQUELLES ECONOMIES POUR LE RN ?07:46<\/p>\n<p>\u00ab\u00a0Il y a des \u00e9conomies structurelles sur l&rsquo;Etat qui peuvent rapporter d\u00e8s cette ann\u00e9e\u00a0\u00bb, estime Thomas M\u00e9nag\u00e9, \u00e9voquant l&rsquo;aide publique au d\u00e9veloppement, la suppression de certaines agences d&rsquo;Etat, \u00a0l&rsquo;immigration ou encore l&rsquo;Union europ\u00e9enne. \u00ab\u00a0Il y a une multiplicit\u00e9 d&rsquo;\u00e9conomies qui permettent d&rsquo;arriver \u00e0 40 milliards\u00a0\u00bb.<\/p>\n<p>BAYROU \u00ab\u00a0SUR L&rsquo;AUTOROUTE DE LA CENSURE\u00a0\u00bb07:43<\/p>\n<p>Que pense le Rassemblement national de l'\u00a0\u00bbann\u00e9e blanche\u00a0\u00bb, solution envisag\u00e9e par le gouvernement pour trouver 40 milliards d&rsquo;euros d&rsquo;\u00e9conomies. \u00ab\u00a0C&rsquo;est un peu le n\u00e9ant de la volont\u00e9 politique\u00a0\u00bb, a r\u00e9pondu le porte-parole du parti Thomas M\u00e9nag\u00e9 ce matin sur TF1.<\/p>\n<p>\u00ab\u00a0Cette ann\u00e9e blanche c&rsquo;est des imp\u00f4ts d\u00e9guis\u00e9s, l&rsquo;imp\u00f4t sur le revenu qui va augmenter, les retraites qui vont baisser car elles ne seront plus index\u00e9es sur l&rsquo;inflation\u00a0\u00bb, a-t-il comment\u00e9, assurant que Fran\u00e7ois Bayrou, s&rsquo;il annonce cela cet apr\u00e8s-midi, \u00ab\u00a0est sur l&rsquo;autoroute de la censure\u00a0\u00bb.\u00a0<\/p>\n<p>O\u00d9 TROUVER 40 MILLIARDS D&rsquo;\u00c9CONOMIES ?06:27<\/p>\n<p>Le Premier ministre a poursuivi les consultations tout le week-end avec son gouvernement. S&rsquo;il a refus\u00e9 de d\u00e9voiler ses choix avant l&rsquo;heure, plusieurs pistes ont d\u00e9j\u00e0 \u00e9t\u00e9 avanc\u00e9es et \u00e9voqu\u00e9es.<\/p>\n<p>\u00c9conomie<img decoding=\"async\" src=\"https:\/\/www.europesays.com\/fr\/wp-content\/uploads\/2025\/07\/bercy-2226-4bce7e-0@1x.jpeg\" alt=\"La lutte contre la fraude fiscale a connu quelques mois d'interruption en raison du Covid-19.\" loading=\"lazy\" importance=\"low\" fetchpriority=\"low\" class=\"\" aria-hidden=\"true\"\/>Publi\u00e9 aujourd&rsquo;hui \u00e0 6h36UN \u00ab\u00a0EFFORT \u00c0 TOUS LES FRAN\u00c7AIS\u00a0\u00bb06:26<\/p>\n<p>Rendez-vous a \u00e9t\u00e9 donn\u00e9 \u00e0 la presse \u00e0 16h ce mardi \u00e0 Matignon, pour une \u00ab\u00a0communication du gouvernement\u00a0\u00bb sans autre mention, en pr\u00e9sence de plusieurs ministres. Fran\u00e7ois Bayrou doit resserrer la vis apr\u00e8s l&rsquo;envol\u00e9e du d\u00e9ficit, alors que le Premier ministre est sans marges de man\u0153uvre financi\u00e8re et en \u00e9quilibre politique pr\u00e9caire.<\/p>\n<p>Ce plan de retour \u00e0 l&rsquo;\u00e9quilibre sur \u00ab\u00a0quatre ans\u00a0\u00bb va demander \u00ab\u00a0un effort \u00e0 tous les Fran\u00e7ais\u00a0\u00bb, avait affirm\u00e9 Fran\u00e7ois Bayrou fin mai, excluant ainsi de cibler telle ou telle cat\u00e9gorie. Mais il n&rsquo;a pas beaucoup donn\u00e9 d&rsquo;indices depuis.<\/p>\n<p>BONJOUR06:22<\/p>\n<p>Bienvenue dans ce direct consacr\u00e9 aux annonces des grandes orientations du budget 2026. Ce mardi \u00e0 16h, le Premier ministre Fran\u00e7ois Bayrou d\u00e9voilera comment le gouvernement compte faire 40 milliards d&rsquo;\u00e9conomies, tout en augmentant le budget des arm\u00e9es, afin de ramener le d\u00e9ficit \u00e0 4,6% du PIB l&rsquo;an prochain, contre 5,8 en 2024. Suivez ici, tout au long de la journ\u00e9e, les r\u00e9actions de nos invit\u00e9s, mais aussi les \u00e9clairages de nos sp\u00e9cialistes.<\/p>\n<p data-module=\"article-paragraph\" class=\"jsx-3046738180 Paragraph\">Jour J pour le Premier ministre. Fran\u00e7ois Bayrou va d\u00e9voiler ce mardi ses orientations budg\u00e9taires, avec l&rsquo;objectif de trouver 40 milliards d&rsquo;euros d&rsquo;\u00e9conomies pour 2026 et ainsi resserrer la vis apr\u00e8s l&rsquo;envol\u00e9e du d\u00e9ficit. Un exercice qui s&rsquo;annonce tr\u00e8s p\u00e9rilleux pour un Premier ministre sans marges de man\u0153uvre financi\u00e8re et en \u00e9quilibre politique pr\u00e9caire. Le suspense est grand au vu de la discr\u00e9tion de Fran\u00e7ois Bayrou ces derniers jours qui n&rsquo;a rien laiss\u00e9 filtrer jusqu&rsquo;\u00e0 pr\u00e9sent de ses intentions pour redresser les finances publiques.<\/p>\n<p data-module=\"article-paragraph\" class=\"jsx-3046738180 Paragraph Paragraph__End\">Le rendez-vous a \u00e9t\u00e9 donn\u00e9 \u00e0 la presse et aux Fran\u00e7ais \u00e0 16H00 ce mardi \u00e0 Matignon. Les services du Premier ministre ont \u00e9galement convi\u00e9 l&rsquo;ensemble des chefs de groupes parlementaires. Eric Coquerel, en tant que pr\u00e9sident de la commission des Finances \u00e0 l&rsquo;Assembl\u00e9e, sera pr\u00e9sent.<\/p>\n<p><a href=\"https:\/\/www.tf1info.fr\/economie\/annee-blanche-tva-sociale-credits-d-impots-ou-trouver-40-milliards-d-euros-d-economies-pour-le-budget-2026-2381634.html\" rel=\"noopener\" class=\"jsx-3308031228 Link flex\" target=\"_blank\"><img decoding=\"async\" src=\"https:\/\/www.europesays.com\/fr\/wp-content\/uploads\/2025\/07\/bercy-2226-267d57-0@1x.jpeg\" alt=\"La lutte contre la fraude fiscale a connu quelques mois d'interruption en raison du Covid-19.\" loading=\"lazy\" importance=\"low\" fetchpriority=\"low\" class=\"\" aria-hidden=\"true\"\/><\/p>\n<p class=\"jsx-3657663356 ReadMoreArticle__Title\">Lire aussi<\/p>\n<p class=\"jsx-3657663356\">\u00ab\u00a0Ann\u00e9e blanche\u00a0\u00bb, TVA sociale, cr\u00e9dits d&rsquo;imp\u00f4ts\u2026 O\u00f9 trouver 40 milliards d&rsquo;\u00e9conomies pour le budget 2026 ?<\/p>\n<p><\/a><\/p>\n<p data-module=\"article-paragraph\" class=\"jsx-3046738180 Paragraph\">Ce plan de retour \u00e0 l&rsquo;\u00e9quilibre sur \u00ab\u00a0quatre ans\u00a0\u00bb va demander \u00ab\u00a0un effort \u00e0 tous les Fran\u00e7ais\u00a0\u00bb, avait affirm\u00e9 Fran\u00e7ois Bayrou fin mai, excluant ainsi de cibler telle ou telle cat\u00e9gorie. Mais il n&rsquo;a pas beaucoup donn\u00e9 d&rsquo;indices depuis.<\/p>\n<p data-module=\"article-paragraph\" class=\"jsx-3046738180 Paragraph Paragraph__End\">Le chef du gouvernement \u00ab\u00a0a pris toutes les demandes\u00a0\u00bb et \u00ab\u00a0toutes les hypoth\u00e8ses\u00a0\u00bb des partis politiques et de Bercy et \u00ab\u00a0il est en train de faire l&rsquo;assemblage final avec son \u00e9quipe rapproch\u00e9e\u00a0\u00bb, r\u00e9sumait vendredi la porte-parole du gouvernement Sophie Primas.<\/p>\n<p data-module=\"article-paragraph\" class=\"jsx-3046738180 Paragraph\">Le budget pour 2026 est un des sommets de \u00ab\u00a0l&rsquo;Himalaya\u00a0\u00bb d\u00e9crits par Fran\u00e7ois Bayrou comme autant d&rsquo;obstacles \u00e0 franchir. Un vrai casse-t\u00eate. D&rsquo;abord au vu des menaces de censure, puisqu&rsquo;il n&rsquo;a pas de majorit\u00e9 \u00e0 l&rsquo;Assembl\u00e9e nationale, augurant d&rsquo;un automne \u00e0 haut risque, lorsqu&rsquo;il s&rsquo;agira de d\u00e9battre au Parlement. Mais compte-tenu aussi des contraintes ext\u00e9rieures, avec le r\u00e9armement voulu par le pr\u00e9sident de la R\u00e9publique et les hausses de droits de douane am\u00e9ricains.<\/p>\n<p data-module=\"article-paragraph\" class=\"jsx-3046738180 Paragraph Paragraph__End\">En attendant les arbitrages du Premier ministre, forces politiques et moult organismes ont multipli\u00e9 les propositions, parfois oppos\u00e9es, pour d\u00e9gager au moins 40 milliards d&rsquo;euros d&rsquo;\u00e9conomies. L&rsquo;<a href=\"https:\/\/www.tf1info.fr\/economie\/budget-2026-combien-paierez-vous-en-cas-d-annee-blanche-sur-le-bareme-de-l-impot-sur-le-revenu-2381436.html\" target=\"_blank\" rel=\"noopener\">\u00ab\u00a0ann\u00e9e blanche\u00a0\u00bb (nouvelle fen\u00eatre)<\/a> est une piste privil\u00e9gi\u00e9e par le gouvernement. \u00a0Ce gel budg\u00e9taire toucherait les d\u00e9penses de l&rsquo;\u00c9tat mais \u00e9pargnerait la D\u00e9fense, qu&rsquo;Emmanuel Macron veut soutenir davantage face \u00e0 \u00ab\u00a0l&rsquo;aggravation des menaces\u00a0\u00bb. Fran\u00e7ois Bayrou devra toutefois d\u00e9cider si cette \u00ab\u00a0ann\u00e9e blanche\u00a0\u00bb concernera aussi le bar\u00e8me des imp\u00f4ts alors que le gouvernement ne veut pas les augmenter, les prestations sociales ou les pensions de retraite. R\u00e9ponse ce mardi \u00e0 16h.<\/p>\n<p>La r\u00e9daction de TF1info<\/p>\n","protected":false},"excerpt":{"rendered":"Ce mardi, le Premier ministre va pr\u00e9senter son plan pour redresser les finances publiques. \u00ab\u00a0Ann\u00e9e blanche\u00a0\u00bb, TVA sociale,&hellip;\n","protected":false},"author":2,"featured_media":250914,"comment_status":"","ping_status":"","sticky":false,"template":"","format":"standard","meta":{"footnotes":""},"categories":[2],"tags":[39111,38810,1111,11,1921,416,39112,1073,1011,27,431,1922,12,25,133,4530],"class_list":{"0":"post-250913","1":"post","2":"type-post","3":"status-publish","4":"format-standard","5":"has-post-thumbnail","7":"category-actualites","8":"tag-conclave-sur-les-retraites","9":"tag-40-milliards-deuros-a-trouver-pour-2026-bayrou-va-devoiler-un-budget-choc","10":"tag-actu","11":"tag-actualites","12":"tag-article-video","13":"tag-assemblee-nationale","14":"tag-budget-le-gouvernement-bayrou-tente-davancer","15":"tag-emmanuel-macron","16":"tag-fr","17":"tag-france","18":"tag-francois-bayrou","19":"tag-info","20":"tag-news","21":"tag-republique-francaise","22":"tag-video","23":"tag-video-politique"},"share_on_mastodon":{"url":"https:\/\/pubeurope.com\/@fr\/114855747628650232","error":""},"_links":{"self":[{"href":"https:\/\/www.europesays.com\/fr\/wp-json\/wp\/v2\/posts\/250913","targetHints":{"allow":["GET"]}}],"collection":[{"href":"https:\/\/www.europesays.com\/fr\/wp-json\/wp\/v2\/posts"}],"about":[{"href":"https:\/\/www.europesays.com\/fr\/wp-json\/wp\/v2\/types\/post"}],"author":[{"embeddable":true,"href":"https:\/\/www.europesays.com\/fr\/wp-json\/wp\/v2\/users\/2"}],"replies":[{"embeddable":true,"href":"https:\/\/www.europesays.com\/fr\/wp-json\/wp\/v2\/comments?post=250913"}],"version-history":[{"count":0,"href":"https:\/\/www.europesays.com\/fr\/wp-json\/wp\/v2\/posts\/250913\/revisions"}],"wp:featuredmedia":[{"embeddable":true,"href":"https:\/\/www.europesays.com\/fr\/wp-json\/wp\/v2\/media\/250914"}],"wp:attachment":[{"href":"https:\/\/www.europesays.com\/fr\/wp-json\/wp\/v2\/media?parent=250913"}],"wp:term":[{"taxonomy":"category","embeddable":true,"href":"https:\/\/www.europesays.com\/fr\/wp-json\/wp\/v2\/categories?post=250913"},{"taxonomy":"post_tag","embeddable":true,"href":"https:\/\/www.europesays.com\/fr\/wp-json\/wp\/v2\/tags?post=250913"}],"curies":[{"name":"wp","href":"https:\/\/api.w.org\/{rel}","templated":true}]}}