{"id":250917,"date":"2025-07-15T06:06:19","date_gmt":"2025-07-15T06:06:19","guid":{"rendered":"https:\/\/www.europesays.com\/fr\/250917\/"},"modified":"2025-07-15T06:06:19","modified_gmt":"2025-07-15T06:06:19","slug":"budget-2026-de-la-france-on-est-dans-un-etat-dextreme-urgence-selon-le-senateur-jean-francois-husson","status":"publish","type":"post","link":"https:\/\/www.europesays.com\/fr\/250917\/","title":{"rendered":"Budget 2026 de la France\u00a0: \u00ab\u00a0On est dans un \u00e9tat d&rsquo;extr\u00eame urgence\u00a0\u00bb, selon le s\u00e9nateur Jean-Fran\u00e7ois Husson"},"content":{"rendered":"<p>Comment \u00e9conomiser 40 milliards d&rsquo;euros dans le budget 2026 de la France\u00a0? La t\u00e2che s&rsquo;annonce ardue pour le Premier ministre Fran\u00e7ois Bayrou qui d\u00e9voile ses arbitrages ce mardi. Jean-Fran\u00e7ois Husson, s\u00e9nateur LR de Meurthe-et-Moselle et rapporteur g\u00e9n\u00e9ral du budget est l&rsquo;invit\u00e9 d&rsquo;ICI Sud Lorraine. <\/p>\n<p>\u00ab\u00a0Un exercice difficile. Je ne sais pas si c&rsquo;est la derni\u00e8re chance qui est offerte au pays\u00a0\u00bb, estime le s\u00e9nateur LR de Meurthe-et-Moselle Jean-Fran\u00e7ois Husson alors que le Premier ministre Fran\u00e7ois Bayrou pr\u00e9sente ce mardi 15 juillet son <strong>plan de redressement des finances publiques<\/strong>.<\/p>\n<p>Invit\u00e9 d&rsquo;ICI Sud Lorraine, le rapporteur g\u00e9n\u00e9ral du budget estime qu'\u00a0\u00bbil y a eu une descente aux enfers budg\u00e9taire de plus de 1 000 milliards de d\u00e9rive en 7 ans. On est dans un \u00e9tat d&rsquo;extr\u00eame urgence, il faut pouvoir emmener les Fran\u00e7ais avec un facteur confiance dont je dois dire qu&rsquo;aujourd&rsquo;hui, il nous manque\u00a0\u00bb.<\/p>\n<p>Sur l&rsquo;id\u00e9e d&rsquo;un gel des d\u00e9penses publiques, une \u00ab\u00a0ann\u00e9e blanche\u00a0\u00bb, Jean-Fran\u00e7ois Husson juge que \u00ab\u00a0cette proposition permet de partager l&rsquo;effort entre tous les Fran\u00e7ais [&#8230;] \u00e9videmment il faut aussi faite attention aux enjeux de coh\u00e9sion sociale\u00a0\u00bb.<\/p>\n<p>\u00ab\u00a0Prenons le temps\u00a0\u00bb, insiste l&rsquo;\u00e9lu, \u00ab\u00a0des choses seront pos\u00e9es par le Premier ministre. Ensuite, il reviendra au gouvernement d&rsquo;ajuster et de pr\u00e9senter sa copie puis au Parlement de faire des propositions et des contre-propositions.\u00a0\u00bb Les Fran\u00e7ais \u00e9chapperont-ils \u00e0 des <strong>hausses d&rsquo;imp\u00f4ts\u00a0?<\/strong> \u00ab\u00a0La priorit\u00e9 est d&rsquo;abord de r\u00e9duire notre niveau de d\u00e9pense publique\u00a0\u00bb, selon Jean-Fran\u00e7ois Husson.<\/p>\n","protected":false},"excerpt":{"rendered":"Comment \u00e9conomiser 40 milliards d&rsquo;euros dans le budget 2026 de la France\u00a0? La t\u00e2che s&rsquo;annonce ardue pour le&hellip;\n","protected":false},"author":2,"featured_media":250918,"comment_status":"","ping_status":"","sticky":false,"template":"","format":"standard","meta":{"footnotes":""},"categories":[4],"tags":[11,1011,27,12,25],"class_list":{"0":"post-250917","1":"post","2":"type-post","3":"status-publish","4":"format-standard","5":"has-post-thumbnail","7":"category-france","8":"tag-actualites","9":"tag-fr","10":"tag-france","11":"tag-news","12":"tag-republique-francaise"},"share_on_mastodon":{"url":"https:\/\/pubeurope.com\/@fr\/114855751562013128","error":""},"_links":{"self":[{"href":"https:\/\/www.europesays.com\/fr\/wp-json\/wp\/v2\/posts\/250917","targetHints":{"allow":["GET"]}}],"collection":[{"href":"https:\/\/www.europesays.com\/fr\/wp-json\/wp\/v2\/posts"}],"about":[{"href":"https:\/\/www.europesays.com\/fr\/wp-json\/wp\/v2\/types\/post"}],"author":[{"embeddable":true,"href":"https:\/\/www.europesays.com\/fr\/wp-json\/wp\/v2\/users\/2"}],"replies":[{"embeddable":true,"href":"https:\/\/www.europesays.com\/fr\/wp-json\/wp\/v2\/comments?post=250917"}],"version-history":[{"count":0,"href":"https:\/\/www.europesays.com\/fr\/wp-json\/wp\/v2\/posts\/250917\/revisions"}],"wp:featuredmedia":[{"embeddable":true,"href":"https:\/\/www.europesays.com\/fr\/wp-json\/wp\/v2\/media\/250918"}],"wp:attachment":[{"href":"https:\/\/www.europesays.com\/fr\/wp-json\/wp\/v2\/media?parent=250917"}],"wp:term":[{"taxonomy":"category","embeddable":true,"href":"https:\/\/www.europesays.com\/fr\/wp-json\/wp\/v2\/categories?post=250917"},{"taxonomy":"post_tag","embeddable":true,"href":"https:\/\/www.europesays.com\/fr\/wp-json\/wp\/v2\/tags?post=250917"}],"curies":[{"name":"wp","href":"https:\/\/api.w.org\/{rel}","templated":true}]}}