{"id":250919,"date":"2025-07-15T06:07:11","date_gmt":"2025-07-15T06:07:11","guid":{"rendered":"https:\/\/www.europesays.com\/fr\/250919\/"},"modified":"2025-07-15T06:07:11","modified_gmt":"2025-07-15T06:07:11","slug":"lopen-decosse-critique-pour-son-manque-de-professionnalisme-par-un-joueur-du-pga-tour","status":"publish","type":"post","link":"https:\/\/www.europesays.com\/fr\/250919\/","title":{"rendered":"L&rsquo;Open d&rsquo;Ecosse critiqu\u00e9 pour son manque de professionnalisme par un joueur du PGA Tour"},"content":{"rendered":"<p>\t\t\t\t\t\t<img width=\"770\" height=\"556\" src=\"data:image\/svg+xml,%3Csvg%20xmlns=\" http:=\"\" class=\"img-responsive wp-post-image\" alt=\"Michael Kim Photo by Warren Little\/Getty Images\" decoding=\"async\" fetchpriority=\"high\" data-lazy- data-lazy- data-lazy-src=\"https:\/\/www.europesays.com\/fr\/wp-content\/uploads\/2025\/07\/afp__20250710__2224505776__v3__highres__genesisscottishopen2025dayone-770x556.jpg\"\/>\t\t\t\t\t<\/p>\n<p>\t\t\t\t\t\t Partager cet article <\/p>\n<p class=\"screen-reader-text juiz_sps_maybe_hidden_text\">Partager la publication \u00ab\u00a0L\u2019Open d\u2019Ecosse critiqu\u00e9 pour son manque de professionnalisme par un joueur du PGA Tour\u00a0\u00bb<\/p>\n<p><strong>Depuis plusieurs ann\u00e9es, l\u2019Open d\u2019\u00c9cosse est devenu le rendez-vous incontournable pour pr\u00e9parer le dernier Majeur de la saison. A tel point que le tournoi est d\u00e9sormais co-sanctionn\u00e9 par le PGA Tour et le DP World Tour. Mais cette \u00e9dition ne s\u2019est pas d\u00e9roul\u00e9e comme pr\u00e9vu.<\/strong><\/p>\n<p>\nDimanche, c\u2019est un Am\u00e9ricain pur jus qui s\u2019est impos\u00e9 sur le green du 18 du <strong>Renaissance Club<\/strong> \u00e0 North Berwick. <a href=\"https:\/\/www.golfplanete.com\/actualites\/surprise-gotterup-victoire-scottish-ecosse-mcilroy-ryder-cup-europe-rozner\/\" rel=\"nofollow noopener\" target=\"_blank\">Chris Gotterup a succ\u00e9d\u00e9 \u00e0 Robert MacIntyre<\/a> et <strong>Rory<\/strong> <strong>McIlroy<\/strong>, les deux pr\u00e9c\u00e9dents vainqueurs du <strong>Genesis Scottish Open<\/strong>.<\/p>\n<p>En d\u00e9crochant la victoire, le joueur de 25 ans s\u2019est \u00e9galement ouvert les portes de <strong>The Open<\/strong> cette semaine au <strong>Royal Portrush<\/strong>.\u00a0<\/p>\n<blockquote><p>\nLes num\u00e9ros des trous \u00e9taient faux sur la feuille des positions de drapeau\n<\/p><\/blockquote>\n<p>Car \u00e0 l\u2019inverse de la plupart des joueurs du <strong>PGA<\/strong> <strong>Tour<\/strong> pr\u00e9sents dans l\u2019East Lothian, Gotterup n\u2019\u00e9tait pas encore qualifi\u00e9 pour le dernier Majeur de la saison.<\/p>\n<p>\t\t\t\t\t<a id=\"178488\" href=\"https:\/\/www.golfplanete.com\/jeux-concours-golf-planete\/\" target=\"_blank\" rel=\"sponsorised nofollow noopener\"><img decoding=\"async\" src=\"data:image\/svg+xml,%3Csvg%20xmlns=\" http:=\"\" class=\"img-responsive\" alt=\"\" data-lazy-src=\"https:\/\/www.europesays.com\/fr\/wp-content\/uploads\/2025\/07\/motocaddy-j08v2-m-theopen-770x385-1.gif\"\/><\/a><\/p>\n<p><strong>Michael Kim<\/strong> \u00e9tait \u00e9galement pr\u00e9sent dans ce tournoi, et le moins qu\u2019on puisse dire c\u2019est que le 31e de la <a href=\"https:\/\/www.pgatour.com\/fedexcup\" target=\"_blank\" rel=\"noopener nofollow\">FedEx Cup<\/a> n\u2019a pas vraiment \u201cgo\u00fbt\u00e9\u201d sa semaine en Ecosse et sur les r\u00e9seaux il s\u2019est m\u00eame montr\u00e9 tr\u00e8s critique envers l\u2019organisation du tournoi.<\/p>\n<p>\u00a0\u00ab La fa\u00e7on dont le DP World Tour a organis\u00e9 le tournoi cette semaine\u2026 laissait beaucoup \u00e0 d\u00e9sirer. Les num\u00e9ros des trous \u00e9taient faux sur la feuille des positions de drapeau et le vol charter pour se rendre \u00e0 The Open, c\u2019\u00e9tait juste n\u2019importe quoi \u00bb, a \u00e9crit le natif de S\u00e9oul, connu pour ne pas avoir sa langue dans sa poche.<\/p>\n<p>\u00a0<\/p>\n<blockquote class=\"twitter-tweet\">\n<p dir=\"ltr\" lang=\"en\">Thoughts from Scottish:<br \/>-Links golf is great. Renaissance gets a lot of hate which I get but it\u2019s still a good course. <br \/>-Justin Rose played really well Sunday and was fun to watch. He loves hitting it super straight (no curvature) and when it\u2019s clicking, it\u2019s really good.\u2026<\/p>\n<p>\u2014 Michael S. Kim (@Mike_kim714) <a href=\"https:\/\/twitter.com\/Mike_kim714\/status\/1944672227741573386?ref_src=twsrc%5Etfw\" rel=\"nofollow noopener\" target=\"_blank\">July 14, 2025<\/a><\/p>\n<\/blockquote>\n<p>\u00a0<\/p>\n<p>Dans son long post \u00e9num\u00e9rant ses pens\u00e9es concernant son crochet par l\u2019Ecosse, il explique qu\u2019il a tout de m\u00eame trouv\u00e9 quelque chose de positif. La nourriture !<\/p>\n<p>\u00ab On se moque toujours de la nourriture au Royaume-Uni, mais \u00e0 mon avis, les plats les moins bons sont meilleurs que ceux que l\u2019on mange aux USA\u2026 Je suis toujours agr\u00e9ablement surpris par certains plats ici, haha. \u00bb\u00a0<\/p>\n<p>\u00a0<\/p>\n<p>\u00a9 Warren Little\/Getty Images<\/p>\n<p>\t\t\t<script async src=\"https:\/\/platform.twitter.com\/widgets.js\" charset=\"utf-8\"><\/script><\/p>\n","protected":false},"excerpt":{"rendered":"Partager cet article Partager la publication \u00ab\u00a0L\u2019Open d\u2019Ecosse critiqu\u00e9 pour son manque de professionnalisme par un joueur du&hellip;\n","protected":false},"author":2,"featured_media":250920,"comment_status":"","ping_status":"","sticky":false,"template":"","format":"standard","meta":{"footnotes":""},"categories":[1418],"tags":[1011,27,1472,60],"class_list":{"0":"post-250919","1":"post","2":"type-post","3":"status-publish","4":"format-standard","5":"has-post-thumbnail","7":"category-golf","8":"tag-fr","9":"tag-france","10":"tag-golf","11":"tag-sports"},"share_on_mastodon":{"url":"https:\/\/pubeurope.com\/@fr\/114855755383173447","error":""},"_links":{"self":[{"href":"https:\/\/www.europesays.com\/fr\/wp-json\/wp\/v2\/posts\/250919","targetHints":{"allow":["GET"]}}],"collection":[{"href":"https:\/\/www.europesays.com\/fr\/wp-json\/wp\/v2\/posts"}],"about":[{"href":"https:\/\/www.europesays.com\/fr\/wp-json\/wp\/v2\/types\/post"}],"author":[{"embeddable":true,"href":"https:\/\/www.europesays.com\/fr\/wp-json\/wp\/v2\/users\/2"}],"replies":[{"embeddable":true,"href":"https:\/\/www.europesays.com\/fr\/wp-json\/wp\/v2\/comments?post=250919"}],"version-history":[{"count":0,"href":"https:\/\/www.europesays.com\/fr\/wp-json\/wp\/v2\/posts\/250919\/revisions"}],"wp:featuredmedia":[{"embeddable":true,"href":"https:\/\/www.europesays.com\/fr\/wp-json\/wp\/v2\/media\/250920"}],"wp:attachment":[{"href":"https:\/\/www.europesays.com\/fr\/wp-json\/wp\/v2\/media?parent=250919"}],"wp:term":[{"taxonomy":"category","embeddable":true,"href":"https:\/\/www.europesays.com\/fr\/wp-json\/wp\/v2\/categories?post=250919"},{"taxonomy":"post_tag","embeddable":true,"href":"https:\/\/www.europesays.com\/fr\/wp-json\/wp\/v2\/tags?post=250919"}],"curies":[{"name":"wp","href":"https:\/\/api.w.org\/{rel}","templated":true}]}}