{"id":250921,"date":"2025-07-15T06:09:15","date_gmt":"2025-07-15T06:09:15","guid":{"rendered":"https:\/\/www.europesays.com\/fr\/250921\/"},"modified":"2025-07-15T06:09:15","modified_gmt":"2025-07-15T06:09:15","slug":"super-xiii-lucas-albert-rempile-a-carcassonne-xiii-rugby-a-xiii","status":"publish","type":"post","link":"https:\/\/www.europesays.com\/fr\/250921\/","title":{"rendered":"Super XIII &#8211; Lucas Albert rempile \u00e0 Carcassonne XIII &#8211; Rugby \u00e0 XIII"},"content":{"rendered":"<p style=\"text-align: justify;\"><strong>Les Canaris viennent d\u2019officialiser la prolongation de leur demi de m\u00eal\u00e9e pour la saison 2025-2026.<\/strong><\/p>\n<p style=\"text-align: justify;\">Lucas Albert, c\u2019est 48 matchs de Super League avec les Dragons Catalans, 21 matchs de Super League avec le Toulouse Olympique et une participation \u00e0 la Coupe du monde 2017 avec l\u2019Equipe de France. Il reste \u00e0 ce jour le plus jeune fran\u00e7ais \u00e0 avoir d\u00e9but\u00e9 un match de Super League \u00e0 seulement 17 ans, face \u00e0 Widnes. Il gagne la Challenge Cup avec les Dragons Catalans en 2018, un titre m\u00e9morable dans l\u2019histoire du rugby \u00e0 XIII fran\u00e7ais.<\/p>\n<p style=\"text-align: justify;\">L\u2019ancien joueur des Dragons Catalans rempile pour une troisi\u00e8me saison cons\u00e9cutive avec Carcassonne XIII. Champion de France en 2024, les Jaune et Noir sortent d\u2019une tr\u00e8s bonne saison en 2025 avec une deuxi\u00e8me place derri\u00e8re Albi et une d\u00e9faite face \u00e0 ce dernier 26-16 en finale. Les Canaris voudront s\u00fbrement r\u00e9cup\u00e9rer leur tr\u00f4ne en 2026. Ils pourront compter sur leur international fran\u00e7ais Lucas Albert pour amener toute son exp\u00e9rience et son leadership.<\/p>\n<blockquote class=\"instagram-media\" data-instgrm-captioned=\"\" data-instgrm-permalink=\"https:\/\/www.instagram.com\/p\/DMCa92RIUyY\/?utm_source=ig_embed&amp;utm_campaign=loading\" data-instgrm-version=\"14\" style=\" background:#FFF; border:0; border-radius:3px; box-shadow:0 0 1px 0 rgba(0,0,0,0.5),0 1px 10px 0 rgba(0,0,0,0.15); margin: 1px; max-width:500px; min-width:326px; padding:0; width:99.375%; width:-webkit-calc(100% - 2px); width:calc(100% - 2px);\">\n<\/blockquote>\n<p>        <script async src=\"\/\/www.instagram.com\/embed.js\"><\/script><\/p>\n","protected":false},"excerpt":{"rendered":"Les Canaris viennent d\u2019officialiser la prolongation de leur demi de m\u00eal\u00e9e pour la saison 2025-2026. Lucas Albert, c\u2019est&hellip;\n","protected":false},"author":2,"featured_media":125937,"comment_status":"","ping_status":"","sticky":false,"template":"","format":"standard","meta":{"footnotes":""},"categories":[1416],"tags":[7298,1011,27,39113,7742,479,2228,1468,2229,60,2231],"class_list":{"0":"post-250921","1":"post","2":"type-post","3":"status-publish","4":"format-standard","5":"has-post-thumbnail","7":"category-rugby","8":"tag-carcassonne-xiii","9":"tag-fr","10":"tag-france","11":"tag-lucas-albert","12":"tag-prolongation","13":"tag-rugby","14":"tag-rugby-a-xiii","15":"tag-rugby-football","16":"tag-rugby-league","17":"tag-sports","18":"tag-super-xiii"},"share_on_mastodon":{"url":"https:\/\/pubeurope.com\/@fr\/114855763214545318","error":""},"_links":{"self":[{"href":"https:\/\/www.europesays.com\/fr\/wp-json\/wp\/v2\/posts\/250921","targetHints":{"allow":["GET"]}}],"collection":[{"href":"https:\/\/www.europesays.com\/fr\/wp-json\/wp\/v2\/posts"}],"about":[{"href":"https:\/\/www.europesays.com\/fr\/wp-json\/wp\/v2\/types\/post"}],"author":[{"embeddable":true,"href":"https:\/\/www.europesays.com\/fr\/wp-json\/wp\/v2\/users\/2"}],"replies":[{"embeddable":true,"href":"https:\/\/www.europesays.com\/fr\/wp-json\/wp\/v2\/comments?post=250921"}],"version-history":[{"count":0,"href":"https:\/\/www.europesays.com\/fr\/wp-json\/wp\/v2\/posts\/250921\/revisions"}],"wp:featuredmedia":[{"embeddable":true,"href":"https:\/\/www.europesays.com\/fr\/wp-json\/wp\/v2\/media\/125937"}],"wp:attachment":[{"href":"https:\/\/www.europesays.com\/fr\/wp-json\/wp\/v2\/media?parent=250921"}],"wp:term":[{"taxonomy":"category","embeddable":true,"href":"https:\/\/www.europesays.com\/fr\/wp-json\/wp\/v2\/categories?post=250921"},{"taxonomy":"post_tag","embeddable":true,"href":"https:\/\/www.europesays.com\/fr\/wp-json\/wp\/v2\/tags?post=250921"}],"curies":[{"name":"wp","href":"https:\/\/api.w.org\/{rel}","templated":true}]}}