{"id":250922,"date":"2025-07-15T06:10:10","date_gmt":"2025-07-15T06:10:10","guid":{"rendered":"https:\/\/www.europesays.com\/fr\/250922\/"},"modified":"2025-07-15T06:10:10","modified_gmt":"2025-07-15T06:10:10","slug":"les-coups-de-coeur-et-les-coups-de-griffe-de-notre-envoye-special","status":"publish","type":"post","link":"https:\/\/www.europesays.com\/fr\/250922\/","title":{"rendered":"les coups de c\u0153ur et les coups de griffe de notre envoy\u00e9 sp\u00e9cial"},"content":{"rendered":"<p><strong>ANALYSE &#8211; <\/strong>Apr\u00e8s une quinzaine riche en \u00e9motions, d\u00e9couvrez ce qui a retenu l\u2019attention de l\u2019envoy\u00e9 sp\u00e9cial \u00e0 Londres.<\/p>\n<p class=\"fig-paragraph\"><strong>Coups de c\u0153ur<\/strong><\/p>\n<p>Les larmes d\u2019Anisimova<\/p>\n<p class=\"fig-paragraph\">Humili\u00e9e 6-0, 6-0 samedi en finale\u00a0<a href=\"http:\/\/www.lefigaro.fr\/sports\/tennis\/wimbledon\/wimbledon-sacree-pour-la-premiere-fois-a-londres-iga-swiatek-detruit-amanda-anisimova-en-finale-20250712\" data-fig-type=\"NewsFlash\" data-gtm-custom-categorie=\"navigation\" data-gtm-custom-action=\"crossclick\" data-gtm-custom-label=\"Contextuel\" data-gtm-event=\"customEventSPE\" data-fig-domain=\"LEFIGARO\" target=\"_blank\" rel=\"noopener\">par une impitoyable Iga Swiatek,<\/a>\u00a0l\u2019Am\u00e9ricaine de 23 ans qui disputait sa premi\u00e8re finale de Grand Chelem a \u00e9t\u00e9 rattrap\u00e9e par l\u2019enjeu. Plus lucide dans son discours d\u2019apr\u00e8s match que sur le court, ele a aussi beaucoup pleur\u00e9 et \u00e9mu l\u2019assistance. La jeune fille, demi-finaliste de Roland-Garros 2019 \u00e0 17 ans, annonc\u00e9e comme une future grande, a fait par la suite une d\u00e9pression, apr\u00e8s le d\u00e9c\u00e8s brutal de son p\u00e8re avant l\u2019US Open 2019. Les yeux encore rougis de larmes, apr\u00e8s avoir \u00e9t\u00e9 r\u00e9confort\u00e9e tant bien que mal par la Princesse de Galles Kate Middleton, Amanda Anisimova a eu du mal \u00e0 ne pas \u00eatre rattrap\u00e9e par les \u00e9motions quand elle s\u2019est adress\u00e9e \u00e0 sa m\u00e8re Olga, qui avait fait le voyage jusqu\u2019\u00e0 Londres pour assister cette finale. \u00ab Ma m\u00e8re est la personne la plus importante et elle a tout fait pour m\u2019emmener jusqu\u2019\u00e0 ce niveau. Merci d\u2019avoir mis fin \u00e0 ta superstition de ne pas venir me voir jouer. Ce n\u2019est pas \u00e0 cause de \u00e7a que j\u2019ai perdu. Je t\u2019aime tellement, tu as fait tellement pour ma s\u0153ur et moi.\u00a0\u00bb. Derri\u00e8re ses lunettes de soleil, sa maman essuyant ses larmes. Un sacr\u00e9 moment d\u2019\u00e9motion \u00e9galement pour l\u2019ensemble des spectateurs du Centre Court.<\/p>\n<p>                                    <a class=\"fig-a11y-skip a11y-hidden\" href=\"#fig-a11y-skip-main-inarticle\"><br \/>\n        Passer la publicit\u00e9<br \/>\n    <\/a><\/p>\n<p>La lucidit\u00e9 de Novak Djokovic<\/p>\n<p class=\"fig-paragraph\">Comme \u00e0 Roland-Garros, le v\u00e9t\u00e9ran de 38 ans Novak Djokovic, diminu\u00e9 physiquement, il est vrai, a subi la loi de Jannik Sinner pour la cinqui\u00e8me fois cons\u00e9cutive. L\u2019homme aux 24 titres du Grand Chelem\u00a0<a href=\"http:\/\/www.lefigaro.fr\/sports\/tennis\/wimbledon\/je-n-ai-pas-prevu-de-mettre-aujourd-hui-un-terme-a-ma-carriere-a-wimbledon-djokovic-compte-revenir-a-londres-20250711\" data-fig-type=\"NewsFlash\" data-gtm-custom-categorie=\"navigation\" data-gtm-custom-action=\"crossclick\" data-gtm-custom-label=\"Contextuel\" data-gtm-event=\"customEventSPE\" data-fig-domain=\"LEFIGARO\" target=\"_blank\" rel=\"noopener\">a fait preuve de beaucoup d\u2019honn\u00eatet\u00e9<\/a>\u00a0en conf\u00e9rence de presse avec des aveux qu\u2019il n\u2019avait jamais l\u00e2ch\u00e9s auparavant publiquement. \u00abJe ne pense pas que ce soit de la malchance. C\u2019est juste l\u2019\u00e2ge, l\u2019usure du corps. J\u2019ai beau prendre soin de mon corps, la r\u00e9alit\u00e9 me frappe depuis un an et demi, comme jamais auparavant. C\u2019est difficile pour moi de l\u2019accepter parce que j\u2019ai l\u2019impression que lorsque je suis frais, en forme, je peux encore jouer \u00e0 un tr\u00e8s bon niveau.\u00bb Probl\u00e8me\u00a0: sur les six derniers Majeurs, depuis Roland-Garros l\u2019an pass\u00e9, il s\u2019est bless\u00e9 lors de la moiti\u00e9 d\u2019entre eux\u2026 \u00ab Je pense que jouer au meilleur des cinq manches, devient difficile plus le tournoi avance plus ma condition physique se d\u00e9grade\u00bb. Le constat est limpide. Les mots sont forts. Les l\u00e9gendes ne sont pas \u00e9ternelles mais le Serbe a promis de revenir au moins une fois \u00e0 Wimbledon pour peut-\u00eatre boucler la boucle d\u2019une carri\u00e8re hors norme.<\/p>\n<p>Dimitrov, l\u2019abandon d\u00e9chirant<\/p>\n<p class=\"fig-paragraph\">Trop costaud pour Alcaraz en finale, Jannik Sinner revient de loin. De tr\u00e8s loin. Un impressionnant\u00a0<a href=\"http:\/\/www.lefigaro.fr\/sports\/tennis\/wimbledon\/wimbledon-mene-deux-sets-a-zero-sinner-profite-de-l-abandon-de-dimitrov-pour-rejoindre-les-quarts-20250707\" data-fig-type=\"NewsFlash\" data-gtm-custom-categorie=\"navigation\" data-gtm-custom-action=\"crossclick\" data-gtm-custom-label=\"Contextuel\" data-gtm-event=\"customEventSPE\" data-fig-domain=\"LEFIGARO\" target=\"_blank\" rel=\"noopener\">Grigor Dimitrov<\/a>\u00a0a men\u00e9 deux manches \u00e0 rien contre le num\u00e9ro 1 mondial en 8es de finale. Le futur laur\u00e9at ne trouvant pas de solutions contre un Dimitrov des grands jours. Mais le Bulgare a \u00e9t\u00e9 contraint d\u2019abandonner \u00e0 2-2 dans la troisi\u00e8me manche, victime d\u2019une blessure au muscle pectoral. Grima\u00e7ant de douleur et se palpant le torse pr\u00e8s de son \u00e9paule droite, apr\u00e8s avoir servi. Venu \u00e0 son chevet, Jannik Sinner, \u00e9tait forc\u00e9ment g\u00ean\u00e9 et mal \u00e0 l\u2019aise de ce coup du sort, alors qu\u2019il subissait la loi de son adversaire. Un cr\u00e8ve-c\u0153ur pour celui qui a abandonn\u00e9 pour la cinqui\u00e8me cons\u00e9cutive en Grand Chelem. \u00ab Parfois, le c\u0153ur veut continuer, mais le destin en d\u00e9cide autrement\u00a0\u00bb, a post\u00e9 depuis un lit d\u2019h\u00f4pital, le malheureux Dimitrov. En bless\u00e9 magnifique.<\/p>\n<p>Monfils fait le show en conf\u2019<\/p>\n<p class=\"fig-paragraph\">A 22\u00a0h30, apr\u00e8s quatre heures de jeu et une victoire en cinq sets au premier tour contre Ugo Humbert,\u00a0<a href=\"http:\/\/www.lefigaro.fr\/sports\/tennis\/wimbledon\/wimbledon-papy-monfils-fait-encore-de-la-resistance-20250703\" data-fig-type=\"NewsFlash\" data-gtm-custom-categorie=\"navigation\" data-gtm-custom-action=\"crossclick\" data-gtm-custom-label=\"Contextuel\" data-gtm-event=\"customEventSPE\" data-fig-domain=\"LEFIGARO\" target=\"_blank\" rel=\"noopener\">Ga\u00ebl Monfils<\/a>, bient\u00f4t 39 ans, a r\u00e9gal\u00e9 la mince assistance, en livrant une \u00e9tonnante anecdote sur un contr\u00f4le anti-dopage dans la foul\u00e9e d\u2019une grosse f\u00eate, il y a quelques ann\u00e9es. Apr\u00e8s une question d\u2019un journaliste du Guardian, le v\u00e9t\u00e9ran bleu est revenu sur un contr\u00f4le anti-dopage vieux de plus de quinze ans. \u00abJe devais avoir 21 ans, je revenais d\u2019une f\u00eate et on frappe \u00e0 la porte \u00e0 6h45. J\u2019\u00e9tais un peu dans les vapes et j\u2019ouvre \u00e0 l\u2019inspecteur mais je venais de passer aux toilettes et j\u2019\u00e9tais franchement incapable d\u2019uriner. Je lui ai propos\u00e9 de s\u2019installer dans mon salon. Je suis all\u00e9 me coucher et je me suis r\u00e9veill\u00e9 \u00e0 15 heures! Le mec \u00e9tait toujours l\u00e0, en train de scroller sur son portable. Il aurait pu tout voler dans la maison, non, non je plaisante. J\u2019ai pu satisfaire au contr\u00f4le et il est reparti.\u00bb Mi-g\u00ean\u00e9, mi-amus\u00e9, la Monf\u2019 a conclu. \u00abJ\u2019\u00e9tais plus jeune. Ce sont de bonnes anecdotes \u00e0 21 ans\u00bb. Les t\u00e9moins de la conf\u00e9rence de presse, tous hilares, peuvent confirmer.<\/p>\n<p class=\"fig-paragraph\"><strong>Coups de griffe<\/strong><\/p>\n<p>De l\u2019arbitrage \u00e9lectronique&#8230; et des arbitres sans assistance vid\u00e9o<\/p>\n<p class=\"fig-paragraph\">L\u2019erreur est humaine mais la machine n\u2019est pas parfaite non plus. Pour la premi\u00e8re de sa riche et longue histoire, Wimbledon a d\u00e9cid\u00e9 de se passer de ses juges de ligne en faisant confiance \u00e0 l\u2019arbitrage vid\u00e9o Dans le match entre la<a href=\"http:\/\/www.lefigaro.fr\/sports\/tennis\/wimbledon\/wimbledon-l-arbitre-devra-avoir-une-assistance-video-comme-en-football-estime-pavlyuchenkova-victime-d-une-erreur-d-arbitrage-20250706\" target=\"_blank\" data-fig-type=\"NewsFlash\" rel=\"noopener\" data-gtm-custom-categorie=\"navigation\" data-gtm-custom-action=\"crossclick\" data-gtm-custom-label=\"Contextuel\" data-gtm-event=\"customEventSPE\" data-fig-domain=\"LEFIGARO\">\u00a0Russe Anastasia Pavlyuchenkova<\/a>\u00a0et la Britannique Kartal, le syst\u00e8me \u00e9lectronique d\u2019arbitrage vid\u00e9o a \u00e9t\u00e9 d\u00e9sactiv\u00e9 pendant un jeu entier, seulement du c\u00f4t\u00e9 de la Russe, entra\u00eenant trois erreurs d\u2019arbitrage au profit de la Britannique, lui permettant de r\u00e9aliser le break \u00e0 un moment crucial (Pavlyuchenkova a fini par remporter le match). \u00abVous m\u2019avez vol\u00e9 le jeu\u00bb, a d\u2019ailleurs r\u00e9agi la Russe au changement de c\u00f4t\u00e9. L\u2019arbitre refusant de prendre une d\u00e9cision a refait jouer le point. Apr\u00e8s une enqu\u00eate approfondie, il s\u2019est av\u00e9r\u00e9 que la technologie avait \u00e9t\u00e9 \u00abd\u00e9sactiv\u00e9e par erreur du c\u00f4t\u00e9 du serveur sur une moiti\u00e9 du court pendant un jeu\u00bb. En conf\u00e9rence de presse, la Russe a regrett\u00e9 qu\u2019\u00e0 Wimbledon, l\u2019arbitre ne puisse pas faire appel \u00e0 la vid\u00e9o, r\u00e9clamant une assistance vid\u00e9o comme en football.<\/p>\n<p class=\"fig-body-link\">\n            \u00c0 lire aussi<br \/>\n        <a class=\"fig-body-link__link fig-premium-mark\" href=\"http:\/\/www.lefigaro.fr\/sports\/tennis\/wimbledon\/wimbledon-en-perte-de-vitesse-le-gazon-se-rapproche-de-la-terre-battue-20250706\" data-fig-type=\"Article\" data-gtm-custom-categorie=\"navigation\" data-gtm-custom-action=\"crossclick\" data-gtm-custom-label=\"Contextuel\" data-gtm-event=\"customEventSPE\" data-fig-domain=\"LEFIGARO\" target=\"_blank\" rel=\"noopener\">Wimbledon: en perte de vitesse, le gazon se rapproche de la terre battue<br \/>\n    <\/a>\n<\/p>\n<p>                                    <a class=\"fig-a11y-skip a11y-hidden\" href=\"#fig-a11y-skip-main-inarticle_mtf\"><br \/>\n        Passer la publicit\u00e9<br \/>\n    <\/a><\/p>\n<p>Du gazon ou de la terre battue\u00a0?<\/p>\n<p class=\"fig-paragraph\">Ce n\u2019est pas nouveau. Le jeu sur herbe est moins rapide que dans les ann\u00e9es 80-90. Et cette ann\u00e9e beaucoup de joueurs et de joueuses ont particuli\u00e8rement d\u00e9plor\u00e9 la lenteur du gazon \u00e0 Wimbledon. Avec la s\u00e9cheresse et la chaleur, le rebond de la balle a moins fus\u00e9 que d\u2019ordinaire. Id\u00e9al pour la terrienne\u00a0<a href=\"http:\/\/www.lefigaro.fr\/sports\/tennis\/wimbledon\/wimbledon-comment-la-terrienne-swiatek-a-appris-a-devenir-herbivore-20250713\" data-fig-type=\"Article\" data-gtm-custom-categorie=\"navigation\" data-gtm-custom-action=\"crossclick\" data-gtm-custom-label=\"Contextuel\" data-gtm-event=\"customEventSPE\" data-fig-domain=\"LEFIGARO\" target=\"_blank\" rel=\"noopener\">Iga Swiatek<\/a>\u00a0qui \u00e9tait all\u00e9e chercher don premier sacre \u00e0 Londres. Plusieurs joueurs ont \u00e9galement d\u00e9plor\u00e9 l\u2019allongement des rencontres. Des matchs ont ainsi d\u00e9pass\u00e9 les quatre heures de jeu\u00a0: le premier tour laborieux du double tenant du titre Carlos Alcaraz contre le v\u00e9t\u00e9ran Fabio Fognini a dur\u00e9 4 h 37, celui entre Arthur Rinderknech et Alexander Zverev, 4 h 40. Au 3e tour, Lorenzo Sonego a mis 5 h 04 pour vaincre Brandon Nakashima.<\/p>\n<p>La \u00ab next Gen\u00a0\u00bb au point mort<\/p>\n<p class=\"fig-paragraph\">Il y a le duo Sinner \u2013 Alcaraz\u2026 et les autres. Notamment la fameuse Next Gen, la g\u00e9n\u00e9ration des Tsitsipas, Zverev, et Medvedev, aujourd\u2019hui \u00e2g\u00e9s entre 26 et 28 ans et qui \u00e9taient cens\u00e9e prendre le pouvoir quand le \u00ab Big 3\u00a0\u00bb ne serait plus l\u00e0. Sauf que l\u2019Espagnol et l\u2019Italien les ont ringardis\u00e9s. Tous sortis d\u00e8s le premier tour, ils vivent un moment particuli\u00e8rement d\u00e9licat. Si le Russe, parvenu \u00e0 se hisser \u00e0 la premi\u00e8re place mondiale en 2022, s\u2019est impos\u00e9 \u00e0 l\u2019US Open 2021, le Moscovite semble dans une situation moins d\u00e9sesp\u00e9r\u00e9e que Stefanos Tsitsipas, double finaliste en Grand Chelem, mais en panne de r\u00e9sultats depuis plusieurs mois, qui a d\u00fb abandonner lundi d\u00e8s le 1er tour \u00e0 Wimbledon, alors qu\u2019il \u00e9tait men\u00e9 deux sets \u00e0 rien par le Fran\u00e7ais Valentin Royer (6-3, 6-2). Toujours 3e mondial\u00a0<a href=\"http:\/\/www.lefigaro.fr\/sports\/tennis\/wimbledon\/wimbledon-je-ne-ressens-aucune-joie-dans-tout-ce-que-je-fais-zverev-en-plein-spleen-apres-sa-defaite-contre-rinderknech-20250702\" data-fig-type=\"NewsFlash\" data-gtm-custom-categorie=\"navigation\" data-gtm-custom-action=\"crossclick\" data-gtm-custom-label=\"Contextuel\" data-gtm-event=\"customEventSPE\" data-fig-domain=\"LEFIGARO\" target=\"_blank\" rel=\"noopener\">Alexander Zverev<\/a>, mais peu inspir\u00e9 depuis sa finale perdue de l\u2019Open d\u2019Australie, a lui laiss\u00e9 entendre qu\u2019il avait travers\u00e9 une petite d\u00e9pression apr\u00e8s sa d\u00e9faite au premier tour contre Rinderknech.<\/p>\n<p class=\"fig-body-link\">\n            \u00c0 lire aussi<br \/>\n        <a class=\"fig-body-link__link fig-premium-mark\" href=\"http:\/\/www.lefigaro.fr\/sports\/tennis\/wimbledon\/wimbledon-monfils-parry-mannarino-le-tennis-francais-retombe-sur-herbe-20250704\" data-fig-type=\"Article\" data-gtm-custom-categorie=\"navigation\" data-gtm-custom-action=\"crossclick\" data-gtm-custom-label=\"Contextuel\" data-gtm-event=\"customEventSPE\" data-fig-domain=\"LEFIGARO\" target=\"_blank\" rel=\"noopener\">Wimbledon\u00a0: Monfils, Parry, Mannarino, Rinderknech&#8230; Le tennis fran\u00e7ais retombe sur herbe<br \/>\n    <\/a>\n<\/p>\n<p>Le vendredi noir des Bleus<\/p>\n<p class=\"fig-paragraph\">Apr\u00e8s Monfils et Humbert en huiti\u00e8mes de finale \u00e0 Melbourne en janvier, l\u2019incroyable demi-finale de Lo\u00efs Boisson, \u00e0 Roland-Garros, les Bleus n\u2019ont pas d\u00e9pass\u00e9 la semaine \u00e0 Wimbledon. Jusqu\u2019au vendredi 4 juillet, tout allait pourtant bien. Des exploits (Bonzi, 64e mondial qui sort Medvedev, 9e, Rinderknech, 72e qui terrasse Zverev, 3e). Des qualifi\u00e9s qui d\u00e9jouent les pronostics (<a href=\"http:\/\/www.lefigaro.fr\/sports\/tennis\/wimbledon\/wimbledon-eliminee-jacquemot-laisse-parry-comme-seule-rescapee-francaise-20250703\" target=\"_blank\" data-fig-type=\"NewsFlash\" rel=\"noopener\" data-gtm-custom-categorie=\"navigation\" data-gtm-custom-action=\"crossclick\" data-gtm-custom-label=\"Contextuel\" data-gtm-event=\"customEventSPE\" data-fig-domain=\"LEFIGARO\">Parry et Jacquemot<\/a>\u00a0qui ont le dernier mot contre des t\u00eates de s\u00e9rie, Royer qui profite de l\u2019abandon de Tsitsipas). Dans cette \u00e9dition sens dessus dessous, o\u00f9 les t\u00eates de s\u00e9rie tombent comme des mouches (36 t\u00eates de s\u00e9rie ont \u00e9t\u00e9 \u00e9limin\u00e9es sur les 64, hommes et femmes confondus apr\u00e8s 2 tours), les Bleus ont su \u00eatre des acteurs importants du grand chambardement. Il fallait ensuite encha\u00eener et confirmer. Et, l\u00e0, le tennis fran\u00e7ais a coinc\u00e9 en ce vendredi o\u00f9 les quatre derniers repr\u00e9sentants sont tomb\u00e9s contre des joueurs pourtant \u00e0 leur port\u00e9e sur le papier. Oppos\u00e9 en fin de journ\u00e9e \u00e0 Kamil Majchrzak,\u00a0<a href=\"http:\/\/www.lefigaro.fr\/sports\/tennis\/wimbledon\/wimbledon-arthur-rinderknech-fait-sa-mue-sous-la-houlette-de-lucas-pouille-20250703\" target=\"_blank\" data-fig-type=\"Article\" rel=\"noopener\" data-gtm-custom-categorie=\"navigation\" data-gtm-custom-action=\"crossclick\" data-gtm-custom-label=\"Contextuel\" data-gtm-event=\"customEventSPE\" data-fig-domain=\"LEFIGARO\">Arthur Rinderknech, dernier tricolore en lice<\/a>, n\u2019a pu \u00e9viter la gueule de bois totale (3-6 6-7 6-7).<\/p>\n","protected":false},"excerpt":{"rendered":"ANALYSE &#8211; Apr\u00e8s une quinzaine riche en \u00e9motions, d\u00e9couvrez ce qui a retenu l\u2019attention de l\u2019envoy\u00e9 sp\u00e9cial \u00e0&hellip;\n","protected":false},"author":2,"featured_media":250923,"comment_status":"","ping_status":"","sticky":false,"template":"","format":"standard","meta":{"footnotes":""},"categories":[1415],"tags":[7779,1011,27,2200,20859,6433,60,1467],"class_list":{"0":"post-250922","1":"post","2":"type-post","3":"status-publish","4":"format-standard","5":"has-post-thumbnail","7":"category-tennis","8":"tag-carlos-alcaraz","9":"tag-fr","10":"tag-france","11":"tag-iga-swiatek","12":"tag-jannik-sinner","13":"tag-novak-djokovic","14":"tag-sports","15":"tag-tennis"},"share_on_mastodon":{"url":"https:\/\/pubeurope.com\/@fr\/114855767083326181","error":""},"_links":{"self":[{"href":"https:\/\/www.europesays.com\/fr\/wp-json\/wp\/v2\/posts\/250922","targetHints":{"allow":["GET"]}}],"collection":[{"href":"https:\/\/www.europesays.com\/fr\/wp-json\/wp\/v2\/posts"}],"about":[{"href":"https:\/\/www.europesays.com\/fr\/wp-json\/wp\/v2\/types\/post"}],"author":[{"embeddable":true,"href":"https:\/\/www.europesays.com\/fr\/wp-json\/wp\/v2\/users\/2"}],"replies":[{"embeddable":true,"href":"https:\/\/www.europesays.com\/fr\/wp-json\/wp\/v2\/comments?post=250922"}],"version-history":[{"count":0,"href":"https:\/\/www.europesays.com\/fr\/wp-json\/wp\/v2\/posts\/250922\/revisions"}],"wp:featuredmedia":[{"embeddable":true,"href":"https:\/\/www.europesays.com\/fr\/wp-json\/wp\/v2\/media\/250923"}],"wp:attachment":[{"href":"https:\/\/www.europesays.com\/fr\/wp-json\/wp\/v2\/media?parent=250922"}],"wp:term":[{"taxonomy":"category","embeddable":true,"href":"https:\/\/www.europesays.com\/fr\/wp-json\/wp\/v2\/categories?post=250922"},{"taxonomy":"post_tag","embeddable":true,"href":"https:\/\/www.europesays.com\/fr\/wp-json\/wp\/v2\/tags?post=250922"}],"curies":[{"name":"wp","href":"https:\/\/api.w.org\/{rel}","templated":true}]}}