{"id":250928,"date":"2025-07-15T06:14:11","date_gmt":"2025-07-15T06:14:11","guid":{"rendered":"https:\/\/www.europesays.com\/fr\/250928\/"},"modified":"2025-07-15T06:14:11","modified_gmt":"2025-07-15T06:14:11","slug":"tdf-tour-de-france-lenny-martinez-le-maillot-a-pois-complique-avec-pogacar","status":"publish","type":"post","link":"https:\/\/www.europesays.com\/fr\/250928\/","title":{"rendered":"TDF. Tour de France &#8211; Lenny Martinez: \u00abLe maillot \u00e0 pois&#8230; compliqu\u00e9 avec Pogacar\u00bb"},"content":{"rendered":"<p>On voyant <strong>Lenny Martinez<\/strong> prendre la bonne \u00e9chapp\u00e9e ce lundi sur la 10e \u00e9tape du <strong><a href=\"https:\/\/www.cyclismactu.net\/..\/news-tdf-route-tour-de-france-simon-yates-s-offre-10e-etape-ben-healy-prend-maillot-jaune-88952.html\" target=\"_blank\" rel=\"nofollow noopener\">Tour de France<\/a>\u00a0<\/strong>puis se montrer en forme dans les diff\u00e9rentes ascensions pour faire le plein de points aux sommets, on a longtemps cru que le jeune grimpeur allait pouvoir d\u00e9bloquer le compteur de victoire des Fran\u00e7ais\u00a0et rendre la f\u00eate nationale du 14 juillet encore plus belle. Mais si le coureur de la <strong>Bahrain Victorious<\/strong> esp\u00e9rait bien imiter <strong>Warren Barguil<\/strong>, <strong>David Moncouti\u00e9<\/strong>, <strong>Richard Virenque<\/strong> ou encore&#8230; son grand-p\u00e8re <strong>Mariano Martinez<\/strong> (45 ans apr\u00e8s), il a finalement d\u00fb se rendre \u00e0 l&rsquo;\u00e9vidence dans le final de cette journ\u00e9e exigeante dans le Massif central. Distanc\u00e9 par les meilleurs de l&rsquo;\u00e9chapp\u00e9e dans l&rsquo;avant-derni\u00e8re mont\u00e9e, la p\u00e9pite de 22 ans a finalement franchi la ligne loin de la gagne, \u00e0 pr\u00e8s de 5 minutes de <strong>Simon Yates<\/strong> et juste devant les deux cadors <strong>Tadej Pogacar<\/strong> et <strong><a href=\"https:\/\/www.cyclismactu.net\/..\/news-tdf-route-tour-de-france-jonas-vingegaard-je-n-ai-pas-suivi-tadej-pogacar-facilement-88954.html\" target=\"_blank\" rel=\"nofollow noopener\">Jonas Vingegaard<\/a><\/strong>, qu&rsquo;il a emmen\u00e9s dans le dernier kilom\u00e8tre pour prendre la 8e place finale. Un r\u00e9sultat assez anecdotique mais qui ne doit pas faire oublier son tr\u00e8s beau lot de consolation et l&rsquo;un des seuls rayons de soleil de la journ\u00e9e c\u00f4t\u00e9 tricolore, avec le gain m\u00e9rit\u00e9 du maillot \u00e0 pois de meilleur grimpeur !<\/p>\n<p>Vid\u00e9o &#8211; Lenny Martinez endosse le maillot \u00e0 pois apr\u00e8s la 10e \u00e9tape Lire la suite de l&rsquo;article&#13;<\/p>\n<p>\u00a0<\/p>\n<p>&#13;<br \/>\n\u00ab\u00a0Pourquoi j&rsquo;ai roul\u00e9 avec Pogacar et Vingegaard ? &#8230;\u00a0\u00bb&#13;<\/p>\n<p>Avec 27 unit\u00e9s contre 16 au nouveau maillot Jaune <strong><a href=\"https:\/\/www.cyclismactu.net\/..\/news-tdf-route-tour-de-france-ben-healy-si-on-m-avait-dit-avant-tour-de-france-que-88958.html\" target=\"_blank\" rel=\"nofollow noopener\">Ben Healy<\/a><\/strong> et 7 \u00e0 <strong>Pogacar<\/strong>,\u00a0<strong>Lenny Martinez <\/strong>a parfaitement lanc\u00e9 sa qu\u00eate du maillot \u00e0 pois, 47 ans apr\u00e8s que son grand-p\u00e8re <strong>Mariano<\/strong> l&rsquo;a gagn\u00e9 (1978). \u00ab\u00a0J&rsquo;ai beaucoup souffert.\u00a0Je ne voulais pas repartir sans rien, alors je me suis concentr\u00e9 sur les sprints dans les ascensions pour r\u00e9colter des points. Bien s\u00fbr, \u00e7a fait bizarre de porter ce maillot \u00e0 pois que mon grand-p\u00e8re a gagn\u00e9 il y a bien longtemps. Je suis s\u00fbr qu\u2019il doit \u00eatre fier de moi. Maintenant je vais essayer de le garder le plus loin possible et pourquoi pas jusqu\u2019\u00e0 Paris, mais avec Tadej Pogacar \u00e7a va \u00eatre difficile. En tout cas \u00e7a me donne un bel objectif\u00a0\u00bb, a-t-il d\u00e9clar\u00e9 avant de revenir sur le d\u00e9roul\u00e9 de l&rsquo;\u00e9tape.<\/p>\n<p>&#13;<\/p>\n<p>\u00ab\u00a0Je pensais \u00e0 la fois \u00e0 l\u2019\u00e9tape et au maillot \u00e0 pois en partant dans l\u2019\u00e9chapp\u00e9e. Mais j\u2019ai vite senti que ce serait trop juste pour batailler pour l\u2019\u00e9tape, les autres \u00e9taient juste\u00a0beaucoup plus forts que moi aujourd&rsquo;hui.\u00a0J&rsquo;ai fait quelques sprints pour les points aux sommets, mais je ne pense pas que \u00e7a m&rsquo;a trop handicap\u00e9 pour le final. Je finsi \u00e0 plus de 4 minutes je crois, donc il n&rsquo;y a pas de regret. C\u2019est vrai que dans le final j\u2019ai roul\u00e9 avec Pogacar et Vingegaard, mais c\u2019\u00e9tait juste parce ce que je voulais terminer dans le Top 10. C\u2019est un peu anecdotique, mais apr\u00e8s une aussi belle journ\u00e9e je ne voulais pas \u00eatre 20e par exemple\u00a0\u00bb, a conclu\u00a0<strong>Lenny Martinez<\/strong>.<\/p>\n<p>Tour de France &#8211; Classement de la 10\u00e8 \u00e9tape Tour de France &#8211; Classement g\u00e9n\u00e9ral provisoire apr\u00e8s la 10\u00e8 \u00e9tape<\/p>\n","protected":false},"excerpt":{"rendered":"On voyant Lenny Martinez prendre la bonne \u00e9chapp\u00e9e ce lundi sur la 10e \u00e9tape du Tour de France\u00a0puis&hellip;\n","protected":false},"author":2,"featured_media":250929,"comment_status":"","ping_status":"","sticky":false,"template":"","format":"standard","meta":{"footnotes":""},"categories":[1411],"tags":[1154,207,211,1011,27,209,60,210,212,208,213],"class_list":{"0":"post-250928","1":"post","2":"type-post","3":"status-publish","4":"format-standard","5":"has-post-thumbnail","7":"category-cyclisme","8":"tag-cycling","9":"tag-cyclisme","10":"tag-ffc","11":"tag-fr","12":"tag-france","13":"tag-route","14":"tag-sports","15":"tag-tour-de-france","16":"tag-uci","17":"tag-velo","18":"tag-world-tour"},"share_on_mastodon":{"url":"https:\/\/pubeurope.com\/@fr\/114855782823434782","error":""},"_links":{"self":[{"href":"https:\/\/www.europesays.com\/fr\/wp-json\/wp\/v2\/posts\/250928","targetHints":{"allow":["GET"]}}],"collection":[{"href":"https:\/\/www.europesays.com\/fr\/wp-json\/wp\/v2\/posts"}],"about":[{"href":"https:\/\/www.europesays.com\/fr\/wp-json\/wp\/v2\/types\/post"}],"author":[{"embeddable":true,"href":"https:\/\/www.europesays.com\/fr\/wp-json\/wp\/v2\/users\/2"}],"replies":[{"embeddable":true,"href":"https:\/\/www.europesays.com\/fr\/wp-json\/wp\/v2\/comments?post=250928"}],"version-history":[{"count":0,"href":"https:\/\/www.europesays.com\/fr\/wp-json\/wp\/v2\/posts\/250928\/revisions"}],"wp:featuredmedia":[{"embeddable":true,"href":"https:\/\/www.europesays.com\/fr\/wp-json\/wp\/v2\/media\/250929"}],"wp:attachment":[{"href":"https:\/\/www.europesays.com\/fr\/wp-json\/wp\/v2\/media?parent=250928"}],"wp:term":[{"taxonomy":"category","embeddable":true,"href":"https:\/\/www.europesays.com\/fr\/wp-json\/wp\/v2\/categories?post=250928"},{"taxonomy":"post_tag","embeddable":true,"href":"https:\/\/www.europesays.com\/fr\/wp-json\/wp\/v2\/tags?post=250928"}],"curies":[{"name":"wp","href":"https:\/\/api.w.org\/{rel}","templated":true}]}}