{"id":250932,"date":"2025-07-15T06:16:15","date_gmt":"2025-07-15T06:16:15","guid":{"rendered":"https:\/\/www.europesays.com\/fr\/250932\/"},"modified":"2025-07-15T06:16:15","modified_gmt":"2025-07-15T06:16:15","slug":"jaime-bien-taquiner-lhumoriste-bernard-mabille-prend-ses-quartiers-dete-a-erquy-avant-son-spectacle-a-pledeliac","status":"publish","type":"post","link":"https:\/\/www.europesays.com\/fr\/250932\/","title":{"rendered":"\u00ab\u00a0J\u2019aime bien taquiner\u00a0\u00bb\u00a0: l\u2019humoriste Bernard Mabille prend ses quartiers d\u2019\u00e9t\u00e9 \u00e0 Erquy avant son spectacle \u00e0 Pl\u00e9d\u00e9liac"},"content":{"rendered":"<p>Comment avez-vous pos\u00e9 vos valises \u00e0 Erquy\u00a0?<\/p>\n<p>J\u2019ai d\u00e9couvert le coin il y a une quinzaine d\u2019ann\u00e9es, en venant jouer mon spectacle au <a href=\"https:\/\/www.letelegramme.fr\/cotes-d-armor\/lamballe-armor-22400\/span-classamorcebernard-mabillespan-je-naurais-jamais-pense-finir-mes-jours-en-bretagne-3440560.php\" target=\"_blank\" rel=\"noopener\">casino du Val-Andr\u00e9<\/a>, qui m\u2019a fait venir plusieurs fois. Avec le directeur de l\u2019\u00e9poque, nous sommes devenus tr\u00e8s amis et je me suis fait des potes ici. J\u2019ai cherch\u00e9 \u00e0 acheter face \u00e0 la mer et j\u2019ai trouv\u00e9 cet appartement, \u00e0 Caroual, \u00e0 Erquy, il y a six ans. J\u2019y viens le plus souvent possible. Je suis originaire de r\u00e9gion parisienne mais j\u2019ai toujours \u00e9t\u00e9 attir\u00e9 par la mer, m\u00eame si je ne sais toujours pas nager\u00a0!<\/p>\n<p>Je passe des heures \u00e0 regarder la mer, comme chantait Alain Barri\u00e8re. J\u2019ai un rapport contemplatif avec les vagues, que j\u2019adore entendre la nuit. Sinon, j\u2019aime bien me balader \u00e0 v\u00e9lo \u00e9lectrique, en faisant gaffe de ne pas tomber, partir en mer relever des casiers avec les copains et d\u00eener au resto avec eux. On a nos habitudes au port de Dahou\u00ebt, \u00e0 Pl\u00e9neuf-Val-Andr\u00e9 (22), aux Sables-d\u2019Or, \u00e0 Fr\u00e9hel (22), \u00e0 Dinard (35) ou Saint-Malo (35). Les frites maison, c\u2019est tr\u00e8s important\u00a0!<\/p>\n<blockquote><p>Je viens d\u2019avoir 78 ans mais j\u2019adore tourner. Je suis tellement heureux sur sc\u00e8ne. C\u2019est formidable d\u2019entendre les gens rire.<\/p><\/blockquote>\n<p>Vous serez en spectacle \u00e0 Pl\u00e9d\u00e9liac les 19 et 20 juillet. \u00c0 quoi doit-on s\u2019attendre\u00a0?<\/p>\n<p>Je vais me faire plaisir avec un petit tour d\u2019actualit\u00e9. Ce ne sont pas les sujets qui manquent\u00a0! La politique nous apporte tout sur un plateau, sans qu\u2019on ait besoin de se creuser les m\u00e9ninges. J\u2019aime bien taquiner, je ne pourrai pas \u00e9viter Macron, Bayrou, Trump\u2026 Je suis de l\u2019\u00e9cole du cabaret et des podiums de spectacles d\u2019\u00e9t\u00e9, il y aura donc aussi de l\u2019interaction avec le public. Une chanteuse \u00e0 l\u2019accord\u00e9on, <a href=\"https:\/\/www.letelegramme.fr\/cotes-d-armor\/pledeliac-22270\/a-pledeliac-la-ferme-dantan-invite-bernard-mabille-et-nini-poulain-les-19-et-20-juillet-6850664.php\" target=\"_blank\" rel=\"noopener\">Nini Poulain<\/a>, est programm\u00e9e en premi\u00e8re partie.<\/p>\n<p>Ces \u00ab\u00a0vacances\u00a0\u00bb s\u2019annoncent donc plut\u00f4t studieuses\u2026<\/p>\n<p>Je pr\u00e9pare le spectacle de ce week-end et je travaille \u00e9galement \u00e0 l\u2019\u00e9criture de mes m\u00e9moires, j\u2019en suis au deuxi\u00e8me chapitre. Je planche dessus chaque matin. C\u2019est un exercice particulier et bouleversant car, quand on pense aux gens, on les revoit vivre.<\/p>\n<p><img decoding=\"async\" src=\"https:\/\/www.europesays.com\/fr\/wp-content\/uploads\/2025\/07\/687537b07e1983b6590ba7a4.1.jpeg\" width=\"480\" height=\"300\" class=\"web_golden_m\" loading=\"lazy\" alt=\"Bernard Mabille passe le mois de juillet \u00e0 Caroual, \u00e0 Erquy, o\u00f9 l\u2019humoriste a achet\u00e9 un appartement, il y a quelques ann\u00e9es.\"\/>Bernard Mabille passe le mois de juillet \u00e0 Caroual, \u00e0 Erquy, o\u00f9 l\u2019humoriste a achet\u00e9 un appartement, il y a quelques ann\u00e9es. (Le T\u00e9l\u00e9gramme\/Corentin Le Doujet)Parmi vos rencontres marquantes, lesquelles figureront dans vos m\u00e9moires\u00a0?<\/p>\n<p>Ma grand-m\u00e8re, anarchiste extravertie qui chantait \u00e0 l\u2019entracte des matchs de catch, \u00e0 Gisors (Eure), ce qui m\u2019a peut-\u00eatre donn\u00e9 le go\u00fbt du spectacle. Les dames de la cantine, mon premier public, quand j\u2019\u00e9tais vendeur de court-bouillon Maggi, d\u00e9guis\u00e9 en marin-p\u00eacheur devant une fausse barque. Philippe Tesson, qui m\u2019a recrut\u00e9 comme pigiste, quand il a lanc\u00e9 Le Quotidien de Paris, en 1974. Thierry Le Luron, dont j\u2019avais \u00e9trill\u00e9 un spectacle, qui m\u2019a alors invit\u00e9 \u00e0 \u00e9crire ses textes, \u00ab\u00a0si vous \u00eates si malin que \u00e7a\u00a0\u00bb, et dont j\u2019ai \u00e9t\u00e9 l\u2019auteur pendant sept ans, une v\u00e9ritable star qui \u00e9claboussait tout le monde de sa g\u00e9n\u00e9rosit\u00e9. <a href=\"https:\/\/www.letelegramme.fr\/france\/spanrtlspan-philippe-bouvard-ovationne-pour-ses-dernieres-grosses-tetes-2169053.php\" target=\"_blank\" rel=\"noopener\">Philippe Bouvard<\/a>, qui m\u2019a int\u00e9gr\u00e9 dans l\u2019\u00e9quipe de son \u00e9mission \u00ab\u00a0Les Grosses T\u00eates\u00a0\u00bb, sur RTL, dans les ann\u00e9es 1980, avec Sim, Jacques Martin, Carlos, Jean Yanne\u2026 Il fallait se cramponner et \u00eatre vif, c\u2019\u00e9tait d\u2019une dr\u00f4lerie\u00a0! <a href=\"https:\/\/www.letelegramme.fr\/france\/span-les-grosses-tetes-span-pari-gagnant-avec-ruquier-2281358.php\" target=\"_blank\" rel=\"noopener\">Laurent Ruquier<\/a>, quelqu\u2019un de sympa qui a pris la suite. Les <a href=\"https:\/\/www.letelegramme.fr\/bretagne\/musique-bretonne-henri-morvan-le-dernier-des-freres-morvan-est-mort-6797497.php\" target=\"_blank\" rel=\"noopener\">fr\u00e8res Morvan<\/a>, que j\u2019avais invit\u00e9s en premi\u00e8re partie \u00e0 Saint-Brieuc, avant le covid. Et puis les copains, comme <a href=\"https:\/\/www.letelegramme.fr\/morbihan\/pontivy-56300\/philippe-chevallier-a-pontivy-jadore-la-bretagne-3902502.php\" target=\"_blank\" rel=\"noopener\">Philippe Chevallier<\/a> et <a href=\"https:\/\/www.letelegramme.fr\/cotes-d-armor\/lamballe-armor-22400\/un-tenor-de-lopera-de-paris-deboule-au-gallo-pour-les-50-ans-de-la-ferme-dantan-a-pledeliac-6633567.php\" target=\"_blank\" rel=\"noopener\">Albert Meslay<\/a>, originaire de Pl\u00e9d\u00e9liac, qui me fait hurler de rire. J\u2019adore les gens loufoques et lunaires. J\u2019ai eu une belle vie de rencontres. Ce qui est terrible, \u00e0 mon \u00e2ge, c\u2019est que les copains meurent. Le r\u00e9pertoire de mon t\u00e9l\u00e9phone se vide et, du coup, quand je m\u2019emmerde, je m\u2019appelle\u00a0!<\/p>\n<p>Et la retraite dans tout \u00e7a\u00a0?<\/p>\n<p>Je viens d\u2019avoir 78 ans mais j\u2019adore tourner. Je suis tellement heureux sur sc\u00e8ne. C\u2019est formidable d\u2019entendre les gens rire. Je reviens d\u2019une cinquantaine de dates au th\u00e9\u00e2tre, avec Philippe Chevallier, et je repars \u00e0 la rentr\u00e9e, avec un one-man-show et pas mal de dates en Bretagne, en janvier 2026. Je trouve tr\u00e8s agr\u00e9able de se poser puis de partir. D\u2019ailleurs, cet \u00e9t\u00e9, je vais aller voir ma fille au Qu\u00e9bec. J\u2019ai six enfants, install\u00e9s au Br\u00e9sil, en Australie, au Canada\u2026 \ufeffJe vis avec une valise \u00e0 roulettes.<\/p>\n<p>Pratique<\/p>\n<p class=\"note\">Bernard Mabille en spectacle, avec l\u2019accord\u00e9oniste chanteuse Nini Poulain en premi\u00e8re partie, samedi 19 juillet, \u00e0 20\u00a0h\u00a030, et dimanche 20 juillet, \u00e0 15\u00a0h, \u00e0 la Ferme d\u2019antan de Saint-Esprit-des-Bois, \u00e0 Pl\u00e9d\u00e9liac (22). Tarifs\u00a0: 18 euros sur r\u00e9servation, 20 euros sur place. R\u00e9servation\u00a0: <a href=\"https:\/\/www.ferme-dantan22.com\/evenements\/spectacle-bernard-mabille-avec-en-1ere-partie-nini-poulain\/\" target=\"_blank\" rel=\"noopener\">www.ferme-dantan22.com<\/a> (onglet spectacle). Petite restauration d\u00e8s 19\u00a0h\u00a030 le samedi.<\/p>\n","protected":false},"excerpt":{"rendered":"Comment avez-vous pos\u00e9 vos valises \u00e0 Erquy\u00a0? J\u2019ai d\u00e9couvert le coin il y a une quinzaine d\u2019ann\u00e9es, en&hellip;\n","protected":false},"author":2,"featured_media":250933,"comment_status":"","ping_status":"","sticky":false,"template":"","format":"standard","meta":{"footnotes":""},"categories":[1359],"tags":[11,829,2171,872,58,765,59,39114,1011,27,708,2173,2170,973,39115],"class_list":{"0":"post-250932","1":"post","2":"type-post","3":"status-publish","4":"format-standard","5":"has-post-thumbnail","7":"category-people","8":"tag-actualites","9":"tag-bretagne","10":"tag-cotes-darmor","11":"tag-culture-et-loisirs","12":"tag-divertissement","13":"tag-en-continu","14":"tag-entertainment","15":"tag-erquy","16":"tag-fr","17":"tag-france","18":"tag-humour","19":"tag-interview","20":"tag-lamballe-armor","21":"tag-people","22":"tag-pledeliac"},"share_on_mastodon":{"url":"https:\/\/pubeurope.com\/@fr\/114855790720300231","error":""},"_links":{"self":[{"href":"https:\/\/www.europesays.com\/fr\/wp-json\/wp\/v2\/posts\/250932","targetHints":{"allow":["GET"]}}],"collection":[{"href":"https:\/\/www.europesays.com\/fr\/wp-json\/wp\/v2\/posts"}],"about":[{"href":"https:\/\/www.europesays.com\/fr\/wp-json\/wp\/v2\/types\/post"}],"author":[{"embeddable":true,"href":"https:\/\/www.europesays.com\/fr\/wp-json\/wp\/v2\/users\/2"}],"replies":[{"embeddable":true,"href":"https:\/\/www.europesays.com\/fr\/wp-json\/wp\/v2\/comments?post=250932"}],"version-history":[{"count":0,"href":"https:\/\/www.europesays.com\/fr\/wp-json\/wp\/v2\/posts\/250932\/revisions"}],"wp:featuredmedia":[{"embeddable":true,"href":"https:\/\/www.europesays.com\/fr\/wp-json\/wp\/v2\/media\/250933"}],"wp:attachment":[{"href":"https:\/\/www.europesays.com\/fr\/wp-json\/wp\/v2\/media?parent=250932"}],"wp:term":[{"taxonomy":"category","embeddable":true,"href":"https:\/\/www.europesays.com\/fr\/wp-json\/wp\/v2\/categories?post=250932"},{"taxonomy":"post_tag","embeddable":true,"href":"https:\/\/www.europesays.com\/fr\/wp-json\/wp\/v2\/tags?post=250932"}],"curies":[{"name":"wp","href":"https:\/\/api.w.org\/{rel}","templated":true}]}}