{"id":250948,"date":"2025-07-15T06:26:12","date_gmt":"2025-07-15T06:26:12","guid":{"rendered":"https:\/\/www.europesays.com\/fr\/250948\/"},"modified":"2025-07-15T06:26:12","modified_gmt":"2025-07-15T06:26:12","slug":"nouveau-calcul-du-dpe-en-2026-pourquoi-tant-de-proprietaires-et-de-professionnels-voient-rouge-le-figaro","status":"publish","type":"post","link":"https:\/\/www.europesays.com\/fr\/250948\/","title":{"rendered":"Nouveau calcul du DPE en 2026 : pourquoi tant de propri\u00e9taires et de professionnels voient rouge &#8211; Le Figaro"},"content":{"rendered":"<ol>\n<li><a href=\"https:\/\/news.google.com\/rss\/articles\/CBMiywFBVV95cUxQRlBmTlFTSWtQRUxfWWg1WlRabFh1ZTZTYVpwblcwVkcwaHBuZ3VzSDNfc0E0UFF1TGlpVWRwZko4QTZBWGNYWkRRckdLY0VqVllHZDNpUWVQbWVtMzZvZThSN2tUV0JGSU1uZHFEckY2VDJYNGM1djdjb2h3YTg4VmlKOUd6R1dWRFV4VlAzR1Z2UXJqODdwRC05ZlZvVHVJSkNvOWI4WmdrV3NLdFJxSmRLcGxqQU5fbHBQQTZ5WFBObGZBNGhYVlM0MA?oc=5\" target=\"_blank\" rel=\"noopener\">Nouveau calcul du DPE en 2026 : pourquoi tant de propri\u00e9taires et de professionnels voient rouge<\/a>&nbsp;&nbsp;Le Figaro<\/li>\n<li><a href=\"https:\/\/news.google.com\/rss\/articles\/CBMisAFBVV95cUxNX2gtYnZFNjRwY2pFT3BXa0c3NWNvdEFVUjkyd3dqT0NDMjhRV2w4QTdJRnl3enNybnllcmw1MlNISUtoZlJqcjRmSWpBWFN0SERidVgzSUZnWXRUUEhHMGg4WTZtVVhEbUI1SEFaRVMzdkpFVkw1blBvMkI4TkVEZmNGa0E3d2NRSjE0Z0txS2NrS09FVXlqX3lRZjBkZHhRenZWQm5hX2RJZGIzcGtCag?oc=5\" target=\"_blank\" rel=\"noopener\">Nouvelle r\u00e8gle pour le DPE : les chauffages \u00e9lectriques grands gagnants ?<\/a>&nbsp;&nbsp;Capital.fr<\/li>\n<li><a href=\"https:\/\/news.google.com\/rss\/articles\/CBMi_gFBVV95cUxQS0RLa29ZclZYX3F5UUVSOC1qaUJDaEJFbDVhZTIyMG5YRjJibmpPNU9IYXNnckJhRE94R0w4NUxiejI4eElfTTJFR2hScjlZb2d4Tl9uSlFzRnp5VDd2MXVTX3RQMHpZZGliQk5FWmFGcV9kelFoSGxkcWxFSlptTkUtcVB5XzJ2MTRWRlVLaXQ4cnJzZE5mcUh3WFFMb2lZcmw4aFpDWk1GeWJ1WXBMUmptd3kycjBtd1VTYk1FYWxvMC1SM0l4SmxweHlfQmxGc2s2UjF0YlFGbTA1STNpcFdtTmQtMHc5cFVONG5qTEcwbUtoSXNIWG84N3Utdw?oc=5\" target=\"_blank\" rel=\"noopener\">Immobilier : mon appartement class\u00e9 F ou G va-t-il \u00e9chapper au statut de passoire thermique gr\u00e2ce \u00e0 la r\u00e9forme du DPE<\/a>&nbsp;&nbsp;Les Echos<\/li>\n<li><a href=\"https:\/\/news.google.com\/rss\/articles\/CBMiyAFBVV95cUxQQlVaS1dRQXk3NHNtR3gyaGFXRkFYVkwyOFN5Mm9vTEtMczdnT3dNREY4WGRvYTVQbW9FcXQwRFp3ajlvVTBWdjFfMFNyUjdGRzFfODYyaXM2bzJiLWxNdGRMUTMxVDRxN01UQmtWV2otN21NbnpBMUpZcWgwTmZBeTh6cTdNbEpJRmdkbG5qZ2VSdHBGTEJ4a1NyZEhGdUhBdlV3aGNPc0ZONmlIY0ZvNElrYXYwb1ZiYUdNVmhrNmdRSUR3ZW5pQQ?oc=5\" target=\"_blank\" rel=\"noopener\">\u00ab Le locataire est le premier p\u00e9nalis\u00e9 \u00bb : comment le gouvernement transforme (encore) le DPE<\/a>&nbsp;&nbsp;Challenges<\/li>\n<li><a href=\"https:\/\/news.google.com\/rss\/articles\/CBMiywFBVV95cUxPUDdvN3ZlV1dSU1FTLUt4c1FFZHRkRVhfNGpJNTIyTlFiQVFDTTkzRnp6SUFWWnRzenVCeHJDTVRrN1BLS00xT1BRZjJ1V2lzZzduQ0ZVVFhUeTRUSTlvQUJaSDJfamFuR3diZjdqUURVRE5RLWsteTNBYWdkaEFnaDdra0pYSlBGRG1GRy1qS0hFbW5TTUdfS05yTlNSX0ZwSG41UVhsakUtczhiN2tlb1hETUZyU0ZWRjFHQjM4T0FhV2xUaTFtZk9CQQ?oc=5\" target=\"_blank\" rel=\"noopener\">DPE : la r\u00e9forme annonc\u00e9e est-elle une bonne nouvelle ?<\/a>&nbsp;&nbsp;Le Monde.fr<\/li>\n<\/ol>\n","protected":false},"excerpt":{"rendered":"Nouveau calcul du DPE en 2026 : pourquoi tant de propri\u00e9taires et de professionnels voient rouge&nbsp;&nbsp;Le Figaro Nouvelle&hellip;\n","protected":false},"author":2,"featured_media":250949,"comment_status":"","ping_status":"","sticky":false,"template":"","format":"standard","meta":{"footnotes":""},"categories":[6],"tags":[35,28954,33,34,579,1011,27],"class_list":{"0":"post-250948","1":"post","2":"type-post","3":"status-publish","4":"format-standard","5":"has-post-thumbnail","7":"category-economie","8":"tag-business","9":"tag-dpe","10":"tag-economie","11":"tag-economy","12":"tag-electricite","13":"tag-fr","14":"tag-france"},"share_on_mastodon":{"url":"https:\/\/pubeurope.com\/@fr\/114855830003168173","error":""},"_links":{"self":[{"href":"https:\/\/www.europesays.com\/fr\/wp-json\/wp\/v2\/posts\/250948","targetHints":{"allow":["GET"]}}],"collection":[{"href":"https:\/\/www.europesays.com\/fr\/wp-json\/wp\/v2\/posts"}],"about":[{"href":"https:\/\/www.europesays.com\/fr\/wp-json\/wp\/v2\/types\/post"}],"author":[{"embeddable":true,"href":"https:\/\/www.europesays.com\/fr\/wp-json\/wp\/v2\/users\/2"}],"replies":[{"embeddable":true,"href":"https:\/\/www.europesays.com\/fr\/wp-json\/wp\/v2\/comments?post=250948"}],"version-history":[{"count":0,"href":"https:\/\/www.europesays.com\/fr\/wp-json\/wp\/v2\/posts\/250948\/revisions"}],"wp:featuredmedia":[{"embeddable":true,"href":"https:\/\/www.europesays.com\/fr\/wp-json\/wp\/v2\/media\/250949"}],"wp:attachment":[{"href":"https:\/\/www.europesays.com\/fr\/wp-json\/wp\/v2\/media?parent=250948"}],"wp:term":[{"taxonomy":"category","embeddable":true,"href":"https:\/\/www.europesays.com\/fr\/wp-json\/wp\/v2\/categories?post=250948"},{"taxonomy":"post_tag","embeddable":true,"href":"https:\/\/www.europesays.com\/fr\/wp-json\/wp\/v2\/tags?post=250948"}],"curies":[{"name":"wp","href":"https:\/\/api.w.org\/{rel}","templated":true}]}}