{"id":25095,"date":"2025-04-14T20:10:12","date_gmt":"2025-04-14T20:10:12","guid":{"rendered":"https:\/\/www.europesays.com\/fr\/25095\/"},"modified":"2025-04-14T20:10:12","modified_gmt":"2025-04-14T20:10:12","slug":"nice-les-mysteres-des-oceans-reveles","status":"publish","type":"post","link":"https:\/\/www.europesays.com\/fr\/25095\/","title":{"rendered":"Nice. Les myst\u00e8res des oc\u00e9ans r\u00e9v\u00e9l\u00e9s&#8230;"},"content":{"rendered":"<p><img decoding=\"async\" src=\"https:\/\/www.europesays.com\/fr\/wp-content\/uploads\/2025\/04\/8269_ballesta-Panoram.jpg\" title=\"\" alt=\"\"\/><br \/>&#8211; plafond de glace, \u00celot de la Dent, Terre Ad\u00e9lie \u00a9 Laurent Ballesta &#8211;<\/p>\n<p>Ce rendez-vous connu par les amateurs d\u2019art et le grand public f\u00e9d\u00e8re de nombreux acteurs culturels, institutionnels et partenaires. Dans le cadre de cette biennale, le mus\u00e9e de la Photographie Charles N\u00e8gre pr\u00e9sentera l\u2019exposition \u00ab\u00a0Mers et Myst\u00e8res\u00a0\u00bb de Laurent Ballesta afin de partager sa vision esth\u00e9tique et po\u00e9tique d\u2019un univers dangereusement menac\u00e9.<\/p>\n<p>Ce dernier illustre le monde sous-marin avec un regard \u00e0 la fois naturaliste et artistique. Son \u0153uvre photographique est une aventure esth\u00e9tique comparable \u00e0 celle des cr\u00e9ateurs et performeurs, l\u2019exigence sportive et scientifique en plus. Sp\u00e9cialiste mondial de la photographie sous-marine, Laurent est le seul \u00e0 avoir rapport\u00e9 des images de profondeurs encore inexplor\u00e9es. Biologiste et naturaliste de formation, conseiller scientifique pour l\u2019\u00e9mission Ushua\u00efa Nature pendant douze ans, il est tr\u00e8s impliqu\u00e9 dans l\u2019\u00e9co-valorisation du patrimoine marin. Son exp\u00e9rience de la plong\u00e9e lui a d\u2019ailleurs permis d\u2019\u00eatre \u00e0 l\u2019origine de la premi\u00e8re photographie prise par un plongeur, du c\u0153lacanthe dans son milieu naturel, poisson fossile vieux de 400 millions d\u2019ann\u00e9es.<\/p>\n<p>Ses photos explorent les rapports \u00e0 l\u2019esth\u00e9tique, aux formes, aux mouvements, au sensoriel dans le milieu marin qui se d\u00e9voile \u00e0 travers un prisme plus abstrait. Son travail a \u00e9t\u00e9 r\u00e9compens\u00e9 plusieurs fois en recevant la palme d\u2019or au Festival mondial de l\u2019image sous-marine.<\/p>\n<p>L\u2019exposition nous fait voyager sous les glaces de la Mer Ad\u00e9lie d\u00e9voilant la faune marine et des jardins profonds luxuriants d\u2019Antarctique, assister au ballet de reproduction des m\u00e9rous qui attirent plus de 700 requins la nuit dans un atoll du Pacifique, et d\u00e9couvrir les profondeurs d\u2019un nouveau monde, d\u2019une autre plan\u00e8te, la Plan\u00e8te M\u00e9diterran\u00e9e.<\/p>\n<p style=\"text-align: center;\">\u00ab\u00a0Longtemps, j\u2019ai plong\u00e9 trop press\u00e9&#8230; C\u2019est pourquoi je fais souvent ce r\u00eave de lenteur\u00a0: je pars en plong\u00e9e comme un botaniste en for\u00eat, comme un alpiniste en montagne, calme et serein, sans l\u2019inqui\u00e9tude du manque d\u2019air ou de l\u2019accident de d\u00e9compression. Je r\u00eave de m\u2019affranchir de la respiration artificielle, de ne plus devoir rejoindre la surface et de pouvoir vagabonder sur un territoire sauvage, de m\u2019impr\u00e9gner de lui sans contrainte de temps. Je r\u00eave de vivre l\u2019esprit libre ma passion sous-marine, simplement et sans limite.\u00a0\u00bb<\/p>\n<p>Diffusion du film documentaire \u00ab\u00a0Plan\u00e8te M\u00e9diterran\u00e9e\u00a0\u00bb pendant toute la dur\u00e9e de l\u2019exposition\u00a0 (96 minutes). Pour d\u00e9couvrir, de Marseille \u00e0 Monaco, une \u00e9blouissante d\u00e9couverte de la zone des 100 m\u00e8tres de profondeur, au prix d\u2019un exploit technologique et humain orchestr\u00e9 par Laurent Ballesta. R\u00e9alis\u00e9 en 2019 par Gil Keba\u00efli, \u00e9crit par Gil Keba\u00efli, Marianne Cramer et Laurent Ballesta et coproduit par ARTE France, Les Gens Bien Productions, Androm\u00e8de Oc\u00e9anologie.<\/p>\n<p>Exposition \u00ab\u00a0Mers et Myst\u00e8res\u00a0\u00bb<\/p>\n<p>jusqu\u2019au 28 septembre\u00a0<\/p>\n<p>Mus\u00e9e de la Photographie Charles N\u00e8gre<\/p>\n<p>1, place Pierre Gautier Nice\u00a0<\/p>\n","protected":false},"excerpt":{"rendered":"&#8211; plafond de glace, \u00celot de la Dent, Terre Ad\u00e9lie \u00a9 Laurent Ballesta &#8211; Ce rendez-vous connu par&hellip;\n","protected":false},"author":2,"featured_media":25096,"comment_status":"","ping_status":"","sticky":false,"template":"","format":"standard","meta":{"footnotes":""},"categories":[2819],"tags":[1111,47,11,1777,674,1011,27,1110,1031,12,2401,882,25],"class_list":{"0":"post-25095","1":"post","2":"type-post","3":"status-publish","4":"format-standard","5":"has-post-thumbnail","7":"category-nice","8":"tag-actu","9":"tag-actualite","10":"tag-actualites","11":"tag-eu","12":"tag-europe","13":"tag-fr","14":"tag-france","15":"tag-informations","16":"tag-magazine","17":"tag-news","18":"tag-nice","19":"tag-provence-alpes-cote-dazur","20":"tag-republique-francaise"},"share_on_mastodon":{"url":"https:\/\/pubeurope.com\/@fr\/114338137712597813","error":""},"_links":{"self":[{"href":"https:\/\/www.europesays.com\/fr\/wp-json\/wp\/v2\/posts\/25095","targetHints":{"allow":["GET"]}}],"collection":[{"href":"https:\/\/www.europesays.com\/fr\/wp-json\/wp\/v2\/posts"}],"about":[{"href":"https:\/\/www.europesays.com\/fr\/wp-json\/wp\/v2\/types\/post"}],"author":[{"embeddable":true,"href":"https:\/\/www.europesays.com\/fr\/wp-json\/wp\/v2\/users\/2"}],"replies":[{"embeddable":true,"href":"https:\/\/www.europesays.com\/fr\/wp-json\/wp\/v2\/comments?post=25095"}],"version-history":[{"count":0,"href":"https:\/\/www.europesays.com\/fr\/wp-json\/wp\/v2\/posts\/25095\/revisions"}],"wp:featuredmedia":[{"embeddable":true,"href":"https:\/\/www.europesays.com\/fr\/wp-json\/wp\/v2\/media\/25096"}],"wp:attachment":[{"href":"https:\/\/www.europesays.com\/fr\/wp-json\/wp\/v2\/media?parent=25095"}],"wp:term":[{"taxonomy":"category","embeddable":true,"href":"https:\/\/www.europesays.com\/fr\/wp-json\/wp\/v2\/categories?post=25095"},{"taxonomy":"post_tag","embeddable":true,"href":"https:\/\/www.europesays.com\/fr\/wp-json\/wp\/v2\/tags?post=25095"}],"curies":[{"name":"wp","href":"https:\/\/api.w.org\/{rel}","templated":true}]}}