{"id":250952,"date":"2025-07-15T06:28:10","date_gmt":"2025-07-15T06:28:10","guid":{"rendered":"https:\/\/www.europesays.com\/fr\/250952\/"},"modified":"2025-07-15T06:28:10","modified_gmt":"2025-07-15T06:28:10","slug":"francois-bayrou-est-il-en-operation-kamikaze-avec-son-plan-deconomies-a-40-milliards","status":"publish","type":"post","link":"https:\/\/www.europesays.com\/fr\/250952\/","title":{"rendered":"Fran\u00e7ois Bayrou est-il en op\u00e9ration kamikaze avec son plan d\u2019\u00e9conomies \u00e0 40\u00a0milliards\u00a0?"},"content":{"rendered":"<p>Apr\u00e8s des semaines de suspense, <a href=\"https:\/\/www.20minutes.fr\/politique\/francois_bayrou\/\" class=\"color-ultramarine c-link\" target=\"_blank\" rel=\"noopener\">Fran\u00e7ois Bayrou<\/a> va d\u00e9voiler ce mardi son plan de redressement des <a href=\"https:\/\/www.20minutes.fr\/dossier\/finances_publiques\" class=\"color-ultramarine c-link\" target=\"_blank\" rel=\"noopener\">finances publiques<\/a>. Le Premier ministre a d\u00e9j\u00e0 annonc\u00e9 qu\u2019il souhaitait faire pas moins de <a href=\"https:\/\/www.20minutes.fr\/politique\/4149726-20250424-budget-2026-impots-retraites-pistes-francois-bayrou-peut-envisager-trouver-40-milliards-euros\" class=\"color-ultramarine c-link\" target=\"_blank\" rel=\"noopener\">40\u00a0milliards d\u2019euros d\u2019\u00e9conomies<\/a> dans le cadre du budget 2026. Mais faute de majorit\u00e9 \u00e0 l\u2019Assembl\u00e9e nationale, le maire de Pau risque de vite tomber sur un os d\u00e8s la rentr\u00e9e parlementaire. \u00ab\u00a0Au mois d\u2019octobre, on entre dans la zone de grands dangers, pr\u00e9vient le d\u00e9put\u00e9 Liot Charles de Courson. C\u2019est l\u00e0 que les grandes temp\u00eates peuvent se lever\u00a0\u00bb. Le chef du gouvernement est d\u00e9j\u00e0 menac\u00e9 sur les projets de loi budg\u00e9taires par la censure de la gauche et du Rassemblement national, qui dressent leurs lignes rouges. Fran\u00e7ois Bayrou annonce qu\u2019il ira jusqu\u2019au bout. Est-il en op\u00e9ration <a href=\"https:\/\/www.20minutes.fr\/monde\/kamikaze\/\" class=\"color-ultramarine c-link\" target=\"_blank\" rel=\"noopener\">kamikaze<\/a>\u00a0?<\/p>\n<\/p>\n<p>\u00ab\u00a0Ce sera un budget pol\u00e9mique\u00a0\u00bb<\/p>\n<p>D\u00e8s sa nomination, fin d\u00e9cembre, Fran\u00e7ois Bayrou pointait du doigt \u00ab\u00a0l\u2019<a href=\"https:\/\/www.20minutes.fr\/dossier\/himalaya\" class=\"color-ultramarine c-link\" target=\"_blank\" rel=\"noopener\">Himalaya<\/a>\u00a0\u00bb des difficult\u00e9s qui attendaient son gouvernement, avec en premier lieu, le poids de la dette, \u00e0 114\u00a0% du PIB \u00e0 la fin du premier trimestre\u00a02025. Depuis, le Palois tente de rameuter des compagnons de cord\u00e9e\u00a0: comit\u00e9s d\u2019alerte, r\u00e9unions avec les responsables des partis politique, et m\u00eame une conf\u00e9rence de presse, mi-avril, autour de ce slogan\u00a0: \u00ab\u00a0La v\u00e9rit\u00e9 permet d\u2019agir\u00a0\u00bb. Une dramatisation pour pr\u00e9parer les Fran\u00e7ais \u00e0 des efforts, mais aussi pour tenter de faire plier la repr\u00e9sentation nationale.<\/p>\n<p>\u00ab\u00a0Ce n\u2019est pas un budget lambda, c\u2019est un budget important pour l\u2019\u00e9quilibre des finances publiques\u00a0\u00bb, insiste un conseiller du Premier ministre. \u00ab\u00a0Quand vous demandez 40\u00a0milliards d\u2019\u00e9conomies, forc\u00e9ment ce sera un budget pol\u00e9mique\u00a0\u00bb, poursuit-il. Un budget qui arrive aussi dans un contexte international incertain, entre tensions douani\u00e8res et menaces g\u00e9opolitiques. Emmanuel Macron ne l&rsquo;a d&rsquo;ailleurs pas vraiment aid\u00e9, en lui demandant dimanche un effort additionnel de 3,5 milliards d&rsquo;euros pour la d\u00e9fense.<\/p>\n<p>Le Premier ministre se retrouve donc, comme lors du budget 2025, face \u00e0 une \u00e9quation impossible\u00a0: d\u2019un c\u00f4t\u00e9, la gauche refuse de tailler dans les d\u00e9penses publiques. De l\u2019autre, le bloc central ne veut pas entendre parler d\u2019augmentation d\u2019imp\u00f4ts, m\u00eame pour les plus ais\u00e9s. Et le Rassemblement national l\u2019interdit de toucher au pouvoir d\u2019achat des Fran\u00e7ais et aux pensions des retrait\u00e9s. \u00ab\u00a0C\u2019est un budget sabre au clair. J\u2019imagine bien le <a href=\"https:\/\/www.20minutes.fr\/dossier\/premier_ministre\" class=\"color-ultramarine c-link\" target=\"_blank\" rel=\"noopener\">Premier ministre<\/a> aller chercher les totems au sein de tous les groupes politiques pour nous mettre face \u00e0 nos responsabilit\u00e9s\u00a0\u00bb, indique l\u2019ancienne ministre <a href=\"https:\/\/www.20minutes.fr\/politique\/olivia-gregoire\/\" class=\"color-ultramarine c-link\" target=\"_blank\" rel=\"noopener\">Olivia Gr\u00e9goire<\/a>, d\u00e9put\u00e9 Renaissance de Paris.<\/p>\n<p>Bayrou pr\u00e9pare d\u00e9j\u00e0 sa sortie\u00a0?<\/p>\n<p>L\u2019int\u00e9ress\u00e9 a pr\u00e9par\u00e9 ses mesures dans le plus grand secret. Pas un mot aux parlementaires du bloc central. Selon plusieurs macronistes, m\u00eame <a href=\"https:\/\/www.20minutes.fr\/dossier\/bercy\" class=\"color-ultramarine c-link\" target=\"_blank\" rel=\"noopener\">Bercy<\/a> et l\u2019Elys\u00e9e ne seraient au courant de rien. \u00ab\u00a0C\u2019est ferm\u00e9 \u00e0 double tour\u00a0\u00bb, s\u2019amuse un proche du patron du <a href=\"https:\/\/www.20minutes.fr\/dossier\/modem\" class=\"color-ultramarine c-link\" target=\"_blank\" rel=\"noopener\">MoDem<\/a>. Le triple candidat \u00e0 la pr\u00e9sidentielle, qui a fait de la r\u00e9duction de la dette son dada depuis des ann\u00e9es, entend bien ne pas l\u00e2cher. \u00ab\u00a0J\u2019ai choisi de vivre dans le risque. Je savais que c\u2019\u00e9tait un sport extr\u00eame, dit-il au <a href=\"https:\/\/www.lepoint.fr\/economie\/dette-l-ordonnance-en-blanc-du-docteur-bayrou-15-04-2025-2587407_28.php\" target=\"_blank\" class=\"color-ultramarine c-link\" rel=\"noopener\">Point<\/a>. Ce que je vais annoncer, personne n\u2019a jamais os\u00e9 le faire en France. Chacun prendra ses responsabilit\u00e9s, moi, je prends les miennes.\u00a0\u00bb<\/p>\n<p>Face \u00e0 ce genre de menaces, certains s\u2019interrogent. Fran\u00e7ois Bayrou serait-il en train de pr\u00e9parer sa sortie\u00a0? \u00ab\u00a0Ce sera le budget de <a href=\"https:\/\/www.20minutes.fr\/politique\/francois_bayrou\/\" class=\"color-ultramarine c-link\" target=\"_blank\" rel=\"noopener\">Fran\u00e7ois Bayrou<\/a>. Il veut en finir avec 40 ans de l\u00e2chet\u00e9 politique. Soit il arrive \u00e0 faire passer 40\u00a0milliards d\u2019euros d\u2019\u00e9conomies, soit il sera censur\u00e9 et l\u2019Assembl\u00e9e portera la responsabilit\u00e9 du poids de la dette\u00a0\u00bb, pr\u00e9vient un de ses proches. \u00ab\u00a0Il a raison, on ne peut plus reculer. Ce sera son budget, il est ma\u00eetre des annonces et du tempo\u00a0\u00bb, avance Mathieu Lef\u00e8vre, d\u00e9put\u00e9 Renaissance. \u00ab\u00a0La l\u00e2chet\u00e9 serait de dire qu\u2019on peut continuer \u00e0 d\u00e9penser autant ou qu\u2019il n\u2019a pas les moyens de son action, ajoute l\u2019\u00e9lu du <a href=\"https:\/\/www.20minutes.fr\/societe\/val-de-marne\/\" class=\"color-ultramarine c-link\" target=\"_blank\" rel=\"noopener\">Val-de-Marne<\/a>. L\u00e0, il a le courage de proposer des pistes. Il s\u2019attaque aux d\u00e9ficits par la face nord.\u00a0\u00bb Grimper \u00ab\u00a0l\u2019Himalaya\u00a0\u00bb, sans imaginer la chute.<\/p>\n","protected":false},"excerpt":{"rendered":"Apr\u00e8s des semaines de suspense, Fran\u00e7ois Bayrou va d\u00e9voiler ce mardi son plan de redressement des finances publiques.&hellip;\n","protected":false},"author":2,"featured_media":250953,"comment_status":"","ping_status":"","sticky":false,"template":"","format":"standard","meta":{"footnotes":""},"categories":[4],"tags":[47,11,10259,6327,1011,27,431,418,12,316,3363,25],"class_list":{"0":"post-250952","1":"post","2":"type-post","3":"status-publish","4":"format-standard","5":"has-post-thumbnail","7":"category-france","8":"tag-actualite","9":"tag-actualites","10":"tag-deficit","11":"tag-dette","12":"tag-fr","13":"tag-france","14":"tag-francois-bayrou","15":"tag-gouvernement","16":"tag-news","17":"tag-politique","18":"tag-premier-ministre","19":"tag-republique-francaise"},"share_on_mastodon":{"url":"https:\/\/pubeurope.com\/@fr\/114855837926686948","error":""},"_links":{"self":[{"href":"https:\/\/www.europesays.com\/fr\/wp-json\/wp\/v2\/posts\/250952","targetHints":{"allow":["GET"]}}],"collection":[{"href":"https:\/\/www.europesays.com\/fr\/wp-json\/wp\/v2\/posts"}],"about":[{"href":"https:\/\/www.europesays.com\/fr\/wp-json\/wp\/v2\/types\/post"}],"author":[{"embeddable":true,"href":"https:\/\/www.europesays.com\/fr\/wp-json\/wp\/v2\/users\/2"}],"replies":[{"embeddable":true,"href":"https:\/\/www.europesays.com\/fr\/wp-json\/wp\/v2\/comments?post=250952"}],"version-history":[{"count":0,"href":"https:\/\/www.europesays.com\/fr\/wp-json\/wp\/v2\/posts\/250952\/revisions"}],"wp:featuredmedia":[{"embeddable":true,"href":"https:\/\/www.europesays.com\/fr\/wp-json\/wp\/v2\/media\/250953"}],"wp:attachment":[{"href":"https:\/\/www.europesays.com\/fr\/wp-json\/wp\/v2\/media?parent=250952"}],"wp:term":[{"taxonomy":"category","embeddable":true,"href":"https:\/\/www.europesays.com\/fr\/wp-json\/wp\/v2\/categories?post=250952"},{"taxonomy":"post_tag","embeddable":true,"href":"https:\/\/www.europesays.com\/fr\/wp-json\/wp\/v2\/tags?post=250952"}],"curies":[{"name":"wp","href":"https:\/\/api.w.org\/{rel}","templated":true}]}}