{"id":250958,"date":"2025-07-15T06:33:11","date_gmt":"2025-07-15T06:33:11","guid":{"rendered":"https:\/\/www.europesays.com\/fr\/250958\/"},"modified":"2025-07-15T06:33:11","modified_gmt":"2025-07-15T06:33:11","slug":"cest-historique-un-nouveau-phallus-de-titan-va-fleurir-au-jardin-botanique-de-villers-les-nancy","status":"publish","type":"post","link":"https:\/\/www.europesays.com\/fr\/250958\/","title":{"rendered":"C\u2019est historique\u00a0: un nouveau phallus de titan va fleurir au jardin botanique de Villers-l\u00e8s-Nancy"},"content":{"rendered":"<p style=\"margin: 0;\">mardi 15 juillet 2025 \u00e0 07:18<\/p>\n<p>\t<img decoding=\"async\" src=\"https:\/\/www.europesays.com\/fr\/wp-content\/uploads\/2025\/07\/15653-cest-historique-un-nouveau-phallus-de-titan-va-fleurir-au-jardin-botanique-de-villers-les-nanc.jpeg\" class=\"blur\" alt=\"C\u2019est historique\u00a0: un nouveau phallus de titan va fleurir au jardin botanique de Villers-l\u00e8s-Nancy\"\/><br \/>\n\t<img decoding=\"async\" src=\"https:\/\/www.europesays.com\/fr\/wp-content\/uploads\/2025\/07\/15653-cest-historique-un-nouveau-phallus-de-titan-va-fleurir-au-jardin-botanique-de-villers-les-nanc.jpeg\" class=\"main\" alt=\"C\u2019est historique\u00a0: un nouveau phallus de titan va fleurir au jardin botanique de Villers-l\u00e8s-Nancy\"\/><\/p>\n<p>Pour la troisi\u00e8me fois en 2 ans, un \u00ab\u00a0p\u00e9nis de titan\u00a0\u00bb va fleurir en Lorraine, du jamais vu en France\u00a0! Ces floraisons se produisent g\u00e9n\u00e9ralement tous les 7 \u00e0 10 ans.<\/p>\n<p>&#13;<\/p>\n<p>Il y a moins d\u2019un mois un sp\u00e9cimen de 21 kg, baptis\u00e9 Eros, avait \u00e9clos. Pour cette troisi\u00e8me floraison, le tubercule de 42 kilos, pr\u00e9nomm\u00e9 \u00ab\u00a0tintin\u00a0\u00bb qui avait d\u00e9j\u00e0 \u00e9clos il y a deux ans, pourrait fleurir entre le 21 et le 27 juillet.<\/p>\n","protected":false},"excerpt":{"rendered":"mardi 15 juillet 2025 \u00e0 07:18 Pour la troisi\u00e8me fois en 2 ans, un \u00ab\u00a0p\u00e9nis de titan\u00a0\u00bb va&hellip;\n","protected":false},"author":2,"featured_media":250959,"comment_status":"","ping_status":"","sticky":false,"template":"","format":"standard","meta":{"footnotes":""},"categories":[9635],"tags":[1111,11,1777,674,1011,27,775,1702,12,25],"class_list":{"0":"post-250958","1":"post","2":"type-post","3":"status-publish","4":"format-standard","5":"has-post-thumbnail","7":"category-nancy","8":"tag-actu","9":"tag-actualites","10":"tag-eu","11":"tag-europe","12":"tag-fr","13":"tag-france","14":"tag-grand-est","15":"tag-nancy","16":"tag-news","17":"tag-republique-francaise"},"share_on_mastodon":{"url":"https:\/\/pubeurope.com\/@fr\/114855857629771005","error":""},"_links":{"self":[{"href":"https:\/\/www.europesays.com\/fr\/wp-json\/wp\/v2\/posts\/250958","targetHints":{"allow":["GET"]}}],"collection":[{"href":"https:\/\/www.europesays.com\/fr\/wp-json\/wp\/v2\/posts"}],"about":[{"href":"https:\/\/www.europesays.com\/fr\/wp-json\/wp\/v2\/types\/post"}],"author":[{"embeddable":true,"href":"https:\/\/www.europesays.com\/fr\/wp-json\/wp\/v2\/users\/2"}],"replies":[{"embeddable":true,"href":"https:\/\/www.europesays.com\/fr\/wp-json\/wp\/v2\/comments?post=250958"}],"version-history":[{"count":0,"href":"https:\/\/www.europesays.com\/fr\/wp-json\/wp\/v2\/posts\/250958\/revisions"}],"wp:featuredmedia":[{"embeddable":true,"href":"https:\/\/www.europesays.com\/fr\/wp-json\/wp\/v2\/media\/250959"}],"wp:attachment":[{"href":"https:\/\/www.europesays.com\/fr\/wp-json\/wp\/v2\/media?parent=250958"}],"wp:term":[{"taxonomy":"category","embeddable":true,"href":"https:\/\/www.europesays.com\/fr\/wp-json\/wp\/v2\/categories?post=250958"},{"taxonomy":"post_tag","embeddable":true,"href":"https:\/\/www.europesays.com\/fr\/wp-json\/wp\/v2\/tags?post=250958"}],"curies":[{"name":"wp","href":"https:\/\/api.w.org\/{rel}","templated":true}]}}