{"id":250966,"date":"2025-07-16T09:33:16","date_gmt":"2025-07-16T09:33:16","guid":{"rendered":"https:\/\/www.europesays.com\/fr\/250966\/"},"modified":"2025-07-16T09:33:16","modified_gmt":"2025-07-16T09:33:16","slug":"mi-2025-quel-est-le-bilan-du-tourisme-en-seine-maritime","status":"publish","type":"post","link":"https:\/\/www.europesays.com\/fr\/250966\/","title":{"rendered":"mi-2025, quel est le bilan du tourisme en Seine-Maritime\u00a0?"},"content":{"rendered":"<p>            Par<br \/>\n        <strong><br \/>\n            <a href=\"https:\/\/actu.fr\/auteur\/adrien-tisserand\" title=\"Consulter tous les articles de Adrien Tisserand\" rel=\"nofollow noopener\" target=\"_blank\">Adrien Tisserand<\/a><br \/>\n        <\/strong><\/p>\n<p>        Publi\u00e9 le<\/p>\n<p>            16 juil. 2025 \u00e0 10h12        <\/p>\n<p>Longtemps boud\u00e9e parmi les destinations de vacances en \u00e9t\u00e9, la <a href=\"https:\/\/actu.fr\/normandie\/seine-maritime_76\" rel=\"nofollow noopener\" target=\"_blank\">Seine-Maritime<\/a> est \u00e0 la mode. C\u2019est en tout cas ce que r\u00e9v\u00e8le Seine-Maritime Attractivit\u00e9, dans son bilan du mois d\u2019avril 2025, avec \u00a0\u00bb <strong>5,5<\/strong> <strong>millions de nuit\u00e9es r\u00e9serv\u00e9es<\/strong> entre janvier et avril, soit une hausse de 2 % par rapport \u00e0 2024\u2033. \u00a0<\/p>\n<p>Des chiffres r\u00e9v\u00e9lateurs\u00a0<\/p>\n<p class=\" wall-content\">Le mois d\u2019avril, bien aid\u00e9 \u00ab\u00a0par les vacances de printemps et le <strong>week-end de P\u00e2ques<\/strong>, avec 18 % de nuit\u00e9es et 10 % d\u2019excursions en plus, confirme cette tendance et cumule 1,9 million de nuit\u00e9es, soit une progression marqu\u00e9e de<strong> + 15,3 %<\/strong> par rapport \u00e0 avril 2024\u2033. Cette bonne dynamique a \u00e9t\u00e9 confirm\u00e9e en <strong>mai 2025<\/strong> avec \u00ab\u00a0<strong>2 millions de nuit\u00e9es <\/strong>recens\u00e9es et 3 millions d\u2019excursions\u00a0\u00bb, soit le m\u00eame niveau qu\u2019en 2024.\u00a0<\/p>\n<p class=\" wall-content\">Seine-Maritime Attractivit\u00e9 indique \u00ab\u00a0des retomb\u00e9es positives pour le secteur de l\u2019h\u00e9bergement touristique, avec <b>un chiffre d\u2019affaires de 13,8 millions d\u2019euros<\/b>, depuis le d\u00e9but de l\u2019ann\u00e9e\u00a0\u00bb.\u00a0<\/p>\n<p>De plus en plus de touristes \u00e9trangers<\/p>\n<p class=\" wall-content\">Parmi les tendances, on observe de plus en plus de touristes \u00e9trangers sur notre d\u00e9partement (+10% de nuit\u00e9es \u00e9trang\u00e8res chaque ann\u00e9e). Jean-Marc Deverre, directeur g\u00e9n\u00e9ral de Seine-Maritime Attractivit\u00e9, explique que l\u2019on retrouve principalement des touristes \u00ab\u00a0<strong>allemands, n\u00e9erlandais et britanniques<\/strong>\u00ab\u00a0.<\/p>\n<p class=\" wall-content\">Mais il y a aussi davantage de touristes provenant des <strong>\u00c9tats-Unis et de la Chine<\/strong> : \u00ab\u00a0ils reviennent en force, probablement gr\u00e2ce \u00e0 l\u2019effet \u00ab\u00a0Jeux Olympiques\u00a0\u00bb et \u00e0 l\u2019afflux de croisi\u00e8res\u00a0\u00bb.\u00a0\u00a0<\/p>\n<p>Vid\u00e9os : en ce moment sur Actu<\/p>\n<p class=\" wall-content\">Les touristes fran\u00e7ais proviennent, eux, majoritairement des r\u00e9gions \u00e0 proximit\u00e9 : l\u2019\u00cele-de-France, les Hauts-de-France et la <a href=\"https:\/\/actu.fr\/normandie\/\" rel=\"nofollow noopener\" target=\"_blank\">Normandie<\/a>.\u00a0<\/p>\n<p>De nombreux \u00e9v\u00e8nements majeurs en 2025<\/p>\n<p class=\" wall-content\">La Seine-Maritime b\u00e9n\u00e9ficie de la tenue de<strong> grands \u00e9v\u00e8nements<\/strong> sur son territoire cette ann\u00e9e, qui renforce le tourisme urbain : \u00ab\u00a0On a la chance d\u2019avoir les <a href=\"https:\/\/actu.fr\/normandie\/dieppe_76217\/photos-70-ans-dalpine-a-dieppe-un-rendez-vous-entre-histoire-passion-et-innovation_62714040.html\" rel=\"nofollow noopener\" target=\"_blank\">70 ans d\u2019Alpine<\/a> ou le Festival de Cerfs-Volants \u00e0 Dieppe, <a href=\"https:\/\/actu.fr\/normandie\/le-havre_76351\/les-grandes-voiles-du-havre-c-est-quoi-cette-course-qui-se-cache-derriere-l-evenement_62706253.html\" rel=\"nofollow noopener\" target=\"_blank\">Les Grandes Voiles<\/a> et la Transat Caf\u00e9 l\u2019Or au Havre, le <a href=\"https:\/\/actu.fr\/normandie\/rouen_76540\/le-tour-de-france-arrive-a-rouen-la-fete-et-les-coulisses-a-suivre-en-direct_62875764.html\" rel=\"nofollow noopener\" target=\"_blank\">Tour de France<\/a> ou la F\u00eate du Ventre \u00e0 Rouen\u00a0\u00bb, \u00e9num\u00e8re Jean-Marc Deverre.\u00a0<\/p>\n<p>Un tourisme vert<\/p>\n<p class=\" wall-content\">Si la c\u00f4te d\u2019Alb\u00e2tre est incontournable pour le tourisme baln\u00e9aire, avec ses 60 kilom\u00e8tres de plages, l\u2019int\u00e9rieur des terres n\u2019est pas \u00e0 n\u00e9gliger avec le d\u00e9veloppement du <strong>tourisme de pleine nature<\/strong>, ax\u00e9 sur la pratique du v\u00e9lo, de la randonn\u00e9e et du trail.\u00a0<\/p>\n<p class=\" wall-content\">Selon Seine-Maritime Attractivit\u00e9, \u00ab\u00a0en avril, sur l\u2019Avenue Verte London-Paris, l\u2019\u00e9co compteur de <a href=\"https:\/\/actu.fr\/normandie\/dieppe_76217\" rel=\"nofollow noopener\" target=\"_blank\">Dieppe<\/a> a enregistr\u00e9 pr\u00e8s de <strong>8000 passages<\/strong>, soit une hausse de pr\u00e8s de 30% par rapport \u00e0 2024. M\u00eame dynamique positive pour la V\u00e9lomaritime, avec 1 770 passages comptabilis\u00e9s \u00e0 F\u00e9camp, en hausse de 62 % sur un an\u00a0\u00bb.\u00a0<\/p>\n<p class=\" wall-content\"><a href=\"https:\/\/actu.fr\/normandie\/le-havre_76351\" rel=\"nofollow noopener\" target=\"_blank\">Le Havre<\/a> vient d\u2019\u00eatre r\u00e9compens\u00e9 du label \u00ab\u00a0Green Destinations\u00ab\u00a0, \u00e0 l\u2019instar de <a href=\"https:\/\/actu.fr\/normandie\/forges-les-eaux_76276\" rel=\"nofollow noopener\" target=\"_blank\">Forges-les-Eaux<\/a>. Ce label r\u00e9compense les politiques de tourisme durable et \u00e9co-responsable. Un signal encourageant dans un d\u00e9partement <strong>historiquement tr\u00e8s industrialis\u00e9<\/strong>, qui prend conscience de son potentiel touristique.\u00a0<\/p>\n<p>Suivez l\u2019actualit\u00e9 de Rouen sur notre <a href=\"https:\/\/www.whatsapp.com\/channel\/0029VaKfnf99hXF2ddApFB1D\" rel=\"nofollow noopener\" target=\"_blank\">cha\u00eene WhatsApp<\/a> et sur notre <a href=\"https:\/\/www.tiktok.com\/@76actu.fr?lang=fr\" rel=\"nofollow noopener\" target=\"_blank\">compte TikTok<\/a><\/p>\n<p class=\" wall-content\">Suivez toute l\u2019actualit\u00e9 de vos villes et m\u00e9dias favoris en vous inscrivant \u00e0 <a href=\"https:\/\/moncompte.actu.fr\" title=\"D\u00e9couvez Mon Actu\" rel=\"nofollow noopener\" data-trk=\"{&quot;cta&quot;:{&quot;action&quot;:&quot;https:\\\/\\\/moncompte.actu.fr&quot;,&quot;category&quot;:&quot;mon compte&quot;,&quot;from&quot;:&quot;article footer&quot;,&quot;name&quot;:&quot;Mon actu&quot;,&quot;type&quot;:&quot;cta&quot;}}\" target=\"_blank\">Mon Actu<\/a>.<\/p>\n<p>                    <script async src=\"\/\/www.tiktok.com\/embed.js\"><\/script><\/p>\n","protected":false},"excerpt":{"rendered":"Par Adrien Tisserand Publi\u00e9 le 16 juil. 2025 \u00e0 10h12 Longtemps boud\u00e9e parmi les destinations de vacances en&hellip;\n","protected":false},"author":2,"featured_media":213528,"comment_status":"","ping_status":"","sticky":false,"template":"","format":"standard","meta":{"footnotes":""},"categories":[9587],"tags":[1111,11,33,1777,674,1011,27,12,5161,25,9590,602],"class_list":{"0":"post-250966","1":"post","2":"type-post","3":"status-publish","4":"format-standard","5":"has-post-thumbnail","7":"category-rouen","8":"tag-actu","9":"tag-actualites","10":"tag-economie","11":"tag-eu","12":"tag-europe","13":"tag-fr","14":"tag-france","15":"tag-news","16":"tag-normandie","17":"tag-republique-francaise","18":"tag-rouen","19":"tag-tourisme"},"share_on_mastodon":{"url":"https:\/\/pubeurope.com\/@fr\/114862227779920477","error":""},"_links":{"self":[{"href":"https:\/\/www.europesays.com\/fr\/wp-json\/wp\/v2\/posts\/250966","targetHints":{"allow":["GET"]}}],"collection":[{"href":"https:\/\/www.europesays.com\/fr\/wp-json\/wp\/v2\/posts"}],"about":[{"href":"https:\/\/www.europesays.com\/fr\/wp-json\/wp\/v2\/types\/post"}],"author":[{"embeddable":true,"href":"https:\/\/www.europesays.com\/fr\/wp-json\/wp\/v2\/users\/2"}],"replies":[{"embeddable":true,"href":"https:\/\/www.europesays.com\/fr\/wp-json\/wp\/v2\/comments?post=250966"}],"version-history":[{"count":0,"href":"https:\/\/www.europesays.com\/fr\/wp-json\/wp\/v2\/posts\/250966\/revisions"}],"wp:featuredmedia":[{"embeddable":true,"href":"https:\/\/www.europesays.com\/fr\/wp-json\/wp\/v2\/media\/213528"}],"wp:attachment":[{"href":"https:\/\/www.europesays.com\/fr\/wp-json\/wp\/v2\/media?parent=250966"}],"wp:term":[{"taxonomy":"category","embeddable":true,"href":"https:\/\/www.europesays.com\/fr\/wp-json\/wp\/v2\/categories?post=250966"},{"taxonomy":"post_tag","embeddable":true,"href":"https:\/\/www.europesays.com\/fr\/wp-json\/wp\/v2\/tags?post=250966"}],"curies":[{"name":"wp","href":"https:\/\/api.w.org\/{rel}","templated":true}]}}