{"id":250969,"date":"2025-07-16T09:35:09","date_gmt":"2025-07-16T09:35:09","guid":{"rendered":"https:\/\/www.europesays.com\/fr\/250969\/"},"modified":"2025-07-16T09:35:09","modified_gmt":"2025-07-16T09:35:09","slug":"grenoble-cette-celebre-marque-de-sport-debarque-cette-semaine-a-neyrpic","status":"publish","type":"post","link":"https:\/\/www.europesays.com\/fr\/250969\/","title":{"rendered":"Grenoble. Cette c\u00e9l\u00e8bre marque de sport d\u00e9barque cette semaine \u00e0 Neyrpic"},"content":{"rendered":"<p>            Par<br \/>\n        <strong><br \/>\n            <a href=\"https:\/\/actu.fr\/auteur\/lisa-rodrigues\" title=\"Consulter tous les articles de Lisa Rodrigues\" target=\"_blank\" rel=\"noopener\">Lisa Rodrigues<\/a><br \/>\n        <\/strong><\/p>\n<p>        Publi\u00e9 le<\/p>\n<p>            16 juil. 2025 \u00e0 10h17        <\/p>\n<p>Ce sera seulement la deuxi\u00e8me boutique de la marque en Is\u00e8re, apr\u00e8s celle \u00e0 <a href=\"https:\/\/actu.fr\/auvergne-rhone-alpes\/villefontaine_38553\/pres-de-lyon-ces-nouveaux-commerces-ouvrent-a-the-village-des-marques-connues-arrivent_62797566.html\" target=\"_blank\" rel=\"noopener\">The Village<\/a> \u00e0 Villefontaine, et une premi\u00e8re dans l\u2019agglom\u00e9ration grenobloise. D\u00e8s <strong>jeudi 17 juillet<\/strong>, une \u00ab\u00a0marque de sportwear embl\u00e9matique\u00a0\u00bb va ouvrir son magasin \u00e0 <a href=\"https:\/\/actu.fr\/tag\/centre-commercial-neyrpic\" target=\"_blank\" rel=\"noopener\">Neyrpic<\/a> pr\u00e8s de <a href=\"https:\/\/actu.fr\/auvergne-rhone-alpes\/grenoble_38185\" target=\"_blank\" rel=\"noopener\">Grenoble<\/a>, un an \u00e0 peine apr\u00e8s son ouverture, se r\u00e9jouit la direction du centre commercial.\u00a0<\/p>\n<p class=\" wall-content\">Il s\u2019agit de la marque am\u00e9ricaine <strong>Nike<\/strong>. Elle rejoint ainsi d\u2019autres enseignes de sport d\u00e9j\u00e0 pr\u00e9sentes dans les all\u00e9es de Neyrpic, notamment Adidas.<\/p>\n<p>Du pr\u00eat-\u00e0-porter, des baskets et des accessoires<\/p>\n<p class=\" wall-content\">La boutique Nike est install\u00e9e dans un <strong>local de 700 m\u00b2<\/strong>, en face de Promod, au rez-de-chauss\u00e9e du centre commercial.<\/p>\n<p class=\" wall-content\">Cette nouvelle adresse va proposer des \u00ab\u00a0collections mixtes, mod\u00e8les iconiques et derni\u00e8res nouveaut\u00e9s en mati\u00e8re de pr\u00eat-\u00e0-porter, baskets et accessoires\u00a0\u00bb, indique la direction de Neyrpic.<\/p>\n<blockquote class=\"ac-article-quote wall-content\">\n<p>L\u2019ouverture de Nike constitue un v\u00e9ritable \u00e9v\u00e9nement pour Neyrpic et illustre sa capacit\u00e9 \u00e0 attirer de grandes marques internationales pl\u00e9biscit\u00e9es par nos clients. <\/p>\n<p>    <strong>Lionel Schneider<\/strong><br \/>\n        Directeur de Neyrpic    <\/p><\/blockquote>\n<p>Le cin\u00e9ma arrive fin 2026<\/p>\n<p class=\" wall-content\">Le centre commercial Neyrpic \u00e0 <a href=\"https:\/\/actu.fr\/auvergne-rhone-alpes\/saint-martin-d-heres_38421\" target=\"_blank\" rel=\"noopener\">Saint-Martin-d\u2019H\u00e8res<\/a> continue donc de se d\u00e9velopper, avec d\u00e9j\u00e0 plus de 70 boutiques ouvertes et pr\u00e8s d\u2019une trentaine de points de restauration.\u00a0<\/p>\n<p class=\" wall-content\">Comme annonc\u00e9 dans un pr\u00e9c\u00e9dent article, un <a href=\"https:\/\/actu.fr\/auvergne-rhone-alpes\/saint-martin-d-heres_38421\/grenoble-le-centre-commercial-neyrpic-annonce-de-nouvelles-enseignes-voici-lesquelles_62088191.html\" target=\"_blank\" rel=\"noopener\">cin\u00e9ma de six salles<\/a> va \u00e9galement ouvrir ses portes \u00ab\u00a0fin 2026\u00a0\u00bb. La <strong>pharmacie<\/strong>, elle, a ouvert d\u00e9but juillet.<\/p>\n<p>Nike au centre commercial Neyrpic \u00e0 Saint-Martin-d\u2019H\u00e8res, ouverture jeudi 17 juillet. <br \/>Du lundi au samedi de 10 heures \u00e0 20 heures.<\/p>\n<p class=\" wall-content\">Suivez toute l\u2019actualit\u00e9 de vos villes et m\u00e9dias favoris en vous inscrivant \u00e0 <a href=\"https:\/\/moncompte.actu.fr\" title=\"D\u00e9couvez Mon Actu\" rel=\"nofollow noopener\" data-trk=\"{&quot;cta&quot;:{&quot;action&quot;:&quot;https:\\\/\\\/moncompte.actu.fr&quot;,&quot;category&quot;:&quot;mon compte&quot;,&quot;from&quot;:&quot;article footer&quot;,&quot;name&quot;:&quot;Mon actu&quot;,&quot;type&quot;:&quot;cta&quot;}}\" target=\"_blank\">Mon Actu<\/a>.<\/p>\n<ul class=\"ac-article-tag wall-content\">\n<li><a href=\"https:\/\/actu.fr\/tag\/centre-commercial-neyrpic\" data-trk=\"{&quot;cta&quot;:{&quot;action&quot;:&quot;Centre commercial Neyrpic&quot;,&quot;category&quot;:&quot;tag&quot;,&quot;from&quot;:&quot;article footer&quot;,&quot;name&quot;:&quot;Centre commercial Neyrpic&quot;,&quot;type&quot;:&quot;cta&quot;}}\" target=\"_blank\" rel=\"noopener\">#Centre commercial Neyrpic<\/a><\/li>\n<li><a href=\"https:\/\/actu.fr\/tag\/commerce\" data-trk=\"{&quot;cta&quot;:{&quot;action&quot;:&quot;Commerce&quot;,&quot;category&quot;:&quot;tag&quot;,&quot;from&quot;:&quot;article footer&quot;,&quot;name&quot;:&quot;Commerce&quot;,&quot;type&quot;:&quot;cta&quot;}}\" target=\"_blank\" rel=\"noopener\">#Commerce<\/a><\/li>\n<\/ul>\n","protected":false},"excerpt":{"rendered":"Par Lisa Rodrigues Publi\u00e9 le 16 juil. 2025 \u00e0 10h17 Ce sera seulement la deuxi\u00e8me boutique de la&hellip;\n","protected":false},"author":2,"featured_media":250970,"comment_status":"","ping_status":"","sticky":false,"template":"","format":"standard","meta":{"footnotes":""},"categories":[9566],"tags":[1111,11,2430,9577,215,33,1777,674,1011,27,2731,12,25],"class_list":{"0":"post-250969","1":"post","2":"type-post","3":"status-publish","4":"format-standard","5":"has-post-thumbnail","7":"category-grenoble","8":"tag-actu","9":"tag-actualites","10":"tag-auvergne-rhone-alpes","11":"tag-centre-commercial-neyrpic","12":"tag-commerce","13":"tag-economie","14":"tag-eu","15":"tag-europe","16":"tag-fr","17":"tag-france","18":"tag-grenoble","19":"tag-news","20":"tag-republique-francaise"},"share_on_mastodon":{"url":"https:\/\/pubeurope.com\/@fr\/114862235565159684","error":""},"_links":{"self":[{"href":"https:\/\/www.europesays.com\/fr\/wp-json\/wp\/v2\/posts\/250969","targetHints":{"allow":["GET"]}}],"collection":[{"href":"https:\/\/www.europesays.com\/fr\/wp-json\/wp\/v2\/posts"}],"about":[{"href":"https:\/\/www.europesays.com\/fr\/wp-json\/wp\/v2\/types\/post"}],"author":[{"embeddable":true,"href":"https:\/\/www.europesays.com\/fr\/wp-json\/wp\/v2\/users\/2"}],"replies":[{"embeddable":true,"href":"https:\/\/www.europesays.com\/fr\/wp-json\/wp\/v2\/comments?post=250969"}],"version-history":[{"count":0,"href":"https:\/\/www.europesays.com\/fr\/wp-json\/wp\/v2\/posts\/250969\/revisions"}],"wp:featuredmedia":[{"embeddable":true,"href":"https:\/\/www.europesays.com\/fr\/wp-json\/wp\/v2\/media\/250970"}],"wp:attachment":[{"href":"https:\/\/www.europesays.com\/fr\/wp-json\/wp\/v2\/media?parent=250969"}],"wp:term":[{"taxonomy":"category","embeddable":true,"href":"https:\/\/www.europesays.com\/fr\/wp-json\/wp\/v2\/categories?post=250969"},{"taxonomy":"post_tag","embeddable":true,"href":"https:\/\/www.europesays.com\/fr\/wp-json\/wp\/v2\/tags?post=250969"}],"curies":[{"name":"wp","href":"https:\/\/api.w.org\/{rel}","templated":true}]}}