{"id":250977,"date":"2025-07-16T09:39:09","date_gmt":"2025-07-16T09:39:09","guid":{"rendered":"https:\/\/www.europesays.com\/fr\/250977\/"},"modified":"2025-07-16T09:39:09","modified_gmt":"2025-07-16T09:39:09","slug":"trois-arbres-qui-se-battent-en-duel","status":"publish","type":"post","link":"https:\/\/www.europesays.com\/fr\/250977\/","title":{"rendered":"Trois arbres qui se battent en duel"},"content":{"rendered":"<p>            Par<br \/>\n        <strong><br \/>\n            <a href=\"https:\/\/actu.fr\/auteur\/olivia-kouassi\" title=\"Consulter tous les articles de Olivia Kouassi\" target=\"_blank\" rel=\"noopener\">Olivia Kouassi<\/a><br \/>\n        <\/strong><\/p>\n<p>        Publi\u00e9 le<\/p>\n<p>            16 juil. 2025 \u00e0 7h02        <\/p>\n<p>Situ\u00e9e place du Ch\u00e2teau, proche de la <a href=\"https:\/\/actu.fr\/tag\/cathedrale-de-strasbourg\" target=\"_blank\" rel=\"noopener\">cath\u00e9drale de Strasbourg<\/a> (Bas-Rhin), l\u2019installation immersive estivale nomm\u00e9e \u00ab\u2009Der Wald \/ La For\u00eat \/ The Forest\u2009\u00bb a \u00e9t\u00e9 pens\u00e9e comme un <strong>contrepoint \u00e0 la min\u00e9ralit\u00e9 de la place<\/strong>\u00a0et un\u00a0<strong>hommage \u00e0 la verticalit\u00e9 de la cath\u00e9drale<\/strong>.<br \/>Mais cette installation, voulue comme <a href=\"https:\/\/actu.fr\/grand-est\/strasbourg_67482\/strasbourg-le-grand-spectacle-de-l-ete-2025-devoile-ce-sera-une-foret-immersive-au-pied-de-la-cathedrale_62697061.html\" target=\"_blank\" rel=\"noopener\">une for\u00eat immersive au pied de la cath\u00e9drale<\/a>, ne convainc pas toujours et fait face \u00e0 de nombreuses critiques.<\/p>\n<p>Des avis mitig\u00e9s sur la r\u00e9alisation de la \u00ab\u2009for\u00eat\u2009\u00bb<\/p>\n<p class=\" wall-content\"><a href=\"https:\/\/ete.strasbourg.eu\/evenement-de-l-ete\" target=\"_blank\" rel=\"noopener\">Concerts, activit\u00e9s sportives et autres \u00e9v\u00e9nements<\/a> se tiendront tout l\u2019\u00e9t\u00e9 place du Ch\u00e2teau au milieu de ce d\u00e9cor v\u00e9g\u00e9tal. Un espace sc\u00e9nographique, compos\u00e9 d\u2019arbres r\u00e9alis\u00e9s localement en bois et en mat\u00e9riaux recycl\u00e9s ainsi qu\u2019une installation sonore compos\u00e9e de bruits naturels et de musiques calmes et une installation lumineuse qui propose \u00ab\u2009une exp\u00e9rience immersive\u2009\u00bb entre <strong>calme<\/strong> et <strong>ombre<\/strong>.<\/p>\n<p class=\" wall-content\">\u00ab\u2009Ce n\u2019est pas une for\u00eat \u00e7a\u2009! Il y a trois arbres qui se battent en duel\u2009\u00bb, s\u2019exasp\u00e8re Martine qui explique \u00eatre venue d\u2019une commune proche de Pfaffenhoffen pour d\u00e9couvrir l\u2019installation estivale. \u00ab\u2009Le c\u00f4t\u00e9 for\u00eat immersive et \u00e9crin de nature en ville est un peu <strong>exag\u00e9r\u00e9<\/strong>\u2009\u00bb, estime Franck, r\u00e9sident \u00e0 Strasbourg et venu jeter un \u0153il \u00e0 la programmation. \u00ab\u2009Ce n\u2019est pas moche, il y a de l\u2019id\u00e9e mais la r\u00e9alisation est \u00e0 revoir, \u00e7a fait un peu <strong>chiche<\/strong> en arbres\u2009\u00bb, ajoute Marie.<\/p>\n<p>\u00ab\u2009Il fallait garder les caract\u00e9ristiques d\u2019un espace public\u2009\u00bb<\/p>\n<p class=\" wall-content\">Face \u00e0 la critique de la construction d\u2019une for\u00eat peu dense, St\u00e9phane Fievet directeur artistique du projet s\u2019explique. \u00ab\u2009Il fallait garder les caract\u00e9ristiques d\u2019un espace public, il <strong>fallait que \u00e7a reste ouvert<\/strong>, il y a des r\u00e8gles de s\u00e9curit\u00e9 et d\u2019usage \u00e0 respecter. Ce n\u2019est pas un lieu d\u2019attraction, il faut pouvoir continuer \u00e0 traverser l\u2019espace, d\u00e9taille celui qui d\u00e9fend une r\u00e9alisation \u00ab\u2009contemplative et apais\u00e9e. Il est<strong> impossible de rivaliser avec la hauteur de la cath\u00e9drale,<\/strong> le principe d\u2019une architecture gothique est d\u2019\u00eatre \u00e9cras\u00e9. On aurait pu faire des arbres de cinq m\u00e8tres, \u00e7a n\u2019aurait pas suffi.\u2009\u00bb<\/p>\n<p class=\" wall-content\">Cet \u00ab<strong>\u2009\u00eelot d\u2019apaisement face au tumulte\u2009\u00bb<\/strong>, comme le d\u00e9crit son directeur artistique, Johanna et Elisabeth, venues du Danemark, en profitent avec joie, assises sur l\u2019une des structures en bois. \u00ab\u2009Il y a trop de monde et de bruit sur la place de la Cath\u00e9drale. Ici, c\u2019est calme, il y a de l\u2019ombre et la musique est chouette\u2009\u00bb, d\u00e9taille Johanna. \u00ab\u2009C\u2019est <strong>moderne<\/strong> et <strong>esth\u00e9tique<\/strong>, j\u2019aime beaucoup. Et puis face \u00e0 la beaut\u00e9 de la cath\u00e9drale, on ne peut pas rivaliser\u2009\u00bb, compl\u00e8te sa fille Elisabeth.<\/p>\n<p class=\" wall-content\">Morgane, une Strasbourgeoise, trouve, elle aussi, l\u2019installation plut\u00f4t plaisante\u2009: \u00ab\u2009On dirait des Lego, je trouve \u00e7a tr\u00e8s mignon\u2009\u00bb.<\/p>\n<p>L\u2019opposition d\u00e9nonce des d\u00e9penses \u00ab\u2009inutiles\u2009\u00bb<\/p>\n<p class=\" wall-content\">\u00ab\u2009La for\u00eat Temu\u2009\u00bb, \u00ab\u2009foutage de gueule\u2009\u00bb, \u00ab\u2009premier prix de la laideur\u2009\u00bb\u2026 Sur les r\u00e9seaux sociaux, les internautes se d\u00e9cha\u00eenent. C\u00f4t\u00e9 opposition \u00e9galement, la \u00ab\u2009for\u00eat magique\u2009\u00bb a essuy\u00e9 les pl\u00e2tres.<\/p>\n<p class=\" wall-content\">\u00ab\u2009Ce n\u2019est pas une grande animation d\u2019\u00e9t\u00e9 qui permettra aux familles qui ne peuvent pas partir en vacances de partager un vrai moment de joie. [\u2026] <strong>Il y en a assez de ces gadgets, ces d\u00e9penses \u00e9ph\u00e9m\u00e8res qui sont du vrai g\u00e2chis d\u2019argent public<\/strong>\u2009\u00bb, a d\u00e9nonc\u00e9 <a href=\"https:\/\/actu.fr\/grand-est\/strasbourg_67482\/municipales-2026-pierre-jakubowicz-pose-les-bases-d-un-programme-d-alternance-pour-strasbourg_61882468.html\" target=\"_blank\" rel=\"noopener\">Pierre Jakubowicz<\/a>, \u00e9lu d\u2019opposition, dans une vid\u00e9o post\u00e9e sur les r\u00e9seaux sociaux quelques jours avant le lancement des animations.<\/p>\n<p>    <a href=\"https:\/\/www.facebook.com\/plugins\/video.php?height=476&amp;href=https%3A%2F%2Fwww.facebook.com%2Fpierre.jakubowicz%2Fvideos%2F1403897844179153%2F&amp;show_text=false&amp;width=350&amp;t=0\" title=\"Ouvrie le lien\" target=\"_blank\" rel=\"noopener\">Cliquez ici pour visualiser le contenu<\/a><\/p>\n<p class=\" wall-content\">Il a notamment point\u00e9 du doigt le co\u00fbt de <strong>400\u2009000\u00a0euros<\/strong> investis par la Ville pour cette installation qui sera r\u00e9utilis\u00e9e \u00e0 l\u2019\u00e9t\u00e9 2026 avec un programme diff\u00e9rent.<\/p>\n<p class=\" wall-content\">Suivez toute l\u2019actualit\u00e9 de vos villes et m\u00e9dias favoris en vous inscrivant \u00e0 <a href=\"https:\/\/moncompte.actu.fr\" title=\"D\u00e9couvez Mon Actu\" rel=\"nofollow noopener\" data-trk=\"{&quot;cta&quot;:{&quot;action&quot;:&quot;https:\\\/\\\/moncompte.actu.fr&quot;,&quot;category&quot;:&quot;mon compte&quot;,&quot;from&quot;:&quot;article footer&quot;,&quot;name&quot;:&quot;Mon actu&quot;,&quot;type&quot;:&quot;cta&quot;}}\" target=\"_blank\">Mon Actu<\/a>.<\/p>\n<ul class=\"ac-article-tag wall-content\">\n<li><a href=\"https:\/\/actu.fr\/tag\/eurometropole-de-strasbourg\" data-trk=\"{&quot;cta&quot;:{&quot;action&quot;:&quot;Eurom\\u00e9tropole de Strasbourg&quot;,&quot;category&quot;:&quot;tag&quot;,&quot;from&quot;:&quot;article footer&quot;,&quot;name&quot;:&quot;Eurom\\u00e9tropole de Strasbourg&quot;,&quot;type&quot;:&quot;cta&quot;}}\" target=\"_blank\" rel=\"noopener\">#Eurom\u00e9tropole de Strasbourg<\/a><\/li>\n<\/ul>\n","protected":false},"excerpt":{"rendered":"Par Olivia Kouassi Publi\u00e9 le 16 juil. 2025 \u00e0 7h02 Situ\u00e9e place du Ch\u00e2teau, proche de la cath\u00e9drale&hellip;\n","protected":false},"author":2,"featured_media":250978,"comment_status":"","ping_status":"","sticky":false,"template":"","format":"standard","meta":{"footnotes":""},"categories":[2820],"tags":[1111,11,1777,5342,674,1011,27,775,1652,12,25,640],"class_list":{"0":"post-250977","1":"post","2":"type-post","3":"status-publish","4":"format-standard","5":"has-post-thumbnail","7":"category-strasbourg","8":"tag-actu","9":"tag-actualites","10":"tag-eu","11":"tag-eurometropole-de-strasbourg","12":"tag-europe","13":"tag-fr","14":"tag-france","15":"tag-grand-est","16":"tag-loisirs-culture","17":"tag-news","18":"tag-republique-francaise","19":"tag-strasbourg"},"share_on_mastodon":{"url":"https:\/\/pubeurope.com\/@fr\/114862251464511544","error":""},"_links":{"self":[{"href":"https:\/\/www.europesays.com\/fr\/wp-json\/wp\/v2\/posts\/250977","targetHints":{"allow":["GET"]}}],"collection":[{"href":"https:\/\/www.europesays.com\/fr\/wp-json\/wp\/v2\/posts"}],"about":[{"href":"https:\/\/www.europesays.com\/fr\/wp-json\/wp\/v2\/types\/post"}],"author":[{"embeddable":true,"href":"https:\/\/www.europesays.com\/fr\/wp-json\/wp\/v2\/users\/2"}],"replies":[{"embeddable":true,"href":"https:\/\/www.europesays.com\/fr\/wp-json\/wp\/v2\/comments?post=250977"}],"version-history":[{"count":0,"href":"https:\/\/www.europesays.com\/fr\/wp-json\/wp\/v2\/posts\/250977\/revisions"}],"wp:featuredmedia":[{"embeddable":true,"href":"https:\/\/www.europesays.com\/fr\/wp-json\/wp\/v2\/media\/250978"}],"wp:attachment":[{"href":"https:\/\/www.europesays.com\/fr\/wp-json\/wp\/v2\/media?parent=250977"}],"wp:term":[{"taxonomy":"category","embeddable":true,"href":"https:\/\/www.europesays.com\/fr\/wp-json\/wp\/v2\/categories?post=250977"},{"taxonomy":"post_tag","embeddable":true,"href":"https:\/\/www.europesays.com\/fr\/wp-json\/wp\/v2\/tags?post=250977"}],"curies":[{"name":"wp","href":"https:\/\/api.w.org\/{rel}","templated":true}]}}