{"id":250979,"date":"2025-07-16T09:40:24","date_gmt":"2025-07-16T09:40:24","guid":{"rendered":"https:\/\/www.europesays.com\/fr\/250979\/"},"modified":"2025-07-16T09:40:24","modified_gmt":"2025-07-16T09:40:24","slug":"mort-du-footballeur-raymond-stieber-legende-du-racing-club-de-strasbourg","status":"publish","type":"post","link":"https:\/\/www.europesays.com\/fr\/250979\/","title":{"rendered":"Mort du footballeur Raymond Stieber, l\u00e9gende du Racing Club de Strasbourg"},"content":{"rendered":"<p>Raymond Stieber, footballeur dans les ann\u00e9es 1960, form\u00e9 en Alsace et qui a fait les beaux jours de son club &#8211; le Racing Club Strasbourg &#8211; est d\u00e9c\u00e9d\u00e9 ce mardi 15 juillet 2025 \u00e0 l&rsquo;\u00e2ge de 89 ans. Le footballeur, l\u00e9gendaire milieu de terrain du RC Strasbourg, avait notamment remport\u00e9 la Coupe de la Ligue Nationale en 1964 et la Coupe de France en 1966. Son \u00e9quipe de coeur lui rend hommage.<\/p>\n<p>\u00ab\u00a0Le Racing a appris avec une profonde tristesse le d\u00e9c\u00e8s de Raymond Stieber, milieu de terrain l\u00e9gendaire des ann\u00e9es 1960\u00a0\u00bb, peut-on lire dans <a href=\"https:\/\/x.com\/RCSA\/status\/1945163449262309482?ref_src=twsrc%5Etfw%7Ctwcamp%5Etweetembed%7Ctwterm%5E1945163449262309482%7Ctwgr%5E0be62797f761deaad7e410283950cb1c3be17aba%7Ctwcon%5Es1_&amp;ref_url=https%3A%2F%2Fwww.lequipe.fr%2FFootball%2FActualites%2FLe-milieu-de-terrain-legendaire-de-strasbourg-raymond-stieber-est-mort-a-89-ans%2F1578383\" rel=\"nofollow\">un post X du Racing Club de Strasbourg Alsace<\/a>, ce mardi 15 juillet 2025. L&rsquo;ancien footballeur, qui a fait toute sa carri\u00e8re dans le m\u00eame club &#8211; celui-l\u00e0-m\u00eame qui l&rsquo;avait form\u00e9 -, avait 89 ans et les causes exactes de sa mort n&rsquo;ont pas \u00e9t\u00e9 r\u00e9v\u00e9l\u00e9es. \u00ab\u00a0L\u00e0-haut, quand Raymond Stieber fera chanter le cuir avec ses anciens co\u00e9quipiers &#8211; et adversaires &#8211; partis trop t\u00f4t, nul doute qu&rsquo;on se battra pour \u00eatre dans son \u00e9quipe ! Car il \u00e9tait un gratteur de ballon hors norme, viril mais toujours correct, indispensable homme de l&rsquo;ombre du milieu de terrain\u00a0\u00bb, \u00e9crit encore le community manager du club alsacien de football.<\/p>\n<p>                        \u00ab\u00a0L&rsquo;un des joueurs les plus cap\u00e9s de l&rsquo;histoire du Racing\u00a0\u00bb : Le club de coeur de Raymond Stieber lui rend hommage<\/p>\n<p>N\u00e9 \u00e0 Strasbourg en 1936, Raymond Stieber est form\u00e9 au Racing Club de Strasbourg de 1955 \u00e0 1958 avant de jouer, pour une unique saison, avec le Football Club de Mulhouse (1958-1959). Apr\u00e8s avoir remport\u00e9 la Coupe d&rsquo;Alsace de football en 1959 avec cette \u00e9quipe, Raymond Stieber retourne au Racing Club de Strasbourg o\u00f9 il restera toute sa carri\u00e8re professionnelle. \u00ab\u00a0Enfant du quartier du Schluthfeld, Raymond Stieber a remport\u00e9 la coupe de la Ligue Nationale 1964 et la Coupe de France 1966 avec son club de toujours. Il a fi\u00e8rement d\u00e9fendu les couleurs du Racing \u00e0 travers l&rsquo;Europe, \u00e9liminant notamment l&rsquo;AC Milan et le FC Barcelone au mitan des ann\u00e9es 1960\u00a0\u00bb, \u00e9crit son club de coeur, toujours sur X, avant de conclure : \u00ab\u00a0Il a disput\u00e9 294 rencontres avec son club de c\u0153ur, ce qui fait de lui l\u2019un des joueurs les plus cap\u00e9s de l\u2019histoire du Racing. Le club adresse ses plus sinc\u00e8res condol\u00e9ances \u00e0 sa famille et ses proches\u00a0\u00bb.<\/p>\n<p>            Raymond Stieber : un footballeur devenu entra\u00eeneur, regrett\u00e9 de toute l&rsquo;Alsace<\/p>\n<p>Ce mercredi 16 juillet, <a href=\"https:\/\/&lt;iframe src=\" https:=\"\" width=\"500\" height=\"208\" style=\"border:none;overflow:hidden\" scrolling=\"no\" frameborder=\"0\" allowfullscreen=\"true\" allow=\"autoplay; clipboard-write; encrypted-media; picture-in-picture; web-share\" rel=\"nofollow\">\u00ab\u00a0&gt;le Football Club Sports R\u00e9unis Obernai publiait \u00e9galement un hommage \u00e0 Raymond Stieber<\/a>, surnomm\u00e9 Ackes, sur Facebook : \u00ab\u00a0C&rsquo;est avec tristesse que nous avons appris le d\u00e9c\u00e8s de Raymond Stieber, ancienne gloire du Racing et surtout longtemps entra\u00eeneur joueur du FCSRO en division d&rsquo;honneur \u00e0 l&rsquo;\u00e9poque. Le club adresse ses sinc\u00e8res condol\u00e9ances \u00e0 toute sa famille\u00a0\u00bb.<\/p>\n<blockquote class=\"twitter-tweet\">\n<p lang=\"fr\" dir=\"ltr\">\ud835\ude4d\ud835\ude56\ud835\ude6e\ud835\ude62\ud835\ude64\ud835\ude63\ud835\ude59 \ud835\ude4e\ud835\ude69\ud835\ude5e\ud835\ude5a\ud835\ude57\ud835\ude5a\ud835\ude67 \ud835\ude68\u2019\ud835\ude5a\ud835\ude68\ud835\ude69 \ud835\ude5a\u0301\ud835\ude69\ud835\ude5a\ud835\ude5e\ud835\ude63\ud835\ude69<\/p>\n<p>Le Racing a appris avec une profonde tristesse le d\u00e9c\u00e8s de Raymond Stieber, milieu de terrain l\u00e9gendaire des ann\u00e9es 1960. Le natif de Strasbourg avait 89 ans.<\/p>\n<p>L\u00e0-haut, quand Raymond Stieber fera chanter le cuir avec ses\u2026 <a href=\"https:\/\/t.co\/NUGd4x1dRB\" rel=\"nofollow\">pic.twitter.com\/NUGd4x1dRB<\/a><\/p>\n<p>\u2014 Racing Club de Strasbourg Alsace (@RCSA) <a href=\"https:\/\/twitter.com\/RCSA\/status\/1945163449262309482?ref_src=twsrc%5Etfw\" rel=\"nofollow noopener\" target=\"_blank\">July 15, 2025<\/a><\/p><\/blockquote>\n<p><a href=\"https:\/\/photo.programme-tv.net\/ces-personnalites-qui-sont-mortes-en-2025-64404\" rel=\"nofollow noopener\" target=\"_blank\">Ces personnalit\u00e9s qui sont mortes en 2025<\/a><\/p>\n<p>        <script async src=\"https:\/\/platform.twitter.com\/widgets.js\" charset=\"utf-8\"><\/script><\/p>\n","protected":false},"excerpt":{"rendered":"Raymond Stieber, footballeur dans les ann\u00e9es 1960, form\u00e9 en Alsace et qui a fait les beaux jours de&hellip;\n","protected":false},"author":2,"featured_media":250980,"comment_status":"","ping_status":"","sticky":false,"template":"","format":"standard","meta":{"footnotes":""},"categories":[2820],"tags":[1111,11,244,1777,674,63,1011,27,775,18,12,25,640],"class_list":{"0":"post-250979","1":"post","2":"type-post","3":"status-publish","4":"format-standard","5":"has-post-thumbnail","7":"category-strasbourg","8":"tag-actu","9":"tag-actualites","10":"tag-commentaire","11":"tag-eu","12":"tag-europe","13":"tag-football","14":"tag-fr","15":"tag-france","16":"tag-grand-est","17":"tag-mort","18":"tag-news","19":"tag-republique-francaise","20":"tag-strasbourg"},"share_on_mastodon":{"url":"https:\/\/pubeurope.com\/@fr\/114862255176167985","error":""},"_links":{"self":[{"href":"https:\/\/www.europesays.com\/fr\/wp-json\/wp\/v2\/posts\/250979","targetHints":{"allow":["GET"]}}],"collection":[{"href":"https:\/\/www.europesays.com\/fr\/wp-json\/wp\/v2\/posts"}],"about":[{"href":"https:\/\/www.europesays.com\/fr\/wp-json\/wp\/v2\/types\/post"}],"author":[{"embeddable":true,"href":"https:\/\/www.europesays.com\/fr\/wp-json\/wp\/v2\/users\/2"}],"replies":[{"embeddable":true,"href":"https:\/\/www.europesays.com\/fr\/wp-json\/wp\/v2\/comments?post=250979"}],"version-history":[{"count":0,"href":"https:\/\/www.europesays.com\/fr\/wp-json\/wp\/v2\/posts\/250979\/revisions"}],"wp:featuredmedia":[{"embeddable":true,"href":"https:\/\/www.europesays.com\/fr\/wp-json\/wp\/v2\/media\/250980"}],"wp:attachment":[{"href":"https:\/\/www.europesays.com\/fr\/wp-json\/wp\/v2\/media?parent=250979"}],"wp:term":[{"taxonomy":"category","embeddable":true,"href":"https:\/\/www.europesays.com\/fr\/wp-json\/wp\/v2\/categories?post=250979"},{"taxonomy":"post_tag","embeddable":true,"href":"https:\/\/www.europesays.com\/fr\/wp-json\/wp\/v2\/tags?post=250979"}],"curies":[{"name":"wp","href":"https:\/\/api.w.org\/{rel}","templated":true}]}}