{"id":250985,"date":"2025-07-16T09:44:15","date_gmt":"2025-07-16T09:44:15","guid":{"rendered":"https:\/\/www.europesays.com\/fr\/250985\/"},"modified":"2025-07-16T09:44:15","modified_gmt":"2025-07-16T09:44:15","slug":"un-homme-heliporte-a-nantes-apres-une-chute-sur-un-chantier-de-construction-en-vendee","status":"publish","type":"post","link":"https:\/\/www.europesays.com\/fr\/250985\/","title":{"rendered":"Un homme h\u00e9liport\u00e9 \u00e0 Nantes apr\u00e8s une chute sur un chantier de construction en Vend\u00e9e"},"content":{"rendered":"<p>Un accident a eu lieu sur un chantier, ce mardi 15\u00a0juillet, peu apr\u00e8s midi, avenue Michel-Crucis \u00e0 Chantonnay. Un homme de 42\u00a0ans a chut\u00e9 d\u2019une hauteur de 3,5\u00a0m\u00e8tres selon le centre op\u00e9rationnel d\u00e9partemental d\u2019incendie et de secours (Codis), pour une raison encore inconnue. La victime a \u00e9t\u00e9 class\u00e9e en urgence absolue par les sapeurs-pompiers, venus porter secours depuis les centres de Chantonnay, Les Herbiers et Sainte-C\u00e9cile.<\/p>\n<p>La victime h\u00e9litreuill\u00e9e<\/p>\n<p><strong>\u00ab\u00a0L\u2019accident a eu lieu sur un chantier, dans des appartements en construction, au sud-ouest de la ville, tout pr\u00e8s de la rocade,<\/strong> pr\u00e9cise Isabelle Moinet, maire de Chantonnay. <strong>Il a fallu faire venir l\u2019h\u00e9licopt\u00e8re pour h\u00e9litreuiller la victime.\u00a0\u00bb<\/strong><\/p>\n<p>Le bless\u00e9 a ensuite \u00e9t\u00e9 transport\u00e9 par les airs jusqu\u2019au CHU de Nantes pour y \u00eatre hospitalis\u00e9.<\/p>\n<p>\u00a0<\/p>\n","protected":false},"excerpt":{"rendered":"Un accident a eu lieu sur un chantier, ce mardi 15\u00a0juillet, peu apr\u00e8s midi, avenue Michel-Crucis \u00e0 Chantonnay.&hellip;\n","protected":false},"author":2,"featured_media":250986,"comment_status":"","ping_status":"","sticky":false,"template":"","format":"standard","meta":{"footnotes":""},"categories":[2818],"tags":[1111,11,4107,837,4476,1777,674,1011,27,4308,4933,766,12,2636,25,4937,2546],"class_list":{"0":"post-250985","1":"post","2":"type-post","3":"status-publish","4":"format-standard","5":"has-post-thumbnail","7":"category-nantes","8":"tag-actu","9":"tag-actualites","10":"tag-chantier","11":"tag-chute","12":"tag-construction","13":"tag-eu","14":"tag-europe","15":"tag-fr","16":"tag-france","17":"tag-heliporte","18":"tag-homme","19":"tag-nantes","20":"tag-news","21":"tag-pays-de-la-loire","22":"tag-republique-francaise","23":"tag-saint-brieuc","24":"tag-vendee"},"share_on_mastodon":{"url":"https:\/\/pubeurope.com\/@fr\/114862271031318292","error":""},"_links":{"self":[{"href":"https:\/\/www.europesays.com\/fr\/wp-json\/wp\/v2\/posts\/250985","targetHints":{"allow":["GET"]}}],"collection":[{"href":"https:\/\/www.europesays.com\/fr\/wp-json\/wp\/v2\/posts"}],"about":[{"href":"https:\/\/www.europesays.com\/fr\/wp-json\/wp\/v2\/types\/post"}],"author":[{"embeddable":true,"href":"https:\/\/www.europesays.com\/fr\/wp-json\/wp\/v2\/users\/2"}],"replies":[{"embeddable":true,"href":"https:\/\/www.europesays.com\/fr\/wp-json\/wp\/v2\/comments?post=250985"}],"version-history":[{"count":0,"href":"https:\/\/www.europesays.com\/fr\/wp-json\/wp\/v2\/posts\/250985\/revisions"}],"wp:featuredmedia":[{"embeddable":true,"href":"https:\/\/www.europesays.com\/fr\/wp-json\/wp\/v2\/media\/250986"}],"wp:attachment":[{"href":"https:\/\/www.europesays.com\/fr\/wp-json\/wp\/v2\/media?parent=250985"}],"wp:term":[{"taxonomy":"category","embeddable":true,"href":"https:\/\/www.europesays.com\/fr\/wp-json\/wp\/v2\/categories?post=250985"},{"taxonomy":"post_tag","embeddable":true,"href":"https:\/\/www.europesays.com\/fr\/wp-json\/wp\/v2\/tags?post=250985"}],"curies":[{"name":"wp","href":"https:\/\/api.w.org\/{rel}","templated":true}]}}