{"id":250987,"date":"2025-07-16T09:45:11","date_gmt":"2025-07-16T09:45:11","guid":{"rendered":"https:\/\/www.europesays.com\/fr\/250987\/"},"modified":"2025-07-16T09:45:11","modified_gmt":"2025-07-16T09:45:11","slug":"la-seconde-adolescente-retrouvee-en-espagne","status":"publish","type":"post","link":"https:\/\/www.europesays.com\/fr\/250987\/","title":{"rendered":"la seconde adolescente retrouv\u00e9e en Espagne"},"content":{"rendered":"<p>            Par<br \/>\n        <strong><br \/>\n            <a href=\"https:\/\/actu.fr\/auteur\/redaction-nantes\" title=\"Consulter tous les articles de R\u00e9daction Nantes\" target=\"_blank\" rel=\"noopener\">R\u00e9daction Nantes<\/a><br \/>\n        <\/strong><\/p>\n<p>        Publi\u00e9 le<\/p>\n<p>            16 juil. 2025 \u00e0 11h23        <\/p>\n<p>Elles n\u2019avaient plus donn\u00e9 de nouvelles depuis le jeudi 26\u00a0juin 2025. Sofia, 15\u00a0ans, et Djouliana, 16\u00a0ans, avaient quitt\u00e9 leur domicile respectif dans la r\u00e9gion nantaise \u00ab\u2009sans donner de nouvelles \u00e0 leurs proches\u2009\u00bb. Le 1er\u00a0juillet, <a href=\"https:\/\/actu.fr\/pays-de-la-loire\/nantes_44109\/deux-adolescentes-portees-disparues-a-nantes-une-enquete-est-ouverte_62853762.html\" target=\"_blank\" rel=\"noopener\">le parquet de Nantes avait ouvert une enqu\u00eate pour disparition inqui\u00e9tante<\/a>.<\/p>\n<p class=\" wall-content\">Les <strong>deux adolescentes ont \u00e9t\u00e9 retrouv\u00e9es saines et sauves<\/strong>, le samedi 12\u00a0juillet \u00e0 <strong>Marseille<\/strong> pour Sofia, et le lundi 14\u00a0juillet en Espagne\u00a0pour Djouliana.<\/p>\n<p>\u00ab\u2009Nous sommes r\u00e9unis\u2009\u00bb<\/p>\n<p class=\" wall-content\">Les deux jeunes filles, scolaris\u00e9es dans la m\u00eame<strong> maison familiale rurale de Ch\u00e2teaubriant<\/strong>, ont d\u00e9but\u00e9 leur fugue apr\u00e8s \u00ab\u2009une altercation\u2009\u00bb entre Djouliana et son p\u00e8re, ayant n\u00e9cessit\u00e9 l\u2019intervention de la gendarmerie.<\/p>\n<p class=\" wall-content\">Sofia aurait rejoint son amie au Croisic, dans la nuit du 25 au 26\u00a0juin. Les deux adolescentes ont \u00e9t\u00e9 aper\u00e7ues le 28\u00a0juin au bowling de<strong> Saint-S\u00e9bastien-sur-Loire<\/strong> avant de retrouver leur trace quelques semaines plus tard.<\/p>\n<p class=\" wall-content\">Selon une source polici\u00e8re, les deux jeunes filles se seraient s\u00e9par\u00e9es \u00e0 Marseille o\u00f9 Sofia a finalement \u00e9t\u00e9 retrouv\u00e9e. Djouliana aurait alors voyag\u00e9 jusqu\u2019en Espagne.<\/p>\n<p>Vid\u00e9os : en ce moment sur Actu<\/p>\n<p class=\" wall-content\">Dans une<strong> publication Facebook<\/strong> dat\u00e9e du 12\u00a0juillet, le p\u00e8re de Sofia, exprime son soulagement et sa reconnaissance envers les enqu\u00eateurs\u2009: \u00ab\u2009Nous sommes r\u00e9unis et elle est en bonne sant\u00e9\u2009\u00bb.<\/p>\n<p class=\" wall-content\"><strong>Laure Gentil et Thomas Bernard<\/strong><\/p>\n<p class=\" wall-content\">Suivez toute l\u2019actualit\u00e9 de vos villes et m\u00e9dias favoris en vous inscrivant \u00e0 <a href=\"https:\/\/moncompte.actu.fr\" title=\"D\u00e9couvez Mon Actu\" rel=\"nofollow noopener\" data-trk=\"{&quot;cta&quot;:{&quot;action&quot;:&quot;https:\\\/\\\/moncompte.actu.fr&quot;,&quot;category&quot;:&quot;mon compte&quot;,&quot;from&quot;:&quot;article footer&quot;,&quot;name&quot;:&quot;Mon actu&quot;,&quot;type&quot;:&quot;cta&quot;}}\" target=\"_blank\">Mon Actu<\/a>.<\/p>\n<ul class=\"ac-article-tag wall-content\">\n<li><a href=\"https:\/\/actu.fr\/tag\/disparition\" data-trk=\"{&quot;cta&quot;:{&quot;action&quot;:&quot;Disparition inqui\\u00e9tante&quot;,&quot;category&quot;:&quot;tag&quot;,&quot;from&quot;:&quot;article footer&quot;,&quot;name&quot;:&quot;Disparition inqui\\u00e9tante&quot;,&quot;type&quot;:&quot;cta&quot;}}\" target=\"_blank\" rel=\"noopener\">#Disparition inqui\u00e9tante<\/a><\/li>\n<li><a href=\"https:\/\/actu.fr\/tag\/police\" data-trk=\"{&quot;cta&quot;:{&quot;action&quot;:&quot;Police&quot;,&quot;category&quot;:&quot;tag&quot;,&quot;from&quot;:&quot;article footer&quot;,&quot;name&quot;:&quot;Police&quot;,&quot;type&quot;:&quot;cta&quot;}}\" target=\"_blank\" rel=\"noopener\">#Police<\/a><\/li>\n<\/ul>\n","protected":false},"excerpt":{"rendered":"Par R\u00e9daction Nantes Publi\u00e9 le 16 juil. 2025 \u00e0 11h23 Elles n\u2019avaient plus donn\u00e9 de nouvelles depuis le&hellip;\n","protected":false},"author":2,"featured_media":250988,"comment_status":"","ping_status":"","sticky":false,"template":"","format":"standard","meta":{"footnotes":""},"categories":[2818],"tags":[1111,11,3676,1777,674,118,1011,27,766,12,2636,1072,25],"class_list":{"0":"post-250987","1":"post","2":"type-post","3":"status-publish","4":"format-standard","5":"has-post-thumbnail","7":"category-nantes","8":"tag-actu","9":"tag-actualites","10":"tag-disparition-inquietante","11":"tag-eu","12":"tag-europe","13":"tag-faits-divers","14":"tag-fr","15":"tag-france","16":"tag-nantes","17":"tag-news","18":"tag-pays-de-la-loire","19":"tag-police","20":"tag-republique-francaise"},"share_on_mastodon":{"url":"https:\/\/pubeurope.com\/@fr\/114862275008870421","error":""},"_links":{"self":[{"href":"https:\/\/www.europesays.com\/fr\/wp-json\/wp\/v2\/posts\/250987","targetHints":{"allow":["GET"]}}],"collection":[{"href":"https:\/\/www.europesays.com\/fr\/wp-json\/wp\/v2\/posts"}],"about":[{"href":"https:\/\/www.europesays.com\/fr\/wp-json\/wp\/v2\/types\/post"}],"author":[{"embeddable":true,"href":"https:\/\/www.europesays.com\/fr\/wp-json\/wp\/v2\/users\/2"}],"replies":[{"embeddable":true,"href":"https:\/\/www.europesays.com\/fr\/wp-json\/wp\/v2\/comments?post=250987"}],"version-history":[{"count":0,"href":"https:\/\/www.europesays.com\/fr\/wp-json\/wp\/v2\/posts\/250987\/revisions"}],"wp:featuredmedia":[{"embeddable":true,"href":"https:\/\/www.europesays.com\/fr\/wp-json\/wp\/v2\/media\/250988"}],"wp:attachment":[{"href":"https:\/\/www.europesays.com\/fr\/wp-json\/wp\/v2\/media?parent=250987"}],"wp:term":[{"taxonomy":"category","embeddable":true,"href":"https:\/\/www.europesays.com\/fr\/wp-json\/wp\/v2\/categories?post=250987"},{"taxonomy":"post_tag","embeddable":true,"href":"https:\/\/www.europesays.com\/fr\/wp-json\/wp\/v2\/tags?post=250987"}],"curies":[{"name":"wp","href":"https:\/\/api.w.org\/{rel}","templated":true}]}}