{"id":25099,"date":"2025-04-14T20:12:33","date_gmt":"2025-04-14T20:12:33","guid":{"rendered":"https:\/\/www.europesays.com\/fr\/25099\/"},"modified":"2025-04-14T20:12:33","modified_gmt":"2025-04-14T20:12:33","slug":"la-poste-vend-les-velos-electriques-des-facteurs-a-guerande-nantes-et-orvault","status":"publish","type":"post","link":"https:\/\/www.europesays.com\/fr\/25099\/","title":{"rendered":"La Poste vend les v\u00e9los \u00e9lectriques des facteurs \u00e0 Gu\u00e9rande, Nantes et Orvault"},"content":{"rendered":"<p>Deux porte-bagages bien solides \u00e0 l\u2019avant et \u00e0 l\u2019arri\u00e8re, des couleurs sympas, on ne voit pas que ces v\u00e9los \u00e0 assistance \u00e9lectrique ont eu une vie professionnelle avant d\u2019\u00eatre mis en vente. Ils ont pourtant servi \u00e0 la distribution du courrier. Mais une \u00e9tape dans les ateliers de Nouvelle Attitude \u00e0 Tours (une filiale de La Poste) a permis de les reconditionner pour pouvoir les vendre. \u00a0Environ 70\u00a0% des pi\u00e8ces sont recycl\u00e9es. Les principaux organes de s\u00e9curit\u00e9 sont neufs, ainsi que la batterie, les chargeurs la selle, les poign\u00e9es et les c\u00e2bles. Les v\u00e9los sont labellis\u00e9s Reconditionnement v\u00e9rifi\u00e9 par AFNOR Certification\u00a0, d\u00e9crit La Poste dans un communiqu\u00e9.<\/p>\n<p>Ces v\u00e9los ont un cadre en aluminium et peuvent \u00eatre utilis\u00e9s par des femmes comme par des hommes. Ils ont une assistance au d\u00e9marrage par une poign\u00e9e tournante. Ils peuvent remplir le r\u00f4le d\u2019un v\u00e9lo utilitaire ou d\u2019un v\u00e9lo familial. Ils sont vendus 1\u00a0490\u00a0\u20ac. \u00a0Cette initiative s\u2019inscrit dans l\u2019engagement de La Poste pour une \u00e9conomie circulaire, une meilleure utilisation des ressources et une d\u00e9marche de soutien \u00e0 l\u2019insertion professionnelle\u00a0.<\/p>\n<p>Quel \u00e2ge ont les v\u00e9los ?<\/p>\n<p>Les v\u00e9los \u00e9lectriques des facteurs de toute la France sont r\u00e9form\u00e9s au bout de cinq ans. C\u2019est parce qu\u2019elle veut tendre vers un mode de consommation responsable que La Poste a charg\u00e9 sa filiale Nouvelle attitude de cr\u00e9er un atelier de reconditionnement \u00e0 Tours. C\u2019est une entreprise d\u2019insertion qui forme des personnes jusque-l\u00e0 \u00e9loign\u00e9es du monde du travail.<\/p>\n<p>Ces v\u00e9los sont visibles aux bureaux de poste de Gu\u00e9rande (10 avenue de Bretagne) mais aussi \u00e0 ceux de Chantenay \u00e0 Nantes et Orvault.<\/p>\n<p>\u00a0<\/p>\n","protected":false},"excerpt":{"rendered":"Deux porte-bagages bien solides \u00e0 l\u2019avant et \u00e0 l\u2019arri\u00e8re, des couleurs sympas, on ne voit pas que ces&hellip;\n","protected":false},"author":2,"featured_media":25100,"comment_status":"","ping_status":"","sticky":false,"template":"","format":"standard","meta":{"footnotes":""},"categories":[2818],"tags":[1111,11,8401,1777,674,9035,1011,27,9036,766,12,4151,2636,9033,25,825,9034],"class_list":{"0":"post-25099","1":"post","2":"type-post","3":"status-publish","4":"format-standard","5":"has-post-thumbnail","7":"category-nantes","8":"tag-actu","9":"tag-actualites","10":"tag-electriques","11":"tag-eu","12":"tag-europe","13":"tag-facteurs","14":"tag-fr","15":"tag-france","16":"tag-guerande","17":"tag-nantes","18":"tag-news","19":"tag-orvault","20":"tag-pays-de-la-loire","21":"tag-poste","22":"tag-republique-francaise","23":"tag-velos","24":"tag-vend"},"share_on_mastodon":{"url":"https:\/\/pubeurope.com\/@fr\/114338145577667470","error":""},"_links":{"self":[{"href":"https:\/\/www.europesays.com\/fr\/wp-json\/wp\/v2\/posts\/25099","targetHints":{"allow":["GET"]}}],"collection":[{"href":"https:\/\/www.europesays.com\/fr\/wp-json\/wp\/v2\/posts"}],"about":[{"href":"https:\/\/www.europesays.com\/fr\/wp-json\/wp\/v2\/types\/post"}],"author":[{"embeddable":true,"href":"https:\/\/www.europesays.com\/fr\/wp-json\/wp\/v2\/users\/2"}],"replies":[{"embeddable":true,"href":"https:\/\/www.europesays.com\/fr\/wp-json\/wp\/v2\/comments?post=25099"}],"version-history":[{"count":0,"href":"https:\/\/www.europesays.com\/fr\/wp-json\/wp\/v2\/posts\/25099\/revisions"}],"wp:featuredmedia":[{"embeddable":true,"href":"https:\/\/www.europesays.com\/fr\/wp-json\/wp\/v2\/media\/25100"}],"wp:attachment":[{"href":"https:\/\/www.europesays.com\/fr\/wp-json\/wp\/v2\/media?parent=25099"}],"wp:term":[{"taxonomy":"category","embeddable":true,"href":"https:\/\/www.europesays.com\/fr\/wp-json\/wp\/v2\/categories?post=25099"},{"taxonomy":"post_tag","embeddable":true,"href":"https:\/\/www.europesays.com\/fr\/wp-json\/wp\/v2\/tags?post=25099"}],"curies":[{"name":"wp","href":"https:\/\/api.w.org\/{rel}","templated":true}]}}