{"id":250997,"date":"2025-07-16T09:50:14","date_gmt":"2025-07-16T09:50:14","guid":{"rendered":"https:\/\/www.europesays.com\/fr\/250997\/"},"modified":"2025-07-16T09:50:14","modified_gmt":"2025-07-16T09:50:14","slug":"les-espaces-seniors-a-lille-ces-lieux-ouverts-tous-les-jours-pour-se-reunir-et-profiter-danimations","status":"publish","type":"post","link":"https:\/\/www.europesays.com\/fr\/250997\/","title":{"rendered":"Les espaces seniors \u00e0 Lille, ces lieux ouverts tous les jours pour se r\u00e9unir et profiter d\u2019animations"},"content":{"rendered":"<p>            Par<br \/>\n        <strong><br \/>\n            <a href=\"https:\/\/actu.fr\/auteur\/amandine-vachez\" title=\"Consulter tous les articles de Amandine Vachez\" rel=\"nofollow noopener\" target=\"_blank\">Amandine Vachez<\/a><br \/>\n        <\/strong><\/p>\n<p>        Publi\u00e9 le<\/p>\n<p>            16 juil. 2025 \u00e0 11h06        <\/p>\n<p>Vous avez peut-\u00eatre crois\u00e9 un panneau <b>\u00ab\u2009Espace seniors\u2009\u00bb<\/b> dans un quartier de la ville de <a href=\"https:\/\/actu.fr\/lille\/\" rel=\"nofollow noopener\" target=\"_blank\">Lille<\/a> (Nord). Ou des personnes qui s\u2019y rendaient, pour une activit\u00e9 qui y est organis\u00e9e. La municipalit\u00e9 compte <b>10 espaces de ce type, r\u00e9partis dans les quartiers.<\/b> Ouverts tous les jours, ils proposent des <b>activit\u00e9s diverses<\/b>, pour permettre aux personnes \u00e2g\u00e9es de se r\u00e9unir et de vivre des moments ensemble.<\/p>\n<p>\u00ab\u2009On vient, on joue aux cartes, on papote\u2009\u00bb<\/p>\n<p class=\" wall-content\">\u00ab\u2009Avant, il y avait ce qu\u2019on appelait des clubs, dans lesquels se r\u00e9unissaient les seniors\u2009\u00bb, retrace l\u2019adjointe au maire de Lille Marie-Christine Staniec-Wavrant, adjointe au maire (PS) en charge de la lutte contre les exclusions et de la sant\u00e9, notamment, dans un entretien accord\u00e9 \u00e0 <a href=\"https:\/\/actu.fr\/lille\/\" rel=\"nofollow noopener\" target=\"_blank\">Lille actu<\/a>. \u00ab\u2009Il y a quelques ann\u00e9es, la Ville a r\u00e9fl\u00e9chi \u00e0 <b>cr\u00e9er des espaces dans chaque quartier, pour les seniors<\/b>.\u2009\u00bb Ceci en lien avec des associations locales, pour construire une offre de proximit\u00e9.<\/p>\n<p class=\" wall-content\">Concr\u00e8tement, dans les espaces seniors, \u00ab\u2009on vient, on joue aux cartes, on papote. Et au fil des ann\u00e9es, les activit\u00e9s \u00e9voluent\u2009\u00bb, pr\u00e9cise l\u2019\u00e9lue. Il y a par exemple d\u00e9sormais <b>des cours d\u2019informatique, des activit\u00e9s physiques <\/b>(de la gym adapt\u00e9e), ou encore des temps consacr\u00e9s \u00e0 des <b>jeux visant \u00e0 travailler la m\u00e9moire <\/b>ou des <b>activit\u00e9s manuelles.<\/b><\/p>\n<blockquote class=\"ac-article-quote wall-content\">\n<p>\u00ab\u2009L\u2019id\u00e9e est de permettre \u00e0 chaque personne de trouver une activit\u00e9 qui corresponde \u00e0 son besoin, \u00e0 son souhait\u2009\u00bb.<\/p>\n<p>Marie-Christine Staniec-Wavrant, adjointe au maire de Lille.<\/p><\/blockquote>\n<p class=\" wall-content\">C\u2019est aussi un moyen de cr\u00e9er du lien et de <b>pr\u00e9venir l\u2019isolation de ce public<\/b>. Mais aussi de donner des occasions aux personnes \u00e2g\u00e9es de maintenir un certain rythme de vie, et ne pas vieillir pr\u00e9cocement.<\/p>\n<p>O\u00f9 sont install\u00e9s ces espaces\u2009?<\/p>\n<p class=\" wall-content\">Les espaces seniors sont r\u00e9partis dans les quartiers de la ville. On en trouve\u2009:<\/p>\n<ol class=\" wall-content\">\n<li>\u00e0 Bois-Blancs, au 39, rue Mermoz,<\/li>\n<li>dans Lille-Centre, au 97, rue Saint-Sauveur,<\/li>\n<li>au Faubourg de B\u00e9thune, au square Verhaeren,<\/li>\n<li>\u00e0 Fives, 80, rue de Flers,<\/li>\n<li>\u00e0 Lille-Sud, au 250, rue Richard Wagner,<\/li>\n<li>\u00e0 Moulins, au 164, rue Alain de Lille,<\/li>\n<li>\u00e0 Saint-Maurice Pellevoisin, au 74 rue Saint\u2010Gabriel,<\/li>\n<li>\u00e0 Vauban-Esquermes, au 8, rue de Toul,<\/li>\n<li>dans le Vieux-Lille, au 13, rue du Pont \u00e0 Raisnes,<\/li>\n<li>\u00e0 Wazemmes, au 48, rue des Meuniers.<\/li>\n<\/ol>\n<p class=\" wall-content\">Pour en savoir plus sur chaque espace et avoir les coordonn\u00e9es de chaque gestionnaire, consultez <a href=\"https:\/\/www.lille.fr\/Senior2\/Avantages-et-loisirs\/Les-espaces-seniors\" rel=\"nofollow noopener\" target=\"_blank\">la page de la Ville consacr\u00e9e au sujet<\/a>.<\/p>\n<p class=\" wall-content\">Suivez toute l\u2019actualit\u00e9 de vos villes et m\u00e9dias favoris en vous inscrivant \u00e0 <a href=\"https:\/\/moncompte.actu.fr\" title=\"D\u00e9couvez Mon Actu\" rel=\"nofollow noopener\" data-trk=\"{&quot;cta&quot;:{&quot;action&quot;:&quot;https:\\\/\\\/moncompte.actu.fr&quot;,&quot;category&quot;:&quot;mon compte&quot;,&quot;from&quot;:&quot;article footer&quot;,&quot;name&quot;:&quot;Mon actu&quot;,&quot;type&quot;:&quot;cta&quot;}}\" target=\"_blank\">Mon Actu<\/a>.<\/p>\n","protected":false},"excerpt":{"rendered":"Par Amandine Vachez Publi\u00e9 le 16 juil. 2025 \u00e0 11h06 Vous avez peut-\u00eatre crois\u00e9 un panneau \u00ab\u2009Espace seniors\u2009\u00bb&hellip;\n","protected":false},"author":2,"featured_media":250998,"comment_status":"","ping_status":"","sticky":false,"template":"","format":"standard","meta":{"footnotes":""},"categories":[2815],"tags":[1111,11,1777,674,1011,27,811,1307,12,25,3552,104],"class_list":{"0":"post-250997","1":"post","2":"type-post","3":"status-publish","4":"format-standard","5":"has-post-thumbnail","7":"category-lille","8":"tag-actu","9":"tag-actualites","10":"tag-eu","11":"tag-europe","12":"tag-fr","13":"tag-france","14":"tag-hauts-de-france","15":"tag-lille","16":"tag-news","17":"tag-republique-francaise","18":"tag-seniors","19":"tag-societe"},"share_on_mastodon":{"url":"https:\/\/pubeurope.com\/@fr\/114862294551492617","error":""},"_links":{"self":[{"href":"https:\/\/www.europesays.com\/fr\/wp-json\/wp\/v2\/posts\/250997","targetHints":{"allow":["GET"]}}],"collection":[{"href":"https:\/\/www.europesays.com\/fr\/wp-json\/wp\/v2\/posts"}],"about":[{"href":"https:\/\/www.europesays.com\/fr\/wp-json\/wp\/v2\/types\/post"}],"author":[{"embeddable":true,"href":"https:\/\/www.europesays.com\/fr\/wp-json\/wp\/v2\/users\/2"}],"replies":[{"embeddable":true,"href":"https:\/\/www.europesays.com\/fr\/wp-json\/wp\/v2\/comments?post=250997"}],"version-history":[{"count":0,"href":"https:\/\/www.europesays.com\/fr\/wp-json\/wp\/v2\/posts\/250997\/revisions"}],"wp:featuredmedia":[{"embeddable":true,"href":"https:\/\/www.europesays.com\/fr\/wp-json\/wp\/v2\/media\/250998"}],"wp:attachment":[{"href":"https:\/\/www.europesays.com\/fr\/wp-json\/wp\/v2\/media?parent=250997"}],"wp:term":[{"taxonomy":"category","embeddable":true,"href":"https:\/\/www.europesays.com\/fr\/wp-json\/wp\/v2\/categories?post=250997"},{"taxonomy":"post_tag","embeddable":true,"href":"https:\/\/www.europesays.com\/fr\/wp-json\/wp\/v2\/tags?post=250997"}],"curies":[{"name":"wp","href":"https:\/\/api.w.org\/{rel}","templated":true}]}}