{"id":250999,"date":"2025-07-16T09:51:14","date_gmt":"2025-07-16T09:51:14","guid":{"rendered":"https:\/\/www.europesays.com\/fr\/250999\/"},"modified":"2025-07-16T09:51:14","modified_gmt":"2025-07-16T09:51:14","slug":"lille-quand-la-banque-mene-a-tout","status":"publish","type":"post","link":"https:\/\/www.europesays.com\/fr\/250999\/","title":{"rendered":"Lille. Quand la banque m\u00e8ne \u00e0 tout\u2026"},"content":{"rendered":"<p><img decoding=\"async\" src=\"https:\/\/www.europesays.com\/fr\/wp-content\/uploads\/2025\/07\/lille-oceania-hotel.png\" title=\"\" alt=\"\"\/><\/p>\n<p>L\u2019agence d\u2019architecture A26 signe une nouvelle m\u00e9tamorphose. Apr\u00e8s trois ans d\u2019importants travaux de requalification le nouvel \u00e9tablissement h\u00f4telier Lille Les Augustins de l\u2019entreprise familiale Oceania Hotels vient d\u2019ouvrir ses portes.\u00a0<\/p>\n<p>\u00ab\u00a0Lorsqu\u2019on travaille sur une telle op\u00e9ration, nous analysons la configuration du b\u00e2ti pour identifier ses potentiels et adapter le projet\u00a0\u00bb, explique l\u2019architecte Laurence Goardon, \u00ab\u00a0ce qui aurait pu \u00eatre une contrainte s\u2019est rapidement transform\u00e9e en opportunit\u00e9\u00a0: chaque chambre est unique, ce qui promet une exp\u00e9rience renouvel\u00e9e lors de chaque passage\u00a0\u00bb. Concernant l\u2019ambiance et la d\u00e9coration, A26 ont pris le parti de s\u2019inspirer de l\u2019univers de la banque pour offrir des espaces intimistes et qui permettent en m\u00eame temps de se projeter dans l\u2019histoire du lieu. Les jeux de lumi\u00e8re, le choix des couleurs comme le vert profond et le recours aux mati\u00e8res naturelles participent \u00e0 cette atmosph\u00e8re et \u00e0 la personnalit\u00e9 de l\u2019h\u00f4tel.<\/p>\n<p>Proximit\u00e9 avec les deux gares oblige, le lobby-bar ainsi que des espaces lounges et de travail sont ouverts aux clients de l\u2019h\u00f4tel comme aux visiteurs de passage. Un espace de coworking et deux salles de r\u00e9union permettent d\u2019organiser des rendez-vous professionnels individuels et peuvent accueillir jusqu\u2019\u00e0 20 personnes. Des salons situ\u00e9s de part et d\u2019autre de l\u2019immense bar en laiton et marbre vert qui tr\u00f4ne au milieu du hall offrent \u00e9galement la possibilit\u00e9 de se d\u00e9tendre en profitant d\u2019un moment plus confidentiel.<\/p>\n<p>Enfin, tous les espaces du rez-de-chauss\u00e9e sont tourn\u00e9s vers un patio paysager compos\u00e9 d\u2019arbres \u00e0 haute tige et d\u2019essences locales. Des terrasses v\u00e9g\u00e9talis\u00e9es et des plantes grimpantes le long des murs en brique compl\u00e8tent ce jardin au c\u0153ur de Lille. Cette oasis s\u2019inscrit notamment dans la d\u00e9marche Lille Bas Carbone et offre une parenth\u00e8se bienvenue pour \u00e9chapper \u00e0 l\u2019effervescence de la ville.\u00a0\u00a0<\/p>\n<p>La pi\u00e8ce ma\u00eetresse de l\u2019\u00e9tablissement se trouve au sous-sol, l\u00e0 o\u00f9 si\u00e9geait l\u2019ancienne salle des coffres de la banque. Elle a \u00e9t\u00e9 transform\u00e9 en espace bien-\u00eatre \u00e9quip\u00e9 d\u2019un spa, sauna, salle de fitness et salon de massage. La piscine construite au milieu des coffres-forts a de quoi surprendre.\u00a0 L\u2019ambiance particuli\u00e8re du lieu est d\u2019ailleurs accentu\u00e9e par les coffres expos\u00e9s tels des bijoux en vitrines tout autour du bassin.\u00a0\u00a0<\/p>\n<p>La reconversion de la salle des coffres a notamment \u00e9t\u00e9 facilit\u00e9e gr\u00e2ce \u00e0 sa destination premi\u00e8re, comme l\u2019explique l\u2019architecte\u00a0: \u00ab\u00a0En effet, lors de nos \u00e9tudes, nous avons d\u00e9couvert que la pi\u00e8ce \u00e9tait entour\u00e9e d\u2019une galerie. Cet ouvrage rempli d\u2019eau permettait de la prot\u00e9ger des tentatives d\u2019intrusion\u00a0: les gardiens n\u2019avaient qu\u2019\u00e0 surveiller le niveau d\u2019eau pour \u00eatre alert\u00e9s d\u00e8s qu\u2019un tunnel aurait perc\u00e9 la galerie. Cette infrastructure a permis tous les raccordements n\u00e9cessaires \u00e0 l\u2019espace eau dans un sous-sol tr\u00e8s dense.\u00a0\u00bb<\/p>\n<p>Pour Laurence Goardon\u00a0: \u00ab Aujourd&rsquo;hui on ne va plus \u00e0 l\u2019h\u00f4tel pour une fonction, un usage, un besoin. C\u2019est un lieu de vie qui ouvre ses espaces pour diff\u00e9rentes temporalit\u00e9s\u00a0: on y travaille, on se rencontre dans des moments de loisir et business, entre amis et famille. Oceania Lille Les Augustins incarne cette nouvelle typologie de destination. Plus qu\u2019un h\u00f4tel, on peut parler d&rsquo;hospitality.\u00a0\u00bb<\/p>\n<p>\n<img decoding=\"async\" src=\"https:\/\/www.europesays.com\/fr\/wp-content\/uploads\/2025\/07\/lille-piscine.png\" title=\"\" alt=\"\"\/><\/p>\n<ul>\n<li style=\"text-align: left;\">L\u2019h\u00f4tel est \u00e9galement le premier projet de r\u00e9novation \u00e0 avoir obtenu le label Lille Bas Carbone.\u00a0<\/li>\n<\/ul>\n","protected":false},"excerpt":{"rendered":"L\u2019agence d\u2019architecture A26 signe une nouvelle m\u00e9tamorphose. Apr\u00e8s trois ans d\u2019importants travaux de requalification le nouvel \u00e9tablissement h\u00f4telier&hellip;\n","protected":false},"author":2,"featured_media":251000,"comment_status":"","ping_status":"","sticky":false,"template":"","format":"standard","meta":{"footnotes":""},"categories":[2815],"tags":[1111,47,11,1777,674,1011,27,811,1110,1307,1031,12,25],"class_list":{"0":"post-250999","1":"post","2":"type-post","3":"status-publish","4":"format-standard","5":"has-post-thumbnail","7":"category-lille","8":"tag-actu","9":"tag-actualite","10":"tag-actualites","11":"tag-eu","12":"tag-europe","13":"tag-fr","14":"tag-france","15":"tag-hauts-de-france","16":"tag-informations","17":"tag-lille","18":"tag-magazine","19":"tag-news","20":"tag-republique-francaise"},"share_on_mastodon":{"url":"https:\/\/pubeurope.com\/@fr\/114862298678698995","error":""},"_links":{"self":[{"href":"https:\/\/www.europesays.com\/fr\/wp-json\/wp\/v2\/posts\/250999","targetHints":{"allow":["GET"]}}],"collection":[{"href":"https:\/\/www.europesays.com\/fr\/wp-json\/wp\/v2\/posts"}],"about":[{"href":"https:\/\/www.europesays.com\/fr\/wp-json\/wp\/v2\/types\/post"}],"author":[{"embeddable":true,"href":"https:\/\/www.europesays.com\/fr\/wp-json\/wp\/v2\/users\/2"}],"replies":[{"embeddable":true,"href":"https:\/\/www.europesays.com\/fr\/wp-json\/wp\/v2\/comments?post=250999"}],"version-history":[{"count":0,"href":"https:\/\/www.europesays.com\/fr\/wp-json\/wp\/v2\/posts\/250999\/revisions"}],"wp:featuredmedia":[{"embeddable":true,"href":"https:\/\/www.europesays.com\/fr\/wp-json\/wp\/v2\/media\/251000"}],"wp:attachment":[{"href":"https:\/\/www.europesays.com\/fr\/wp-json\/wp\/v2\/media?parent=250999"}],"wp:term":[{"taxonomy":"category","embeddable":true,"href":"https:\/\/www.europesays.com\/fr\/wp-json\/wp\/v2\/categories?post=250999"},{"taxonomy":"post_tag","embeddable":true,"href":"https:\/\/www.europesays.com\/fr\/wp-json\/wp\/v2\/tags?post=250999"}],"curies":[{"name":"wp","href":"https:\/\/api.w.org\/{rel}","templated":true}]}}