{"id":251001,"date":"2025-07-16T09:52:10","date_gmt":"2025-07-16T09:52:10","guid":{"rendered":"https:\/\/www.europesays.com\/fr\/251001\/"},"modified":"2025-07-16T09:52:10","modified_gmt":"2025-07-16T09:52:10","slug":"le-restaurant-la-femme-du-boucher-lance-une-offre-a-emporter","status":"publish","type":"post","link":"https:\/\/www.europesays.com\/fr\/251001\/","title":{"rendered":"le restaurant \u00ab\u00a0La Femme du boucher\u00a0\u00bb lance une offre \u00e0 emporter"},"content":{"rendered":"<p>Dans son restaurant <a href=\"https:\/\/www.lafemmeduboucher.fr\/restaurant\" target=\"_blank\" rel=\"noopener\">La Femme du boucher<\/a>, rue de Village \u00e0 Marseille (6e), La\u00ebtitia Visse pr\u00eache depuis\u00a02020 la bonne parole de la cochonnaille bien n\u00e9e. \u00ab\u00a0En fait, pour mon resto, je me suis retrouv\u00e9e \u00e0 quasiment faire de la production de charcuterie comme dans une boutique, c\u2019est ce qui m\u2019a d\u2019abord donn\u00e9 l\u2019id\u00e9e de monter cette offre \u00e0 emporter\u00a0\u00bb, confie la jeune femme.<\/p>\n<p>Une offre qu\u2019elle vient de lancer en ce mois de juillet\u00a02025 et qui profite de la configuration de son restaurant, ancienne boucherie de d\u00e9tail dont elle a gard\u00e9 le comptoir r\u00e9frig\u00e9r\u00e9 \u00e0 l\u2019entr\u00e9e. Elle a d\u2019ailleurs d\u00e9j\u00e0 largement rod\u00e9 ce mode de fonctionnement au moment des r\u00e9veillons de fin d\u2019ann\u00e9e pour lesquels, depuis plusieurs ann\u00e9es, elle propose ses fameux p\u00e2t\u00e9s en cro\u00fbte \u00e0 la vente \u00e0 emporter.<\/p>\n<p>Merguez, boudins, p\u00e2t\u00e9s en cro\u00fbte\u2026<\/p>\n<p>\u00ab\u00a0L\u2019id\u00e9e, c\u2019est simplement de mieux organiser le truc et de le p\u00e9renniser, poursuit La\u00ebtitia Visse. C\u2019est du boulot en plus mais en fait, quand je suis lanc\u00e9e en production, que je fasse un p\u00e2t\u00e9 en cro\u00fbte pour le resto ou deux de plus pour mon comptoir, \u00e7a ne change pas grand-chose.\u00a0\u00bb<\/p>\n<p>Merguez aux \u00e9pices, menthe fra\u00eeche et ail nouveau, andouillettes marin\u00e9es deux jours au vin blanc, c\u00f4tes de cochon de l\u2019Aveyron\u2026 Les prix s\u2019\u00e9tagent de 19\u00a0\u20ac le kg pour le boudin noir \u00e0 100\u00a0\u20ac le kg pour le fameux Lucullus nordiste (foie gras et langue de b\u0153uf fum\u00e9e).<\/p>\n<p>La Femme du boucher, 10 rue de Village, Marseille 6e, 04\u00a091\u00a048\u00a079\u00a065. Du lundi au vendredi.<\/p>\n","protected":false},"excerpt":{"rendered":"Dans son restaurant La Femme du boucher, rue de Village \u00e0 Marseille (6e), La\u00ebtitia Visse pr\u00eache depuis\u00a02020 la&hellip;\n","protected":false},"author":2,"featured_media":251002,"comment_status":"","ping_status":"","sticky":false,"template":"","format":"standard","meta":{"footnotes":""},"categories":[2814],"tags":[17,1111,11,24322,1777,674,1294,1011,27,1661,4743,9447,884,12,882,25,1340,96],"class_list":{"0":"post-251001","1":"post","2":"type-post","3":"status-publish","4":"format-standard","5":"has-post-thumbnail","7":"category-marseille","8":"tag-17","9":"tag-actu","10":"tag-actualites","11":"tag-boucher","12":"tag-eu","13":"tag-europe","14":"tag-femme","15":"tag-fr","16":"tag-france","17":"tag-gastronomie","18":"tag-la","19":"tag-lance","20":"tag-marseille","21":"tag-news","22":"tag-provence-alpes-cote-dazur","23":"tag-republique-francaise","24":"tag-restaurant","25":"tag-une"},"share_on_mastodon":{"url":"https:\/\/pubeurope.com\/@fr\/114862302434833409","error":""},"_links":{"self":[{"href":"https:\/\/www.europesays.com\/fr\/wp-json\/wp\/v2\/posts\/251001","targetHints":{"allow":["GET"]}}],"collection":[{"href":"https:\/\/www.europesays.com\/fr\/wp-json\/wp\/v2\/posts"}],"about":[{"href":"https:\/\/www.europesays.com\/fr\/wp-json\/wp\/v2\/types\/post"}],"author":[{"embeddable":true,"href":"https:\/\/www.europesays.com\/fr\/wp-json\/wp\/v2\/users\/2"}],"replies":[{"embeddable":true,"href":"https:\/\/www.europesays.com\/fr\/wp-json\/wp\/v2\/comments?post=251001"}],"version-history":[{"count":0,"href":"https:\/\/www.europesays.com\/fr\/wp-json\/wp\/v2\/posts\/251001\/revisions"}],"wp:featuredmedia":[{"embeddable":true,"href":"https:\/\/www.europesays.com\/fr\/wp-json\/wp\/v2\/media\/251002"}],"wp:attachment":[{"href":"https:\/\/www.europesays.com\/fr\/wp-json\/wp\/v2\/media?parent=251001"}],"wp:term":[{"taxonomy":"category","embeddable":true,"href":"https:\/\/www.europesays.com\/fr\/wp-json\/wp\/v2\/categories?post=251001"},{"taxonomy":"post_tag","embeddable":true,"href":"https:\/\/www.europesays.com\/fr\/wp-json\/wp\/v2\/tags?post=251001"}],"curies":[{"name":"wp","href":"https:\/\/api.w.org\/{rel}","templated":true}]}}