{"id":251010,"date":"2025-07-16T09:57:10","date_gmt":"2025-07-16T09:57:10","guid":{"rendered":"https:\/\/www.europesays.com\/fr\/251010\/"},"modified":"2025-07-16T09:57:10","modified_gmt":"2025-07-16T09:57:10","slug":"audiences-radio-france-inter-creuse-lecart-en-ile-de-france-radio-nova-et-nrj-bondissent-en-pda-sur-avril-juin-2025","status":"publish","type":"post","link":"https:\/\/www.europesays.com\/fr\/251010\/","title":{"rendered":"Audiences radio : France Inter creuse l\u2019\u00e9cart en \u00cele-de-France, Radio Nova et NRJ bondissent en PDA sur avril-juin 2025"},"content":{"rendered":"<p>Sur la p\u00e9riode avril-juin 2025, France Inter consolide son leadership sur les ondes franciliennes au printemps 2025. Selon les derni\u00e8res donn\u00e9es publi\u00e9es par M\u00e9diam\u00e9trie pour la p\u00e9riode avril-juin 2025, la station publique enregistre une part d\u2019audience (PDA) de 17,1 %, en forte hausse de +1,8 point en un an. Elle signe ainsi une nette avance sur ses concurrentes et confirme sa position de leader incontest\u00e9 dans la r\u00e9gion capitale.<\/p>\n<p>Derri\u00e8re elle, RTL reste stable \u00e0 un haut niveau avec 11,9 % de PDA, soit une progression de +0,3 point sur un an et bondit de 1,5 pt sur une vague ! Franceinfo suit \u00e0 6,5 %, en l\u00e9ger recul de 0,3 point sur un an. RMC affiche une part d\u2019audience de 5,9 %, contre 6,1 % un an plus t\u00f4t (-0,2 point), tandis qu\u2019Europe 1 continue de reculer, atteignant 5,2 % de PDA (-0,5 point), \u00e0 l\u2019inverse de <a target=\"_blank\" rel=\"noopener\" href=\"https:\/\/fr.themedialeader.com\/audiences-radio-semaine-pda-avril-juin-2025-france-inter-en-tete-ici-a-la-peine-europe-1-retrouve-de-lelan\/\">la dynamique nationale.<\/a><\/p>\n<p>Des progressions notables chez les musicales et th\u00e9matiques<\/p>\n<p>Dans la cat\u00e9gorie des musicales, plusieurs stations enregistrent une belle dynamique. Radio Nova tire son \u00e9pingle du jeu avec une hausse d\u20191 point sur un an, atteignant 1,9 % de PDA. Fun Radio gagne \u00e9galement +0,9 point, pour atteindre 1,9 %, tandis que NRJ remonte \u00e0 4 % (+0,5 point).<\/p>\n<p>Du c\u00f4t\u00e9 des th\u00e9matiques, France Culture continue sa perc\u00e9e en \u00cele-de-France : 4,6 % de PDA, en hausse de +0,9 point. TSF Jazz, station embl\u00e9matique du jazz parisien, progresse \u00e9galement, passant de 0,8 % \u00e0 1,6 % sur un an, soit un doublement de sa part d\u2019audience.<\/p>\n<p>Recul marqu\u00e9 pour FIP, RFM et Ch\u00e9rie FM<\/p>\n<p>\u00c0 l\u2019inverse, certaines stations connaissent un repli significatif. C\u2019est notamment le cas de FIP, qui passe de 3,4 % \u00e0 2,1 % de PDA, soit une chute de -1,3 point. RFM recule \u00e9galement de -1,1 point pour atteindre 0,9 %. Nostalgie, avec 3 %, perd 0,9 point sur un an. Ch\u00e9rie FM affiche une baisse de 0,8 point, \u00e0 1,6 %.<\/p>\n<p>Un niveau global d\u2019\u00e9coute en l\u00e9g\u00e8re baisse<\/p>\n<p>L\u2019\u00e9coute globale de la radio en \u00cele-de-France recule l\u00e9g\u00e8rement par rapport \u00e0 la p\u00e9riode pr\u00e9c\u00e9dente, passant de 60,6 % \u00e0 58,6 % d\u2019audience cumul\u00e9e, m\u00eame si la part d\u2019audience reste stable (100 %, par d\u00e9finition). Les programmes g\u00e9n\u00e9ralistes conservent leur poids majoritaire avec 40,9 % de PDA, devant les musicales (22,1 %) et les th\u00e9matiques (17,3 %). Les radios locales, quant \u00e0 elles, accusent un net recul avec 16,5 % de PDA, contre 18,1 % un an plus t\u00f4t.<\/p>\n<p><img loading=\"lazy\" decoding=\"async\" class=\"aligncenter wp-image-111299 size-large\" src=\"https:\/\/www.europesays.com\/fr\/wp-content\/uploads\/2025\/07\/Capture-decran-2025-07-16-a-09.43.46-682x750.png\" alt=\"\" width=\"682\" height=\"750\"  \/><\/p>\n","protected":false},"excerpt":{"rendered":"Sur la p\u00e9riode avril-juin 2025, France Inter consolide son leadership sur les ondes franciliennes au printemps 2025. Selon&hellip;\n","protected":false},"author":2,"featured_media":45025,"comment_status":"","ping_status":"","sticky":false,"template":"","format":"standard","meta":{"footnotes":""},"categories":[1592],"tags":[1111,11,9108,1777,674,1011,27,662,12,626,25],"class_list":{"0":"post-251010","1":"post","2":"type-post","3":"status-publish","4":"format-standard","5":"has-post-thumbnail","7":"category-ile-de-france","8":"tag-actu","9":"tag-actualites","10":"tag-audio","11":"tag-eu","12":"tag-europe","13":"tag-fr","14":"tag-france","15":"tag-ile-de-france","16":"tag-news","17":"tag-paris","18":"tag-republique-francaise"},"share_on_mastodon":{"url":"https:\/\/pubeurope.com\/@fr\/114862322134171634","error":""},"_links":{"self":[{"href":"https:\/\/www.europesays.com\/fr\/wp-json\/wp\/v2\/posts\/251010","targetHints":{"allow":["GET"]}}],"collection":[{"href":"https:\/\/www.europesays.com\/fr\/wp-json\/wp\/v2\/posts"}],"about":[{"href":"https:\/\/www.europesays.com\/fr\/wp-json\/wp\/v2\/types\/post"}],"author":[{"embeddable":true,"href":"https:\/\/www.europesays.com\/fr\/wp-json\/wp\/v2\/users\/2"}],"replies":[{"embeddable":true,"href":"https:\/\/www.europesays.com\/fr\/wp-json\/wp\/v2\/comments?post=251010"}],"version-history":[{"count":0,"href":"https:\/\/www.europesays.com\/fr\/wp-json\/wp\/v2\/posts\/251010\/revisions"}],"wp:featuredmedia":[{"embeddable":true,"href":"https:\/\/www.europesays.com\/fr\/wp-json\/wp\/v2\/media\/45025"}],"wp:attachment":[{"href":"https:\/\/www.europesays.com\/fr\/wp-json\/wp\/v2\/media?parent=251010"}],"wp:term":[{"taxonomy":"category","embeddable":true,"href":"https:\/\/www.europesays.com\/fr\/wp-json\/wp\/v2\/categories?post=251010"},{"taxonomy":"post_tag","embeddable":true,"href":"https:\/\/www.europesays.com\/fr\/wp-json\/wp\/v2\/tags?post=251010"}],"curies":[{"name":"wp","href":"https:\/\/api.w.org\/{rel}","templated":true}]}}