{"id":251027,"date":"2025-07-16T10:06:11","date_gmt":"2025-07-16T10:06:11","guid":{"rendered":"https:\/\/www.europesays.com\/fr\/251027\/"},"modified":"2025-07-16T10:06:11","modified_gmt":"2025-07-16T10:06:11","slug":"pourquoi-les-allemands-preferent-letranger","status":"publish","type":"post","link":"https:\/\/www.europesays.com\/fr\/251027\/","title":{"rendered":"pourquoi les Allemands pr\u00e9f\u00e8rent l\u2019\u00e9tranger"},"content":{"rendered":"\n<p>Face \u00e0 un numerus clausus strict en Allemagne, de nombreux \u00e9tudiants se tournent vers des universit\u00e9s \u00e9trang\u00e8res. Selon une \u00e9tude du Centrum f\u00fcr Hochschulentwicklung (CHE, Centre pour l\u2019enseignement sup\u00e9rieur), <a class=\"ithalc\" data-ithal=\"lien_externe\" data-ithalc=\"[nav_article]\" target=\"_blank\" href=\"https:\/\/www.zeit.de\/campus\/2025-06\/medizinstudium-ausland-studie-che-fachkraeftemangel\" rel=\"noopener\">cit\u00e9e par le quotidien <strong>Die Zeit<\/strong><\/a><strong>,<\/strong> au moins 9\u00a0100\u00a0Allemands sont actuellement inscrits en m\u00e9decine hors de leurs fronti\u00e8res. Cela repr\u00e9sente \u201cau moins un \u00e9tudiant en m\u00e9decine allemand sur dix\u201d. L\u2019Autriche, la Hongrie, la Bulgarie ou encore la Pologne figurent parmi les destinations privil\u00e9gi\u00e9es. Rien qu\u2019en Autriche, plus de 2\u00a0500\u00a0\u00e9tudiants allemands \u00e9taient inscrits en m\u00e9decine en 2022-2023. En Hongrie, ils \u00e9taient 2\u00a0018.<\/p>\n<p>Le co\u00fbt des \u00e9tudes varie fortement selon les pays\u00a0: de 3\u00a0000\u00a0\u00e0 29\u00a0000\u00a0euros par an. En Autriche, les universit\u00e9s publiques ne demandent pas de frais de scolarit\u00e9, mais \u201cen Hongrie et en Tch\u00e9quie, les frais atteignent environ 16\u00a0000\u00a0euros par an\u201d. Cette charge financi\u00e8re pousse \u00e0 une r\u00e9flexion approfondie avant de s\u2019engager, comme le souligne Caroline Friedhoff, coautrice de l\u2019\u00e9tude.<\/p>\n<p>Mais cette mobilit\u00e9 a un angle mort pr\u00e9occupant\u00a0: nul ne sait ce que deviennent ces dipl\u00f4m\u00e9s. \u201cM\u00eame les autorit\u00e9s comp\u00e9tentes pour la reconnaissance et l\u2019homologation des dipl\u00f4mes en Allemagne n\u2019ont quasiment aucune donn\u00e9e \u00e0 l\u2019\u00e9chelle nationale\u201d, d\u00e9plore Gero Federkeil, responsable des projets internationaux du CHE.<\/p>\n<p>Dans un pays o\u00f9 plus de 5\u00a0000\u00a0postes de g\u00e9n\u00e9ralistes sont d\u00e9j\u00e0 vacants et o\u00f9 un quart des praticiens pr\u00e9voit de prendre sa retraite d\u2019ici \u00e0 cinq ans, ces d\u00e9parts inqui\u00e8tent. Le CHE appelle \u00e0 une prise en compte syst\u00e9matique des profils form\u00e9s \u00e0 l\u2019\u00e9tranger. En effet, si l\u2019Allemagne veut enrayer la p\u00e9nurie de m\u00e9decins, elle devra non seulement augmenter ses capacit\u00e9s de formation, mais aussi mieux accompagner le retour de ces dipl\u00f4m\u00e9s exil\u00e9s.<\/p>\n","protected":false},"excerpt":{"rendered":"Face \u00e0 un numerus clausus strict en Allemagne, de nombreux \u00e9tudiants se tournent vers des universit\u00e9s \u00e9trang\u00e8res. Selon&hellip;\n","protected":false},"author":2,"featured_media":251028,"comment_status":"","ping_status":"","sticky":false,"template":"","format":"standard","meta":{"footnotes":""},"categories":[1587],"tags":[11,672,1804,1856,1805,1803,1777,674,4315,1801,12,1802,6277],"class_list":{"0":"post-251027","1":"post","2":"type-post","3":"status-publish","4":"format-standard","5":"has-post-thumbnail","7":"category-allemagne","8":"tag-actualites","9":"tag-allemagne","10":"tag-bundesrepublik-deutschland","11":"tag-courrier-expat","12":"tag-de","13":"tag-deutschland","14":"tag-eu","15":"tag-europe","16":"tag-expatriation","17":"tag-germany","18":"tag-news","19":"tag-republique-federale-dallemagne","20":"tag-u00e9tudiants-internationaux"},"share_on_mastodon":{"url":"https:\/\/pubeurope.com\/@fr\/114862357629695968","error":""},"_links":{"self":[{"href":"https:\/\/www.europesays.com\/fr\/wp-json\/wp\/v2\/posts\/251027","targetHints":{"allow":["GET"]}}],"collection":[{"href":"https:\/\/www.europesays.com\/fr\/wp-json\/wp\/v2\/posts"}],"about":[{"href":"https:\/\/www.europesays.com\/fr\/wp-json\/wp\/v2\/types\/post"}],"author":[{"embeddable":true,"href":"https:\/\/www.europesays.com\/fr\/wp-json\/wp\/v2\/users\/2"}],"replies":[{"embeddable":true,"href":"https:\/\/www.europesays.com\/fr\/wp-json\/wp\/v2\/comments?post=251027"}],"version-history":[{"count":0,"href":"https:\/\/www.europesays.com\/fr\/wp-json\/wp\/v2\/posts\/251027\/revisions"}],"wp:featuredmedia":[{"embeddable":true,"href":"https:\/\/www.europesays.com\/fr\/wp-json\/wp\/v2\/media\/251028"}],"wp:attachment":[{"href":"https:\/\/www.europesays.com\/fr\/wp-json\/wp\/v2\/media?parent=251027"}],"wp:term":[{"taxonomy":"category","embeddable":true,"href":"https:\/\/www.europesays.com\/fr\/wp-json\/wp\/v2\/categories?post=251027"},{"taxonomy":"post_tag","embeddable":true,"href":"https:\/\/www.europesays.com\/fr\/wp-json\/wp\/v2\/tags?post=251027"}],"curies":[{"name":"wp","href":"https:\/\/api.w.org\/{rel}","templated":true}]}}