{"id":251029,"date":"2025-07-16T10:07:10","date_gmt":"2025-07-16T10:07:10","guid":{"rendered":"https:\/\/www.europesays.com\/fr\/251029\/"},"modified":"2025-07-16T10:07:10","modified_gmt":"2025-07-16T10:07:10","slug":"quels-pays-ont-le-plus-de-jours-feries-en-europe","status":"publish","type":"post","link":"https:\/\/www.europesays.com\/fr\/251029\/","title":{"rendered":"Quels pays ont le plus de jours f\u00e9ri\u00e9s en Europe\u00a0?"},"content":{"rendered":"<p>Des coupes en pagaille. <a href=\"https:\/\/www.20minutes.fr\/politique\/francois_bayrou\/\" class=\"color-ultramarine c-link\" rel=\"nofollow noopener\" target=\"_blank\">Fran\u00e7ois Bayrou<\/a> a pr\u00e9sent\u00e9 mardi les grandes lignes du <a href=\"https:\/\/www.20minutes.fr\/economie\/budget\/\" class=\"color-ultramarine c-link\" rel=\"nofollow noopener\" target=\"_blank\">budget 2026<\/a> qui sera discut\u00e9 \u00e0 l\u2019automne, avec la <a href=\"https:\/\/www.20minutes.fr\/politique\/4163678-20250715-direct-budget-2026-bayrou-presente-orientations-budgetaires-gouvernement\" class=\"color-ultramarine c-link\" rel=\"nofollow noopener\" target=\"_blank\">volont\u00e9 de faire pas moins de 44\u00a0milliards d\u2019euro<\/a>s d\u2019\u00e9conomies pour r\u00e9duire (un peu) le d\u00e9ficit public. Parmi la myriade de mesures de ce serrage de ceinture XL, le Premier ministre propose de supprimer deux jours f\u00e9ri\u00e9s, et de citer comme exemples le <a href=\"https:\/\/www.20minutes.fr\/dossier\/paques\" class=\"color-ultramarine c-link\" rel=\"nofollow noopener\" target=\"_blank\">lundi de P\u00e2ques<\/a> et le 8-Mai. Le premier n\u2019a selon lui \u00ab\u00a0aucune signification religieuse\u00a0\u00bb, et le second fait partie d\u2019un mois de mai transform\u00e9 en \u00ab\u00a0gruy\u00e8re\u00a0\u00bb.<\/p>\n<p>Voici donc deux jours f\u00e9ri\u00e9s plac\u00e9s <a href=\"https:\/\/www.20minutes.fr\/politique\/4163769-20250715-budget-2026-purge-sociale-sangs-larmes-annee-noire-censure-opposition-veut-tete-bayrou\" class=\"color-ultramarine c-link\" rel=\"nofollow noopener\" target=\"_blank\">sur la sellette en France<\/a>, et une question surgit\u00a0: qu\u2019en est-il de nos voisins europ\u00e9ens\u00a0? Combien ont-ils de jours f\u00e9ri\u00e9s dans l\u2019ann\u00e9e\u00a0? Les Espagnols en ont-ils plus que nous\u00a0? Les Allemands sont-ils moins bien lotis\u00a0?<\/p>\n<p>Pour le savoir, regardez notre carte interactive ci-dessous\u00a0:<\/p>\n<p><\/p>\n","protected":false},"excerpt":{"rendered":"Des coupes en pagaille. Fran\u00e7ois Bayrou a pr\u00e9sent\u00e9 mardi les grandes lignes du budget 2026 qui sera discut\u00e9&hellip;\n","protected":false},"author":2,"featured_media":251030,"comment_status":"","ping_status":"","sticky":false,"template":"","format":"standard","meta":{"footnotes":""},"categories":[1586],"tags":[10915,10916,47,11,25159,1003,11617,39118,16058,1777,674,6329,1011,27,431,11207,74,12,15830,39117,4769,28343,25,10919,555],"class_list":{"0":"post-251029","1":"post","2":"type-post","3":"status-publish","4":"format-standard","5":"has-post-thumbnail","7":"category-europe","8":"tag-14-juillet","9":"tag-1er-mai","10":"tag-actualite","11":"tag-actualites","12":"tag-ascension","13":"tag-budget","14":"tag-carte","15":"tag-commemoration-du-11-novembre","16":"tag-conges","17":"tag-eu","18":"tag-europe","19":"tag-finances-publiques","20":"tag-fr","21":"tag-france","22":"tag-francois-bayrou","23":"tag-jour-ferie","24":"tag-monde","25":"tag-news","26":"tag-noel","27":"tag-nouvel-an","28":"tag-paques","29":"tag-pentecote","30":"tag-republique-francaise","31":"tag-toussaint","32":"tag-union-europeenne-ue"},"share_on_mastodon":{"url":"https:\/\/pubeurope.com\/@fr\/114862361398020417","error":""},"_links":{"self":[{"href":"https:\/\/www.europesays.com\/fr\/wp-json\/wp\/v2\/posts\/251029","targetHints":{"allow":["GET"]}}],"collection":[{"href":"https:\/\/www.europesays.com\/fr\/wp-json\/wp\/v2\/posts"}],"about":[{"href":"https:\/\/www.europesays.com\/fr\/wp-json\/wp\/v2\/types\/post"}],"author":[{"embeddable":true,"href":"https:\/\/www.europesays.com\/fr\/wp-json\/wp\/v2\/users\/2"}],"replies":[{"embeddable":true,"href":"https:\/\/www.europesays.com\/fr\/wp-json\/wp\/v2\/comments?post=251029"}],"version-history":[{"count":0,"href":"https:\/\/www.europesays.com\/fr\/wp-json\/wp\/v2\/posts\/251029\/revisions"}],"wp:featuredmedia":[{"embeddable":true,"href":"https:\/\/www.europesays.com\/fr\/wp-json\/wp\/v2\/media\/251030"}],"wp:attachment":[{"href":"https:\/\/www.europesays.com\/fr\/wp-json\/wp\/v2\/media?parent=251029"}],"wp:term":[{"taxonomy":"category","embeddable":true,"href":"https:\/\/www.europesays.com\/fr\/wp-json\/wp\/v2\/categories?post=251029"},{"taxonomy":"post_tag","embeddable":true,"href":"https:\/\/www.europesays.com\/fr\/wp-json\/wp\/v2\/tags?post=251029"}],"curies":[{"name":"wp","href":"https:\/\/api.w.org\/{rel}","templated":true}]}}