{"id":251032,"date":"2025-07-16T10:09:10","date_gmt":"2025-07-16T10:09:10","guid":{"rendered":"https:\/\/www.europesays.com\/fr\/251032\/"},"modified":"2025-07-16T10:09:10","modified_gmt":"2025-07-16T10:09:10","slug":"la-remorque-souvre-un-ouvrier-de-19-ans-meurt-enseveli-par-du-bitume-a-200-c","status":"publish","type":"post","link":"https:\/\/www.europesays.com\/fr\/251032\/","title":{"rendered":"La remorque s\u2019ouvre, un ouvrier de 19 ans meurt enseveli par du bitume \u00e0 200\u00a0\u00b0C"},"content":{"rendered":"<p>C\u2019est un <a href=\"https:\/\/www.20minutes.fr\/dossier\/accident_du_travail\" class=\"color-ultramarine c-link\" target=\"_blank\" rel=\"noopener\">accident du travail<\/a> dramatique qui a eu lieu ce mardi en <a href=\"https:\/\/www.20minutes.fr\/dossier\/vendee\" class=\"color-ultramarine c-link\" target=\"_blank\" rel=\"noopener\">Vend\u00e9e<\/a>. Aux alentours de 9h30, \u00e0 Sainte-Flaive-des-Loups, un jeune homme de 19 ans a \u00e9t\u00e9 \u00ab\u00a0enseveli sous de l\u2019enrob\u00e9 chaud \u00e0 200\u00a0\u00b0C\u00a0\u00bb, ont indiqu\u00e9 les pompiers de Vend\u00e9e cit\u00e9s par nos confr\u00e8res de <a href=\"https:\/\/www.ouest-france.fr\/societe\/faits-divers\/enseveli-sous-de-lenrobe-un-jeune-de-19-ans-en-urgence-absolue-en-vendee-f0ca6d52-615e-11f0-8f64-6b27a5d8d9ae\" rel=\"nofollow noopener\" target=\"_blank\" class=\"color-ultramarine c-link\">Ouest-France<\/a>.<\/p>\n<p>Transport\u00e9e par h\u00e9licopt\u00e8re au centre hospitalier universitaire de <a href=\"https:\/\/www.20minutes.fr\/nantes\/\" class=\"color-ultramarine c-link\" target=\"_blank\" rel=\"noopener\">Nantes<\/a> en urgence absolue, la victime est malheureusement d\u00e9c\u00e9d\u00e9e dans l\u2019apr\u00e8s-midi.<\/p>\n<p>Une voisine raconte \u00ab\u00a0un hurlement de douleur\u00a0\u00bb<\/p>\n<p>Selon le quotidien, l\u2019accident est survenu alors que le jeune homme travaillait avec ses coll\u00e8gues dans un lotissement de la commune. Selon le maire de Saint-Flaive-des-Loups, \u00ab\u00a0alors qu\u2019ils refaisaient la route, la porte du camion s\u2019est ouverte\u00a0\u00bb. \u00ab\u00a0Normalement c\u2019est juste une trappe de la remorque qui doit s\u2019ouvrir\u00a0\u00bb, ajoute-t-il. Le jeune homme aurait \u00e9t\u00e9 br\u00fbl\u00e9 \u00e0 60\u00a0%.<\/p>\n<p>Selon une riveraine, cit\u00e9e par <a href=\"https:\/\/www.francebleu.fr\/infos\/faits-divers-justice\/vendee-jai-entendu-hurler-de-douleur-un-ouvrier-enseveli-sous-du-goudron-brulant-les-temoins-sous-le-choc-4220975\" rel=\"nofollow noopener\" target=\"_blank\" class=\"color-ultramarine c-link\">Ici Loire Oc\u00e9an<\/a>, la victime a l\u00e2ch\u00e9 \u00ab\u00a0un hurlement de douleur\u00a0\u00bb au moment o\u00f9 elle a \u00e9t\u00e9 ensevelie. Ses coll\u00e8gues, dont certains \u00e9taient en \u00e9tat de choc, ont tent\u00e9 de gratter le goudron \u00e0 l\u2019aide de pelles pour d\u00e9gager leur jeune coll\u00e8gue.<\/p>\n<p>Une enqu\u00eate ouverte par la gendarmerie<\/p>\n<p>Une autre personne a \u00e9t\u00e9 bless\u00e9e lors de l\u2019accident. L\u2019homme de 42 ans, br\u00fbl\u00e9 aux deux a probablement voulu extraire son coll\u00e8gue du bitume. Il a \u00e9t\u00e9 pris en charge \u00e0 l\u2019h\u00f4pital de <a href=\"https:\/\/www.20minutes.fr\/nantes\/roche-yon\/\" class=\"color-ultramarine c-link\" target=\"_blank\" rel=\"noopener\">La Roche-sur-Yon<\/a>.<\/p>\n<p>S\u2019il n\u2019\u00e9tait pas de la commune, pr\u00e9cise le maire, le jeune homme \u00ab\u00a0a de la famille dans le village\u00a0\u00bb.<\/p>\n<p>La gendarmerie annonce qu\u2019\u00ab\u00a0une enqu\u00eate a \u00e9t\u00e9 ouverte pour d\u00e9terminer les circonstances de l\u2019accident\u00a0\u00bb sous la direction du parquet de La Roche-sur-Yon. L\u2019inspection du travail a \u00e9galement \u00e9t\u00e9 saisie.<\/p>\n","protected":false},"excerpt":{"rendered":"C\u2019est un accident du travail dramatique qui a eu lieu ce mardi en Vend\u00e9e. Aux alentours de 9h30,&hellip;\n","protected":false},"author":2,"featured_media":251033,"comment_status":"","ping_status":"","sticky":false,"template":"","format":"standard","meta":{"footnotes":""},"categories":[2],"tags":[120,47,11,3348,118,1011,27,12,2636,1311,25,3847,6444,2546],"class_list":{"0":"post-251032","1":"post","2":"type-post","3":"status-publish","4":"format-standard","5":"has-post-thumbnail","7":"category-actualites","8":"tag-accident-du-travail","9":"tag-actualite","10":"tag-actualites","11":"tag-drame","12":"tag-faits-divers","13":"tag-fr","14":"tag-france","15":"tag-news","16":"tag-pays-de-la-loire","17":"tag-pompiers","18":"tag-republique-francaise","19":"tag-travail","20":"tag-urgences","21":"tag-vendee"},"share_on_mastodon":{"url":"https:\/\/pubeurope.com\/@fr\/114862369288656955","error":""},"_links":{"self":[{"href":"https:\/\/www.europesays.com\/fr\/wp-json\/wp\/v2\/posts\/251032","targetHints":{"allow":["GET"]}}],"collection":[{"href":"https:\/\/www.europesays.com\/fr\/wp-json\/wp\/v2\/posts"}],"about":[{"href":"https:\/\/www.europesays.com\/fr\/wp-json\/wp\/v2\/types\/post"}],"author":[{"embeddable":true,"href":"https:\/\/www.europesays.com\/fr\/wp-json\/wp\/v2\/users\/2"}],"replies":[{"embeddable":true,"href":"https:\/\/www.europesays.com\/fr\/wp-json\/wp\/v2\/comments?post=251032"}],"version-history":[{"count":0,"href":"https:\/\/www.europesays.com\/fr\/wp-json\/wp\/v2\/posts\/251032\/revisions"}],"wp:featuredmedia":[{"embeddable":true,"href":"https:\/\/www.europesays.com\/fr\/wp-json\/wp\/v2\/media\/251033"}],"wp:attachment":[{"href":"https:\/\/www.europesays.com\/fr\/wp-json\/wp\/v2\/media?parent=251032"}],"wp:term":[{"taxonomy":"category","embeddable":true,"href":"https:\/\/www.europesays.com\/fr\/wp-json\/wp\/v2\/categories?post=251032"},{"taxonomy":"post_tag","embeddable":true,"href":"https:\/\/www.europesays.com\/fr\/wp-json\/wp\/v2\/tags?post=251032"}],"curies":[{"name":"wp","href":"https:\/\/api.w.org\/{rel}","templated":true}]}}