{"id":251038,"date":"2025-07-16T10:12:15","date_gmt":"2025-07-16T10:12:15","guid":{"rendered":"https:\/\/www.europesays.com\/fr\/251038\/"},"modified":"2025-07-16T10:12:15","modified_gmt":"2025-07-16T10:12:15","slug":"a-16-ans-rory-mcilroy-a-t-il-reussi-la-plus-belle-carte-de-lhistoire-du-jeu-a-portrush","status":"publish","type":"post","link":"https:\/\/www.europesays.com\/fr\/251038\/","title":{"rendered":"A 16 ans, Rory McIlroy a-t-il r\u00e9ussi la plus belle carte de l&rsquo;histoire du jeu \u00e0 Portrush ?"},"content":{"rendered":"<p>\t\t\t\t\t\t<img width=\"770\" height=\"559\" src=\"https:\/\/www.europesays.com\/fr\/wp-content\/uploads\/2025\/07\/capture-decran-2025-07-16-a-08.01.13-770x559.png\" class=\"img-responsive wp-post-image\" alt=\"\" decoding=\"async\" fetchpriority=\"high\"  \/>\t\t\t\t\t<\/p>\n<p>\t\t\t\t\t\t Partager cet article <\/p>\n<p class=\"screen-reader-text juiz_sps_maybe_hidden_text\">Partager la publication \u00ab\u00a0A 16 ans, Rory McIlroy a-t-il r\u00e9ussi la plus belle carte de l\u2019histoire du jeu \u00e0 Portrush ?\u00a0\u00bb<\/p>\n<p><strong>Si Rory McIlroy est attendu comme un demi-Dieu dans ce 153e Open britannique, c\u2019est aussi parce que l\u2019enfant du pays a r\u00e9alis\u00e9 un exploit assez fou, il y a longtemps, sur le parcours du Royal Portrush.<\/strong><\/p>\n<p>De notre envoy\u00e9 sp\u00e9cial \u00e0 Portrush, Stefan Colin<br \/>Le journaliste de Golf Digest <strong>Jamie Kennedy<\/strong> est revenu sur X sur cette histoire assez invraisemblable, qui a contribu\u00e9 \u00e0 la l\u00e9gende <strong>Rory McIlroy<\/strong>, surdou\u00e9 d\u00e8s son plus jeune \u00e2ge \u00e0 l\u2019image de <strong>Tiger Woods<\/strong>. A l\u2019\u00e2ge de 16 ans seulement, le jeune Rory, \u00e9videmment amateur, avait r\u00e9ussi une carte \u00e9poustouflante sur le parcours du <strong>Royal Portrush<\/strong>.\u00a0<\/p>\n<p>61 ! -11 car \u00e0 l\u2019\u00e9poque, le parcours \u00e9tait un par 72.\u00a0<\/p>\n<p>\u00a0<\/p>\n<blockquote class=\"twitter-tweet\">\n<p dir=\"ltr\" lang=\"en\">By now you\u2019ve heard <a href=\"https:\/\/twitter.com\/McIlroyRory?ref_src=twsrc%5Etfw\" rel=\"nofollow noopener\" target=\"_blank\">@McIlroyRory<\/a> once shot a 61 at Royal Portrush as an amateur. <\/p>\n<p>Possibly one of the greatest rounds ever played.<\/p>\n<p>But have you heard the full story?<\/p>\n<p>I took a deep dived into that round \ud83e\uddf5 <a href=\"https:\/\/t.co\/PJBc0AtjER\" rel=\"nofollow\">pic.twitter.com\/PJBc0AtjER<\/a><\/p>\n<p>\u2014 Jamie Kennedy (@jamierkennedy) <a href=\"https:\/\/twitter.com\/jamierkennedy\/status\/1944766315018772703?ref_src=twsrc%5Etfw\" rel=\"nofollow noopener\" target=\"_blank\">July 14, 2025<\/a><\/p>\n<\/blockquote>\n<p>\u00a0<\/p>\n<p>Aujourd\u2019hui, le record officiel du parcours est d\u00e9tenu par <strong>Shane Lowry<\/strong>, qui a r\u00e9ussi un 63 lors de l\u2019Open britannique en 2019 quand le trac\u00e9, transform\u00e9, est devenu un par 71. Mais ce qu\u2019avait r\u00e9ussi l\u2019adolescent McIlroy, en 2005, est un exploit assez fou.\u00a0<\/p>\n<p>\t\t\t\t\t<a id=\"178032\" href=\"https:\/\/www.golfy.fr\/landing\/golf-planete-decouvrez-les-golfs-collections-du-reseau-golfy?utm_source=golf_planete&amp;utm_medium=display&amp;utm_campaign=golfs_collection_2025\" target=\"_blank\" rel=\"sponsorised nofollow noopener\"><img decoding=\"async\" src=\"data:image\/svg+xml,%3Csvg%20xmlns=\" http:=\"\" class=\"img-responsive\" alt=\"\" data-lazy-src=\"https:\/\/www.europesays.com\/fr\/wp-content\/uploads\/2025\/06\/golfy-e06-golfs-collection-france-ete-1170x275-1.jpg\"\/><\/a><\/p>\n<p>\u00a0<\/p>\n<p>28 sur le retour !<\/p>\n<p>Certes, l\u2019actuel n\u00b02 mondial avait jou\u00e9 \u00e0 l\u2019\u00e9poque le trac\u00e9 en juillet et la m\u00e9t\u00e9o \u00e9tait cl\u00e9mente ce jour-l\u00e0, dans le cadre du championnat amateur d\u2019Irlande du Nord. Mais quand m\u00eame. Il s\u2019\u00e9tait \u00e9lanc\u00e9 des back tees. Apr\u00e8s un aller \u00ab\u00a0raisonnable\u00a0\u00bb jou\u00e9 en -3, le natif d\u2019Holywood (en Irlande du Nord bien s\u00fbr) avait d\u00e9but\u00e9 le retour par un eagle et encha\u00een\u00e9 avec six birdies, dont cinq sur ses cinq derniers trous.<\/p>\n<p>V\u00eatu en blanc comme le raconte le post X de Kennedy, Rory avait donc jou\u00e9 le retour en -8 et avait expliqu\u00e9 aux m\u00e9dias que c\u2019\u00e9tait sa toute premi\u00e8re carte sans le moindre bogey.<\/p>\n<p>Vingt ans plus tard, le vainqueur du <strong>Masters<\/strong> va donc tenter de briller de nouveau de mille feux sur un parcours qu\u2019il adore, devant son public. Le conte de f\u00e9es n\u2019est pas \u00e9crit \u00e0 l\u2019avance. Il y a six ans, lors du grand retour de l\u2019Open britannique \u00e0 Portrush, McIlroy avait manqu\u00e9 le cut. Mais il a expliqu\u00e9 <a href=\"https:\/\/www.golfplanete.com\/actualites\/rory-mcilroy-veut-en-profiter-davantage-quil-y-a-six-ans\/\" target=\"_blank\" rel=\"noopener nofollow\">vouloir aborder ce tournoi d\u2019une autre fa\u00e7on cette ann\u00e9e<\/a>. Il conna\u00eet en tout cas tous les secrets pour performer sur ce parcours\u2026<\/p>\n<p>\t\t\t<script async src=\"https:\/\/platform.twitter.com\/widgets.js\" charset=\"utf-8\"><\/script><\/p>\n","protected":false},"excerpt":{"rendered":"Partager cet article Partager la publication \u00ab\u00a0A 16 ans, Rory McIlroy a-t-il r\u00e9ussi la plus belle carte de&hellip;\n","protected":false},"author":2,"featured_media":251039,"comment_status":"","ping_status":"","sticky":false,"template":"","format":"standard","meta":{"footnotes":""},"categories":[1418],"tags":[1011,27,1472,60],"class_list":{"0":"post-251038","1":"post","2":"type-post","3":"status-publish","4":"format-standard","5":"has-post-thumbnail","7":"category-golf","8":"tag-fr","9":"tag-france","10":"tag-golf","11":"tag-sports"},"share_on_mastodon":{"url":"https:\/\/pubeurope.com\/@fr\/114862381220424830","error":""},"_links":{"self":[{"href":"https:\/\/www.europesays.com\/fr\/wp-json\/wp\/v2\/posts\/251038","targetHints":{"allow":["GET"]}}],"collection":[{"href":"https:\/\/www.europesays.com\/fr\/wp-json\/wp\/v2\/posts"}],"about":[{"href":"https:\/\/www.europesays.com\/fr\/wp-json\/wp\/v2\/types\/post"}],"author":[{"embeddable":true,"href":"https:\/\/www.europesays.com\/fr\/wp-json\/wp\/v2\/users\/2"}],"replies":[{"embeddable":true,"href":"https:\/\/www.europesays.com\/fr\/wp-json\/wp\/v2\/comments?post=251038"}],"version-history":[{"count":0,"href":"https:\/\/www.europesays.com\/fr\/wp-json\/wp\/v2\/posts\/251038\/revisions"}],"wp:featuredmedia":[{"embeddable":true,"href":"https:\/\/www.europesays.com\/fr\/wp-json\/wp\/v2\/media\/251039"}],"wp:attachment":[{"href":"https:\/\/www.europesays.com\/fr\/wp-json\/wp\/v2\/media?parent=251038"}],"wp:term":[{"taxonomy":"category","embeddable":true,"href":"https:\/\/www.europesays.com\/fr\/wp-json\/wp\/v2\/categories?post=251038"},{"taxonomy":"post_tag","embeddable":true,"href":"https:\/\/www.europesays.com\/fr\/wp-json\/wp\/v2\/tags?post=251038"}],"curies":[{"name":"wp","href":"https:\/\/api.w.org\/{rel}","templated":true}]}}