{"id":251040,"date":"2025-07-16T10:13:11","date_gmt":"2025-07-16T10:13:11","guid":{"rendered":"https:\/\/www.europesays.com\/fr\/251040\/"},"modified":"2025-07-16T10:13:11","modified_gmt":"2025-07-16T10:13:11","slug":"jai-envie-de-jouer-mais-je-comprends-le-staff-comment-les-bleus-gerent-le-retour-de-coupure-des-champions-olympiques-lequipe","status":"publish","type":"post","link":"https:\/\/www.europesays.com\/fr\/251040\/","title":{"rendered":"\u00ab J&#039;ai envie de jouer, mais je comprends le staff \u00bb : comment les Bleus g\u00e8rent le retour de coupure des champions olympiques &#8211; L&#039;\u00c9quipe"},"content":{"rendered":"<ol>\n<li><a href=\"https:\/\/news.google.com\/rss\/articles\/CBMi6wFBVV95cUxQNUVySEhwYXZKTVJyU1gyd1BkcWN3dGo5ZHNPZnBZRWgxbHJ6T0k4WWR0MTJ4RF85ZV9LektQMFRhSmVSdEEwNW5XNkVEWmFhaEFmcHh3RkM3ZERsS2NYNzdscEZReTNFSXpuSExUdWR1NVVkeVhSMWx2SEdxX0lsV1pER1NtWnk0OE5JVmdub3pxNC1yTnNCVXdNQWZMQmQ0T1VKS2pkYk43cEFjX2Z0cGhPNXk5azVRTF9IcnJQRDVFX3V1NVhNRGJrSlJLR3Z3bTByaTFydEN5M1Y1U3Awb1E1SGxGUkhBSGQw?oc=5\" target=\"_blank\" rel=\"nofollow noopener\">\u00ab J&rsquo;ai envie de jouer, mais je comprends le staff \u00bb : comment les Bleus g\u00e8rent le retour de coupure des champions olympiques<\/a>&nbsp;&nbsp;L&rsquo;\u00c9quipe<\/li>\n<li><a href=\"https:\/\/news.google.com\/rss\/articles\/CBMingFBVV95cUxQX0VTMFRCOTJKanJJS1FyT293VFlTUHFzRHV2b0o4NVMxOGtxalE1OTZjN18xM0xYV2FPRTZCbC13ZjRCd0R1TF94MjNNbVlSYmRRbENPdV9LN0dLTlpYa1ZzUEtIMUdqa2NaWVVVWmJXc0ZYa0daaHNJc1FLRzNNNE9YcjJ4ZDZyclN2c3BFMlVJOUZLWGtKMHBUdGZLUdIBnAFBVV95cUxOVGlIWTJ6TFhLMGVHXzhJR1M4N2hXcXZSakUxc3NDWkRrd0JTMTFNY21XZnZqaFR0cHFEbDVRcmViNDN3S09RZFJhSjQzVW1tQUx2YTdzYkl4ZERrZFBjX2FhSzU0VXB2eWRmQm9VSkxyYUlTSXdUQlpTQ0lTWC1tMVgxNHg0ZXZNREY3bHVSR3NCSFJjMU9NelZZdS0?oc=5\" target=\"_blank\" rel=\"nofollow noopener\">Amical : Les Bleus dominent Cuba<\/a>&nbsp;&nbsp;Orange Actualit\u00e9s | Sports<\/li>\n<li><a href=\"https:\/\/news.google.com\/rss\/articles\/CBMilAFBVV95cUxOWTlpQkc3c3ZxV3VFWlJvMUF3bTdDZmFSMTRXT1RaRDk4aUdLcHZla3Fabk11WFlkNE9Fd0RFR2M2aXNBTlJuQWlqZU5Db1VQYTd5ZVpUMDNSak9nUElLU1VELTc3WFl0bl90UUcxOC02Wmw4THJWa1dtS3dPMEJQVmgzcFpFOEZEbnFUWEN6N2hhcWNx?oc=5\" target=\"_blank\" rel=\"nofollow noopener\">Javier Concepcion en terrain connu<\/a>&nbsp;&nbsp;lanouvellerepublique.fr<\/li>\n<li><a href=\"https:\/\/news.google.com\/rss\/articles\/CBMirAFBVV95cUxOeVdlTV9uTmhwWU9rb3RsODl5dlZ1YVJmcS1fLXlxZVEtRzVabk9RblVpSkpJQkZaZHJuUmJybWVYS2hQQk12VXRYTHNPVTd4OW03X01mX24tSDZXVFE4dmRQOW9TQXItdVpsSU5tOHNubGx6ckI1VW44eHVuSmZHbVhkRENFMUY5WFlFYVpCQ2ZFbkZ1ellIZENUeGxVSnh1U09ydkgxUXBQMElz?oc=5\" target=\"_blank\" rel=\"nofollow noopener\">Volley-ball : l\u2019\u00e9quipe de France domine Cuba en amical \u00e0 l\u2019Arena Futuroscope<\/a>&nbsp;&nbsp;Angers Info<\/li>\n<li><a href=\"https:\/\/news.google.com\/rss\/articles\/CBMivgFBVV95cUxNTklUWlEyWUJHamEydGFvRWRENzJheGQ4U1YwdFFJSUJ6a21iRUhmaXVmdkxKTW1hN0RIb0ZvcDJsc3luSnRGOUhEUmZPUkNKLXNzR1ZValNOWi1BeUNKRnVkcGpPbHg3ZGIyeFdUQjBGZzhaSWRaRnFkMzVqNEQxVXNYS2Raa0JldTM5aF9pMThiNXY0YVJyaHp0aDdzUEk1S2FRLVZrT0l4SFFGdy1iM0Q0RlZIYW50aVVybER3?oc=5\" target=\"_blank\" rel=\"nofollow noopener\">Andrea Giani, la l\u00e9gende dor\u00e9e du s\u00e9lectionneur des Bleus<\/a>&nbsp;&nbsp;MSN<\/li>\n<\/ol>\n","protected":false},"excerpt":{"rendered":"\u00ab J&rsquo;ai envie de jouer, mais je comprends le staff \u00bb : comment les Bleus g\u00e8rent le retour&hellip;\n","protected":false},"author":2,"featured_media":251041,"comment_status":"","ping_status":"","sticky":false,"template":"","format":"standard","meta":{"footnotes":""},"categories":[1417],"tags":[1011,27,60,1470,1469],"class_list":{"0":"post-251040","1":"post","2":"type-post","3":"status-publish","4":"format-standard","5":"has-post-thumbnail","7":"category-volley","8":"tag-fr","9":"tag-france","10":"tag-sports","11":"tag-volley","12":"tag-volleyball"},"share_on_mastodon":{"url":"https:\/\/pubeurope.com\/@fr\/114862385068750810","error":""},"_links":{"self":[{"href":"https:\/\/www.europesays.com\/fr\/wp-json\/wp\/v2\/posts\/251040","targetHints":{"allow":["GET"]}}],"collection":[{"href":"https:\/\/www.europesays.com\/fr\/wp-json\/wp\/v2\/posts"}],"about":[{"href":"https:\/\/www.europesays.com\/fr\/wp-json\/wp\/v2\/types\/post"}],"author":[{"embeddable":true,"href":"https:\/\/www.europesays.com\/fr\/wp-json\/wp\/v2\/users\/2"}],"replies":[{"embeddable":true,"href":"https:\/\/www.europesays.com\/fr\/wp-json\/wp\/v2\/comments?post=251040"}],"version-history":[{"count":0,"href":"https:\/\/www.europesays.com\/fr\/wp-json\/wp\/v2\/posts\/251040\/revisions"}],"wp:featuredmedia":[{"embeddable":true,"href":"https:\/\/www.europesays.com\/fr\/wp-json\/wp\/v2\/media\/251041"}],"wp:attachment":[{"href":"https:\/\/www.europesays.com\/fr\/wp-json\/wp\/v2\/media?parent=251040"}],"wp:term":[{"taxonomy":"category","embeddable":true,"href":"https:\/\/www.europesays.com\/fr\/wp-json\/wp\/v2\/categories?post=251040"},{"taxonomy":"post_tag","embeddable":true,"href":"https:\/\/www.europesays.com\/fr\/wp-json\/wp\/v2\/tags?post=251040"}],"curies":[{"name":"wp","href":"https:\/\/api.w.org\/{rel}","templated":true}]}}