{"id":251042,"date":"2025-07-16T10:14:10","date_gmt":"2025-07-16T10:14:10","guid":{"rendered":"https:\/\/www.europesays.com\/fr\/251042\/"},"modified":"2025-07-16T10:14:10","modified_gmt":"2025-07-16T10:14:10","slug":"rugby-nationale-ma-priorite-est-ma-sante-ma-tete-un-deuxieme-ligne-de-narbonne-est-contraint-de-mettre-un-terme-a-sa-carriere-professionnelle","status":"publish","type":"post","link":"https:\/\/www.europesays.com\/fr\/251042\/","title":{"rendered":"Rugby \u2013 Nationale\u00a0: \u00ab\u00a0Ma priorit\u00e9 est ma sant\u00e9, ma t\u00eate\u00a0\u00bb, un deuxi\u00e8me ligne de Narbonne est contraint de mettre un terme \u00e0 sa carri\u00e8re professionnelle"},"content":{"rendered":"<p>\n                                                                Alors que le Racing Club Narbonnais a entam\u00e9 sa troisi\u00e8me semaine de pr\u00e9-saison, au sein de l\u2019effectif audois, un joueur manque \u00e0 l\u2019appel depuis le d\u00e9but de la pr\u00e9paration. En effet, un deuxi\u00e8me ligne de 33 ans, Darrel Dyer, arriv\u00e9 en France en 2018 \u00e0 Carcassonne, est contraint de mettre un terme \u00e0 sa carri\u00e8re professionnelle.\n                            <\/p>\n<p>Ce sont les risques du m\u00e9tier. Les risques de ce sport de combat, de contact. Depuis plusieurs ann\u00e9es maintenant, au rugby, les commotions c\u00e9r\u00e9brales sont mises de plus en plus sur le devant de la sc\u00e8ne. Surtout, les mesures pour les identifier, surveiller, d\u00e9clarer, soigner, \u2026 sont de plus en plus nombreuses avec le temps. Le Racing Club Narbonnais ne d\u00e9roge pas \u00e0 la r\u00e8gle. Et comme plusieurs joueurs professionnels, contraint de mettre un terme \u00e0 leur carri\u00e8re professionnelle plus t\u00f4t que pr\u00e9vu, le club orange et noir voit l\u2019un de ses joueurs devoir suivre ce chemin difficile.<\/p>\n<blockquote>\n<p>Il n\u2019y a pas de pilule magique pour aller mieux.<\/p>\n<\/blockquote>\n<p>\u00c0 33 ans, Darrel Dyer doit raccrocher les crampons sur une d\u00e9cision m\u00e9dicale.\u00a0\u00ab\u00a0J\u2019ai vu le neurologue, deux fois, on a fait des examens. Finalement, il m\u2019a dit que par rapport aux commotions que j\u2019ai eues, les sympt\u00f4mes, c\u2019est dangereux de continuer. Il a \u00e9t\u00e9 formel, une contre-indication. Je n\u2019avais donc pas le choix\u00a0\u00bb, explique le deuxi\u00e8me ligne n\u00e9 en Angleterre.<\/p>\n<p>C\u2019est pour cette raison, que le lundi 30\u00a0juin, lors de la reprise de l\u2019effectif professionnel du Racing, Darrel Dyer n\u2019\u00e9tait pas pr\u00e9sent au milieu de ses co\u00e9quipiers narbonnais. Apr\u00e8s 18 ans \u00e0 tout donner\u00a0pour le ballon ovale, sa passion, son m\u00e9tier, l\u2019imposant deuxi\u00e8me ligne n\u2019a plus l\u2019aptitude pour jouer au rugby.\u00a0\u00ab\u00a0Mon corps s\u2019est ab\u00eem\u00e9. Mon \u00e9paule, mon genou, mes cervicales, cela peut se soigner. Mais avec le cerveau, il\u00a0n\u2019y a pas de pilule magique pour aller mieux\u00a0\u00bb, conc\u00e8de-t-il.<\/p>\n<p>Darrel Dyer aura marqu\u00e9 sa carri\u00e8re de son sourire, sa joie de vivre, son esprit guerrier, un vrai combattant. Partout o\u00f9 il est pass\u00e9, que ce soit en Angleterre \u00e0 Bedford ou Hartpury, \u00e0 Carcassonne quand il est arriv\u00e9 dans l\u2019hexagone (59 matches de Pro D2), \u00e0 Valence Romans avec qui il a accroch\u00e9 une mont\u00e9e en Pro D2 en 2023 (38 matches de Nationale, 12 de Pro D2) et enfin avec Narbonne la saison derni\u00e8re avec qui il a v\u00e9cu de belles \u00e9motions (19 matches, dont 11 comme titulaire).<\/p>\n<p>En pleine r\u00e9flexion pour \u00ab\u00a0sa deuxi\u00e8me vie\u00a0\u00bb<\/p>\n<p>\u00ab\u00a0\u00c7\u2019a \u00e9t\u00e9 dur d\u2019apprendre cette nouvelle. Je pense que m\u00eame jusqu\u2019\u00e0 maintenant, je n\u2019ai pas vraiment r\u00e9alis\u00e9 que le rugby, c\u2019est fini. Je pense que \u00e7a va prendre du temps. Maintenant, ma priorit\u00e9 est ma sant\u00e9, ma t\u00eate\u00a0\u00bb, nous a confi\u00e9 Darrel Dyer au cours d\u2019un long entretien poignant.<\/p>\n<p>D\u00e9sormais, il est en pleine r\u00e9flexion pour \u00ab\u00a0sa deuxi\u00e8me vie\u00a0\u00bb, celle de l\u2019apr\u00e8s-rugby. Mais une chose est s\u00fbre, le ballon ovale est chevill\u00e9 \u00e0 son corps, et nul doute qu\u2019il devrait en rester tr\u00e8s proche.<\/p>\n<p>L\u2019int\u00e9gralit\u00e9 de notre entretien avec Darrel Dyer sera \u00e0 retrouver en fin de journ\u00e9e sur notre site internet, et dans votre \u00e9dition de L\u2019Ind\u00e9pendant de ce vendredi 18\u00a0juillet.<\/p>\n","protected":false},"excerpt":{"rendered":"Alors que le Racing Club Narbonnais a entam\u00e9 sa troisi\u00e8me semaine de pr\u00e9-saison, au sein de l\u2019effectif audois,&hellip;\n","protected":false},"author":2,"featured_media":251043,"comment_status":"","ping_status":"","sticky":false,"template":"","format":"standard","meta":{"footnotes":""},"categories":[1416],"tags":[1011,27,479,1468,60],"class_list":{"0":"post-251042","1":"post","2":"type-post","3":"status-publish","4":"format-standard","5":"has-post-thumbnail","7":"category-rugby","8":"tag-fr","9":"tag-france","10":"tag-rugby","11":"tag-rugby-football","12":"tag-sports"},"share_on_mastodon":{"url":"https:\/\/pubeurope.com\/@fr\/114862389033171561","error":""},"_links":{"self":[{"href":"https:\/\/www.europesays.com\/fr\/wp-json\/wp\/v2\/posts\/251042","targetHints":{"allow":["GET"]}}],"collection":[{"href":"https:\/\/www.europesays.com\/fr\/wp-json\/wp\/v2\/posts"}],"about":[{"href":"https:\/\/www.europesays.com\/fr\/wp-json\/wp\/v2\/types\/post"}],"author":[{"embeddable":true,"href":"https:\/\/www.europesays.com\/fr\/wp-json\/wp\/v2\/users\/2"}],"replies":[{"embeddable":true,"href":"https:\/\/www.europesays.com\/fr\/wp-json\/wp\/v2\/comments?post=251042"}],"version-history":[{"count":0,"href":"https:\/\/www.europesays.com\/fr\/wp-json\/wp\/v2\/posts\/251042\/revisions"}],"wp:featuredmedia":[{"embeddable":true,"href":"https:\/\/www.europesays.com\/fr\/wp-json\/wp\/v2\/media\/251043"}],"wp:attachment":[{"href":"https:\/\/www.europesays.com\/fr\/wp-json\/wp\/v2\/media?parent=251042"}],"wp:term":[{"taxonomy":"category","embeddable":true,"href":"https:\/\/www.europesays.com\/fr\/wp-json\/wp\/v2\/categories?post=251042"},{"taxonomy":"post_tag","embeddable":true,"href":"https:\/\/www.europesays.com\/fr\/wp-json\/wp\/v2\/tags?post=251042"}],"curies":[{"name":"wp","href":"https:\/\/api.w.org\/{rel}","templated":true}]}}