{"id":251044,"date":"2025-07-16T10:15:10","date_gmt":"2025-07-16T10:15:10","guid":{"rendered":"https:\/\/www.europesays.com\/fr\/251044\/"},"modified":"2025-07-16T10:15:10","modified_gmt":"2025-07-16T10:15:10","slug":"wimbledon-atp-ivan-ljubicic-ex-coach-de-federer-sur-alcaraz-roger-ne-cherchait-pas-consciemment-a-faire-le-show-avec-carlos-jai-parfois-limpression-quil-veut-simplement-samuser-pour-lui","status":"publish","type":"post","link":"https:\/\/www.europesays.com\/fr\/251044\/","title":{"rendered":"Wimbledon, ATP > Ivan Ljubicic, ex-coach de Federer, sur Alcaraz : \u00ab\u00a0Roger ne cherchait pas consciemment \u00e0 faire le show. Avec Carlos, j&rsquo;ai parfois l&rsquo;impression qu&rsquo;il veut simplement s&rsquo;amuser, pour lui-m\u00eame, mais aussi pour le public\u00a0\u00bb"},"content":{"rendered":"<p>Lors d\u2019une inter\u00adview accord\u00e9e au quoti\u00addien suisse,\u00a0<a href=\"https:\/\/www.tagesanzeiger.ch\/wimbledon-ivan-ljubicic-ueber-roger-federer-alcaraz-und-sinner-834512949769\" target=\"_blank\" rel=\"noreferrer noopener nofollow external\" data-wpel-link=\"external\">Tages\u2010Anzeiger<\/a>, l\u2019an\u00adcien num\u00e9ro 3 mondial Ivan Ljubicic, actuel respon\u00adsable du haut niveau \u00e0 la F\u00e9d\u00e9ration fran\u00ad\u00e7aise de tennis (FFT), a compar\u00e9 Carlos Alcaraz \u00e0 Roger Federer, qu\u2019il a entra\u00een\u00e9 de 2016 \u00e0\u00a02022.\u00a0<\/p>\n<p><strong>\u00ab\u202fS\u2019il y a bien quel\u00adqu\u2019un qui rappelle Roger, c\u2019est Alcaraz. Cette fa\u00e7on de jouer o\u00f9 l\u2019on ne sait jamais ce qui va se passer ensuite. Comme Roger, il cherche toujours le coup gagnant, il joue toujours de mani\u00e8re active. Il y a aussi beau\u00adcoup de diff\u00e9\u00adrences. Roger \u00e9tait plus effi\u00adcace. Le spec\u00adtacle \u00e9tait le fruit de son jeu. Il ne cher\u00adchait pas consciem\u00adment \u00e0 faire le show. Avec Alcaraz, j\u2019ai parfois l\u2019im\u00adpres\u00adsion qu\u2019il veut simple\u00adment s\u2019amuser, pour lui\u2010m\u00eame, mais aussi pour le public.\u202f\u00bb<\/strong><\/p>\n<p class=\"post-published-date\" style=\"color: silver; font-size: 75%; text-align: left;\">Publi\u00e9 le mercredi 16 juillet 2025 \u00e0 09:56<\/p>\n","protected":false},"excerpt":{"rendered":"Lors d\u2019une inter\u00adview accord\u00e9e au quoti\u00addien suisse,\u00a0Tages\u2010Anzeiger, l\u2019an\u00adcien num\u00e9ro 3 mondial Ivan Ljubicic, actuel respon\u00adsable du haut niveau&hellip;\n","protected":false},"author":2,"featured_media":251045,"comment_status":"","ping_status":"","sticky":false,"template":"","format":"standard","meta":{"footnotes":""},"categories":[1415],"tags":[1744,2199,1011,27,60,1467],"class_list":{"0":"post-251044","1":"post","2":"type-post","3":"status-publish","4":"format-standard","5":"has-post-thumbnail","7":"category-tennis","8":"tag-alcaraz","9":"tag-federer","10":"tag-fr","11":"tag-france","12":"tag-sports","13":"tag-tennis"},"share_on_mastodon":{"url":"https:\/\/pubeurope.com\/@fr\/114862392739185830","error":""},"_links":{"self":[{"href":"https:\/\/www.europesays.com\/fr\/wp-json\/wp\/v2\/posts\/251044","targetHints":{"allow":["GET"]}}],"collection":[{"href":"https:\/\/www.europesays.com\/fr\/wp-json\/wp\/v2\/posts"}],"about":[{"href":"https:\/\/www.europesays.com\/fr\/wp-json\/wp\/v2\/types\/post"}],"author":[{"embeddable":true,"href":"https:\/\/www.europesays.com\/fr\/wp-json\/wp\/v2\/users\/2"}],"replies":[{"embeddable":true,"href":"https:\/\/www.europesays.com\/fr\/wp-json\/wp\/v2\/comments?post=251044"}],"version-history":[{"count":0,"href":"https:\/\/www.europesays.com\/fr\/wp-json\/wp\/v2\/posts\/251044\/revisions"}],"wp:featuredmedia":[{"embeddable":true,"href":"https:\/\/www.europesays.com\/fr\/wp-json\/wp\/v2\/media\/251045"}],"wp:attachment":[{"href":"https:\/\/www.europesays.com\/fr\/wp-json\/wp\/v2\/media?parent=251044"}],"wp:term":[{"taxonomy":"category","embeddable":true,"href":"https:\/\/www.europesays.com\/fr\/wp-json\/wp\/v2\/categories?post=251044"},{"taxonomy":"post_tag","embeddable":true,"href":"https:\/\/www.europesays.com\/fr\/wp-json\/wp\/v2\/tags?post=251044"}],"curies":[{"name":"wp","href":"https:\/\/api.w.org\/{rel}","templated":true}]}}