{"id":251046,"date":"2025-07-16T10:17:13","date_gmt":"2025-07-16T10:17:13","guid":{"rendered":"https:\/\/www.europesays.com\/fr\/251046\/"},"modified":"2025-07-16T10:17:13","modified_gmt":"2025-07-16T10:17:13","slug":"tardozzi-juge-le-podium-insuffisant-pour-un-pilote-comme-bagnaia","status":"publish","type":"post","link":"https:\/\/www.europesays.com\/fr\/251046\/","title":{"rendered":"Tardozzi juge le podium insuffisant pour un pilote comme Bagnaia"},"content":{"rendered":"<p>Apr\u00e8s une journ\u00e9e de samedi d\u00e9sastreuse, <a href=\"https:\/\/fr.motorsport.com\/driver\/pecco-bagnaia\/109394\/\" target=\"_blank\" rel=\"noopener\">Pecco Bagnaia<\/a> a modestement relev\u00e9 la t\u00eate dimanche, en Allemagne, en d\u00e9crochant une place sur le podium d&rsquo;une course dont il ne restait toutefois que dix pilotes \u00e0 l&rsquo;arriv\u00e9e. Son manque de performance par rapport \u00e0 son co\u00e9quipier, mais aussi par rapport au potentiel que le bin\u00f4me qu&rsquo;il forme avec la Ducati a eu ces derni\u00e8res ann\u00e9es, reste criant, inqui\u00e9tant m\u00eame, et personne \u00e0 Borgo Panigale ne cherche \u00e0 le nier.<\/p>\n<p>\u00c0 l&rsquo;heure du bilan de ce d\u00e9placement en Allemagne, qui marquait le cap de la mi-saison, Davide Tardozzi a d&rsquo;abord voulu souligner le baume au c\u0153ur apport\u00e9 par cette troisi\u00e8me place.\u00a0\u00ab\u00a0Apr\u00e8s le petit d\u00e9sastre du sprint, il fallait se rattraper et Pecco a fait un podium. Il est vrai que plusieurs pilotes sont tomb\u00e9s devant lui et qu&rsquo;il n&rsquo;a pas r\u00e9ussi \u00e0 rattraper <a href=\"https:\/\/fr.motorsport.com\/driver\/alex-marquez\/96324\/\" target=\"_blank\" rel=\"noopener\">\u00c1lex M\u00e1rquez<\/a>, mais je crois qu&rsquo;il s&rsquo;est aussi un peu limit\u00e9 en voyant autant de chutes\u00a0\u00bb, a r\u00e9agi le team manager dimanche \u00e0 la cha\u00eene italienne Sky Sport MotoGP.<\/p>\n<p>\u00ab\u00a0Je suis tr\u00e8s confiant pour Brno\u00a0\u00bb, a poursuivi Davide Tardozzi, pr\u00e9cisant que l&rsquo;\u00e9quipe \u00e9tudie les diff\u00e9rents types de situations observ\u00e9es derni\u00e8rement. \u00ab\u00a0Parce qu&rsquo;au fond, \u00e0 Assen, \u00e7a s&rsquo;est tr\u00e8s bien pass\u00e9, donc nous devons comprendre pourquoi \u00e7a n&rsquo;a pas \u00e9t\u00e9 aussi bien au Sachsenring.\u00a0\u00bb<\/p>\n<p>   <img decoding=\"async\" draggable=\"false\" src=\"https:\/\/www.europesays.com\/fr\/wp-content\/uploads\/2025\/07\/davide-tardozzi-ducati-lenovo-.jpg\" alt=\"Davide Tardozzi, team manager de l'\u00e9quipe officielle Ducati\" width=\"1200\" height=\"800\" loading=\"lazy\"\/> <\/p>\n<p class=\"title\">Davide Tardozzi, team manager de l&rsquo;\u00e9quipe officielle Ducati<\/p>\n<p class=\"photographer\">Photo de: Gold and Goose Photography \/ LAT Images \/ via Getty Images<\/p>\n<p>Il \u00e9tait saisissant de voir \u00e0 quel point Bagnaia semblait perdu samedi, sous la pluie du Sachsenring, o\u00f9 son manque chronique d&rsquo;adh\u00e9rence et de sensations s&rsquo;est traduit par une 11e place sur la grille (le dernier temps de la Q2) puis la 12e \u00e0 l&rsquo;arriv\u00e9e du sprint, \u00e0 20 secondes du vainqueur.\u00a0Mais une nouvelle fois, au cours du week-end, l&rsquo;Italien est pass\u00e9 de <a href=\"https:\/\/fr.motorsport.com\/motogp\/news\/bagnaia-choque-tellement-lent-pluie\/10741692\/\" target=\"_self\" rel=\"noopener\">propos extr\u00eamement n\u00e9gatifs<\/a> \u00e0 <a href=\"https:\/\/fr.motorsport.com\/motogp\/news\/bagnaia-retrouve-espoir-podium-allemagne-10741969\/10741969\/\" target=\"_self\" rel=\"noopener\">un discours empreint d&rsquo;optimisme<\/a>. Une versatilit\u00e9 qui s&rsquo;inscrit dans le temps et qui rend la compr\u00e9hension de sa situation compliqu\u00e9e mais qui, selon Davide Tardozzi, refl\u00e8te pr\u00e9cis\u00e9ment la complexit\u00e9 du probl\u00e8me de fond.<\/p>\n<p>\u00ab\u00a0C&rsquo;est \u00e7a le probl\u00e8me\u00a0\u00bb, a-t-il r\u00e9agi lorsque le bilan d\u00e9concertant du sprint a \u00e9t\u00e9 \u00e9voqu\u00e9, \u00ab\u00a0parce que nous n&rsquo;avons pas compris la cause de ce manque total de grip, surtout \u00e0 l&rsquo;arri\u00e8re. Les ing\u00e9nieurs ont travaill\u00e9 sur la question et, au warm-up, \u00e7a allait raisonnablement mieux pour lui. Il \u00e9tait \u00e0 une seconde de Marc, mais \u00e0 trois dixi\u00e8mes du troisi\u00e8me, il y avait donc un progr\u00e8s. Ceci \u00e9tant dit, je suis convaincu qu&rsquo;\u00e0 Brno, nous progresserons encore, c&rsquo;est un fort espoir.\u00a0\u00bb<\/p>\n<p>Si la cause du probl\u00e8me reste m\u00e9connue, les sympt\u00f4mes, eux, sont inchang\u00e9s depuis le d\u00e9but de la saison, avec un Bagnaia manquant grandement d&rsquo;adh\u00e9rence par rapport aux autres pilotes Ducati.\u00a0\u00ab\u00a0Quand le pneu avant chauffe, Pecco est en difficult\u00e9. Nous n&rsquo;avons pas encore bien compris la raison\u00a0\u00bb, a admis Davide Tardozzi.<\/p>\n<p>   <img decoding=\"async\" draggable=\"false\" src=\"https:\/\/www.europesays.com\/fr\/wp-content\/uploads\/2025\/07\/1752661033_716_francesco-bagnaia-ducati-team.jpg\" alt=\"Francesco Bagnaia, Ducati Team\" width=\"1200\" height=\"800\" loading=\"lazy\"\/> <\/p>\n<p class=\"title\">Francesco Bagnaia, Ducati Team<\/p>\n<p class=\"photographer\">Foto di: Alexander Trienitz<\/p>\n<p>\u00ab\u00a0Mais je r\u00e9p\u00e8te que je suis tr\u00e8s confiant pour Brno. Le bitume est neuf et offre beaucoup de grip, et \u00e7a pourrait clairement aider les performances de Pecco. Malheureusement, \u00e7a reste la m\u00eame probl\u00e9matique depuis le d\u00e9but de l&rsquo;ann\u00e9e, mais Gigi [Dall&rsquo;Igna] et les ing\u00e9nieurs y travaillent dur. Nous avons le devoir absolu de ramener Pecco aux positions qu&rsquo;il m\u00e9rite et en lutte pour la victoire face \u00e0 Marc.\u00a0\u00bb<\/p>\n<p>\u00ab\u00a0La situation ne s&rsquo;est pas \u00e9norm\u00e9ment am\u00e9lior\u00e9e\u00a0\u00bb<\/p>\n<p>Ducati continue donc de chercher une solution, mais en attendant, Pecco Bagnaia a d\u00e9j\u00e0 pass\u00e9 une moiti\u00e9 de championnat dans cette situation, et nombreux sont ceux qui, de l&rsquo;ext\u00e9rieur, s&rsquo;imaginent l&rsquo;extr\u00eame difficult\u00e9 de la g\u00e9rer d&rsquo;un point de vue mental. Davide Tardozzi n&rsquo;a cependant aucun doute sur la r\u00e9sistance du double champion du monde.<\/p>\n<p>\u00ab\u00a0L&rsquo;\u00e9quipe lui transmet le fait de n&rsquo;avoir absolument pas perdu confiance en lui. Je crois que c&rsquo;est d\u00e9terminant pour avoir la force d&rsquo;aller de l&rsquo;avant alors que les probl\u00e8mes restent les m\u00eames depuis 11 courses. Ceci \u00e9tant dit, nous pers\u00e9v\u00e9rons, nous ne baissons pas les bras, et une des caract\u00e9ristiques de Pecco est pr\u00e9cis\u00e9ment celle-ci\u00a0:\u00a0le fait de tenir bon, gr\u00e2ce \u00e0 la conscience qu&rsquo;il a de ses capacit\u00e9s et de son talent.\u00a0\u00bb<\/p>\n<p>Il va n\u00e9anmoins falloir plus que des podiums pour contenter un pilote qui a tant \u00e9t\u00e9 habitu\u00e9 \u00e0 gagner depuis trois ans. \u00ab\u00a0Si je dois \u00eatre sinc\u00e8re, le podium c&rsquo;est bien, mais Pecco doit faire quelque chose de plus\u00a0\u00bb, a \u00e9galement admis Davide Tardozzi. \u00ab\u00a0Peut-on dire que, parce que nous avons obtenu un podium, nous devons \u00eatre contents\u00a0?\u00a0Non. Pecco doit occuper d&rsquo;autres positions, et avec une autre vitesse.\u00a0\u00bb<\/p>\n<p>\u00ab\u00a0Le fait qu&rsquo;il ait \u00e0 nouveau termin\u00e9 \u00e0 quatre dixi\u00e8mes d&rsquo;\u00c1lex et qu&rsquo;il n&rsquo;ait pas r\u00e9ussi \u00e0 l&rsquo;attaquer fait r\u00e9fl\u00e9chir. Techniquement, les ing\u00e9nieurs et Gigi r\u00e9fl\u00e9chissent \u00e0 quoi faire. Je veux dire, malgr\u00e9 le podium, la situation ne s&rsquo;est pas \u00e9norm\u00e9ment am\u00e9lior\u00e9e. C&rsquo;\u00e9tait peut-\u00eatre un peu mieux \u00e0 Assen, mais il y avait malgr\u00e9 tout le m\u00eame probl\u00e8me.\u00a0\u00bb<\/p>\n<p>Lire aussi :<\/p>\n<p>Dans cet article<\/p>\n<p>Soyez le premier inform\u00e9 et souscrivez aux alertes mails pour recevoir les infos en temps r\u00e9el<\/p>\n<p>    S&rsquo;abonner aux alertes de news<\/p>\n","protected":false},"excerpt":{"rendered":"Apr\u00e8s une journ\u00e9e de samedi d\u00e9sastreuse, Pecco Bagnaia a modestement relev\u00e9 la t\u00eate dimanche, en Allemagne, en d\u00e9crochant&hellip;\n","protected":false},"author":2,"featured_media":251047,"comment_status":"","ping_status":"","sticky":false,"template":"","format":"standard","meta":{"footnotes":""},"categories":[1413],"tags":[4950,1011,27,36254,1457,1456,1458,4951,36255,60],"class_list":{"0":"post-251046","1":"post","2":"type-post","3":"status-publish","4":"format-standard","5":"has-post-thumbnail","7":"category-moto","8":"tag-ducati-team","9":"tag-fr","10":"tag-france","11":"tag-gp-dallemagne","12":"tag-moto","13":"tag-motocycle","14":"tag-motogp","15":"tag-pecco-bagnaia","16":"tag-sachsenring","17":"tag-sports"},"share_on_mastodon":{"url":"https:\/\/pubeurope.com\/@fr\/114862400784029541","error":""},"_links":{"self":[{"href":"https:\/\/www.europesays.com\/fr\/wp-json\/wp\/v2\/posts\/251046","targetHints":{"allow":["GET"]}}],"collection":[{"href":"https:\/\/www.europesays.com\/fr\/wp-json\/wp\/v2\/posts"}],"about":[{"href":"https:\/\/www.europesays.com\/fr\/wp-json\/wp\/v2\/types\/post"}],"author":[{"embeddable":true,"href":"https:\/\/www.europesays.com\/fr\/wp-json\/wp\/v2\/users\/2"}],"replies":[{"embeddable":true,"href":"https:\/\/www.europesays.com\/fr\/wp-json\/wp\/v2\/comments?post=251046"}],"version-history":[{"count":0,"href":"https:\/\/www.europesays.com\/fr\/wp-json\/wp\/v2\/posts\/251046\/revisions"}],"wp:featuredmedia":[{"embeddable":true,"href":"https:\/\/www.europesays.com\/fr\/wp-json\/wp\/v2\/media\/251047"}],"wp:attachment":[{"href":"https:\/\/www.europesays.com\/fr\/wp-json\/wp\/v2\/media?parent=251046"}],"wp:term":[{"taxonomy":"category","embeddable":true,"href":"https:\/\/www.europesays.com\/fr\/wp-json\/wp\/v2\/categories?post=251046"},{"taxonomy":"post_tag","embeddable":true,"href":"https:\/\/www.europesays.com\/fr\/wp-json\/wp\/v2\/tags?post=251046"}],"curies":[{"name":"wp","href":"https:\/\/api.w.org\/{rel}","templated":true}]}}