{"id":251050,"date":"2025-07-16T10:19:12","date_gmt":"2025-07-16T10:19:12","guid":{"rendered":"https:\/\/www.europesays.com\/fr\/251050\/"},"modified":"2025-07-16T10:19:12","modified_gmt":"2025-07-16T10:19:12","slug":"tour-de-france-2025-tout-savoir-sur-la-onzieme-etape-toulouse-toulouse-1568-km-avec-cedric-vasseur","status":"publish","type":"post","link":"https:\/\/www.europesays.com\/fr\/251050\/","title":{"rendered":"Tour de France 2025\u00a0: tout savoir sur la onzi\u00e8me \u00e9tape\u00a0: Toulouse \u2013 Toulouse (156,8\u00a0km) avec C\u00e9dric Vasseur"},"content":{"rendered":"<p>L&rsquo;avis de C\u00e9dric Vasseur, manager g\u00e9n\u00e9ral de l&rsquo;\u00e9quipe Cofidis<\/p>\n<p class=\"ap-StoryElement ap-StoryElement--mb ap-StoryText\">\u00ab\u00a0Au lendemain d&rsquo;une journ\u00e9e de repos, qui aura fait du bien ou du mal aux organismes. Parce que c&rsquo;est toujours difficile de se remettre en route. Cette \u00e9tape est relativement courte : elle permet aux coureurs de reprendre le rythme. L\u00e0 encore, on aura une \u00e9chapp\u00e9e qui va se dessiner probablement d\u00e8s les premiers kilom\u00e8tres. Il y aura quand m\u00eame une opportunit\u00e9 pour les sprinters de s&rsquo;expliquer dans le final qui peut \u00eatre compliqu\u00e9. On a une petite bosse dans le final avec un passage \u00e0 20 %, alors certes, ce n&rsquo;est pas long, mais \u00e7a va d\u00e9pendre aussi de la vitesse \u00e0 laquelle les coureurs vont se pr\u00e9senter dans ce final. Je pense que c&rsquo;est une \u00e9tape de remise en route avant des \u00e9tapes tr\u00e8s compliqu\u00e9es dans le massif des Pyr\u00e9n\u00e9es. On devrait donc avoir, je dirais, une remise en route naturelle, et je pense m\u00eame une arriv\u00e9e au sprint sur cette \u00e9tape Toulouse-Toulouse. La chaleur aura aussi probablement son importance. On sait que dans le Sud-Ouest il fait quand m\u00eame parfois tr\u00e8s lourd et pesant. On est au mois de juillet, tout peut arriver \u00e9videmment. On peut imaginer un sc\u00e9nario o\u00f9 il fait tr\u00e8s chaud et cette chaleur peut influencer le d\u00e9roulement de la course.\u00a0\u00bb<\/p>\n<p><a href=\"https:\/\/www.dhnet.be\/sports\/cyclisme\/2025\/07\/14\/tour-de-france-2025-simon-yates-soffre-une-victoire-inattendue-cest-sans-doute-la-plus-grande-victoire-de-ma-carriere-AGZ37MUKK5A3TCGBQPPTORGGWQ\/\" target=\"_blank\" rel=\"noopener noreferrer nofollow\" class=\"ap-StoryInterstitialLink ap-StoryElement ap-StoryElement--mb\">Tour de France 2025 \u2013 Simon Yates s&rsquo;offre une victoire inattendue : \u00ab\u00a0C&rsquo;est sans doute la plus grande victoire de ma carri\u00e8re \u00ab\u00a0<\/a><img loading=\"lazy\" decoding=\"async\" class=\"w-full lazyload lazyload--opacity object-contain\" style=\"aspect-ratio:60 \/ 100;opacity:1\" alt=\"Tour de France : \u00e9tape 11\" width=\"768\" height=\"1286\" fetchpriority=\"auto\" src=\"https:\/\/www.europesays.com\/fr\/wp-content\/uploads\/2025\/04\/1743819792_235_S5VKD3X55FFF3BW6V4SEHXNP7I.png\"  data- data-optimumx=\"1\"\/>Tour de France : \u00e9tape 11 \u00a9IPM GraphicsLa fiche technique de la onzi\u00e8me \u00e9tape<\/p>\n<ul class=\"ap-StoryLinkElement list-disc ap-StoryElement ap-StoryElement--mb\">\n<li class=\"ap-StoryLinkElement-item\"><b>D\u00e9part fictif <\/b>\u00e0 13h15.<\/li>\n<li class=\"ap-StoryLinkElement-item\"><b>D\u00e9part r\u00e9el <\/b>\u00e0 13h45.<\/li>\n<li class=\"ap-StoryLinkElement-item\"><b>Arriv\u00e9e pr\u00e9vue<\/b> entre 17h05 et 17h24.<\/li>\n<\/ul>\n<p>L&rsquo;itin\u00e9raire horaire de la onzi\u00e8me \u00e9tape du Tour de France 2025 (km\/lieu (difficult\u00e9)\/horaire)<\/p>\n<p class=\"ap-StoryElement ap-StoryElement--mb ap-StoryText\"><b>Haute-Garonne (31)<\/b><\/p>\n<p class=\"ap-StoryElement ap-StoryElement--mb ap-StoryText\">0 km \u2192 Toulouse \u2192 13h45<\/p>\n<p class=\"ap-StoryElement ap-StoryElement--mb ap-StoryText\">8 km \u2192 Pedauco \u2192 13h56<\/p>\n<p class=\"ap-StoryElement ap-StoryElement--mb ap-StoryText\">15,4 km \u2192 Grenade \u2192 14h05<\/p>\n<p class=\"ap-StoryElement ap-StoryElement--mb ap-StoryText\">25,9 km \u2192 C\u00f4te de Castelnau-d&rsquo;Estr\u00e9tefonds (4e cat.) \u2192 14h20<\/p>\n<p class=\"ap-StoryElement ap-StoryElement--mb ap-StoryText\">34,6 km \u2192 Villaudric \u2192 14h31<\/p>\n<p class=\"ap-StoryElement ap-StoryElement--mb ap-StoryText\">41,7 km \u2192 Croustets \u2192 14h41<\/p>\n<p class=\"ap-StoryElement ap-StoryElement--mb ap-StoryText\">47,9 km \u2192 Labastide-Saint-Sernin \u2192 14h49<\/p>\n<p class=\"ap-StoryElement ap-StoryElement--mb ap-StoryText\">57,7 km \u2192 Montvert \u2192 15h02<\/p>\n<p class=\"ap-StoryElement ap-StoryElement--mb ap-StoryText\">67,5 km \u2192 Lavalette \u2192 15h15<\/p>\n<p class=\"ap-StoryElement ap-StoryElement--mb ap-StoryText\">75,8 km \u2192 Hameau du Pujolet \u2192 15h26<\/p>\n<p class=\"ap-StoryElement ap-StoryElement--mb ap-StoryText\">80,8 km \u2192 Lanta \u2192 15h33<\/p>\n<p class=\"ap-StoryElement ap-StoryElement--mb ap-StoryText\">88,8 km \u2192 Pr\u00e9serville \u2192 15h43<\/p>\n<p class=\"ap-StoryElement ap-StoryElement--mb ap-StoryText\">97,3 km \u2192 Labastide-Beauvoir (Sprint) \u2192 15h55<\/p>\n<p class=\"ap-StoryElement ap-StoryElement--mb ap-StoryText\">103 km \u2192 Bazi\u00e8ge \u2192 16h02<\/p>\n<p class=\"ap-StoryElement ap-StoryElement--mb ap-StoryText\">111,6 km \u2192 C\u00f4te de Montgiscard (4e cat.) \u2192 16h14<\/p>\n<p class=\"ap-StoryElement ap-StoryElement--mb ap-StoryText\">117 km \u2192 C\u00f4te de Corronsac (4e cat.) \u2192 16h21<\/p>\n<p class=\"ap-StoryElement ap-StoryElement--mb ap-StoryText\">123,8 km \u2192 Mervilla \u2192 16h30<\/p>\n<p class=\"ap-StoryElement ap-StoryElement--mb ap-StoryText\">129,2 km \u2192 Rebigue \u2192 16h37<\/p>\n<p class=\"ap-StoryElement ap-StoryElement--mb ap-StoryText\">134,8 km \u2192 Vigoulet-Auzil \u2192 16h45<\/p>\n<p class=\"ap-StoryElement ap-StoryElement--mb ap-StoryText\">142,5 km \u2192 C\u00f4te de Vieille-Toulouse (4e cat.) \u2192 16h55<\/p>\n<p class=\"ap-StoryElement ap-StoryElement--mb ap-StoryText\">148 km \u2192 C\u00f4te de Pech David (3e cat.) \u2192 17h02<\/p>\n<p class=\"ap-StoryElement ap-StoryElement--mb ap-StoryText\">156,8 km \u2192 Toulouse (arriv\u00e9e) \u2192 17h14<\/p>\n<p class=\"ap-StoryElement ap-StoryElement--mb ap-StoryText\">Moyenne : 45 Km\/H<\/p>\n<p><a href=\"https:\/\/www.dhnet.be\/sports\/cyclisme\/tour-de-france\/2024\/03\/11\/quel-est-le-parcours-detaille-et-les-etapes-du-tour-de-france-2024-EQ4APTCPRJF6DMUFFOK4FAEEHA\/\" target=\"_blank\" rel=\"noopener noreferrer nofollow\" class=\"ap-StoryInterstitialLink ap-StoryElement ap-StoryElement--mb\">Tout savoir sur le Tour de France 2025: voici le parcours d\u00e9taill\u00e9 et les \u00e9tapes de la 112e \u00e9dition<\/a><\/p>\n","protected":false},"excerpt":{"rendered":"L&rsquo;avis de C\u00e9dric Vasseur, manager g\u00e9n\u00e9ral de l&rsquo;\u00e9quipe Cofidis \u00ab\u00a0Au lendemain d&rsquo;une journ\u00e9e de repos, qui aura fait&hellip;\n","protected":false},"author":2,"featured_media":251051,"comment_status":"","ping_status":"","sticky":false,"template":"","format":"standard","meta":{"footnotes":""},"categories":[1411],"tags":[1154,207,1011,27,60,210],"class_list":{"0":"post-251050","1":"post","2":"type-post","3":"status-publish","4":"format-standard","5":"has-post-thumbnail","7":"category-cyclisme","8":"tag-cycling","9":"tag-cyclisme","10":"tag-fr","11":"tag-france","12":"tag-sports","13":"tag-tour-de-france"},"share_on_mastodon":{"url":"https:\/\/pubeurope.com\/@fr\/114862408574440384","error":""},"_links":{"self":[{"href":"https:\/\/www.europesays.com\/fr\/wp-json\/wp\/v2\/posts\/251050","targetHints":{"allow":["GET"]}}],"collection":[{"href":"https:\/\/www.europesays.com\/fr\/wp-json\/wp\/v2\/posts"}],"about":[{"href":"https:\/\/www.europesays.com\/fr\/wp-json\/wp\/v2\/types\/post"}],"author":[{"embeddable":true,"href":"https:\/\/www.europesays.com\/fr\/wp-json\/wp\/v2\/users\/2"}],"replies":[{"embeddable":true,"href":"https:\/\/www.europesays.com\/fr\/wp-json\/wp\/v2\/comments?post=251050"}],"version-history":[{"count":0,"href":"https:\/\/www.europesays.com\/fr\/wp-json\/wp\/v2\/posts\/251050\/revisions"}],"wp:featuredmedia":[{"embeddable":true,"href":"https:\/\/www.europesays.com\/fr\/wp-json\/wp\/v2\/media\/251051"}],"wp:attachment":[{"href":"https:\/\/www.europesays.com\/fr\/wp-json\/wp\/v2\/media?parent=251050"}],"wp:term":[{"taxonomy":"category","embeddable":true,"href":"https:\/\/www.europesays.com\/fr\/wp-json\/wp\/v2\/categories?post=251050"},{"taxonomy":"post_tag","embeddable":true,"href":"https:\/\/www.europesays.com\/fr\/wp-json\/wp\/v2\/tags?post=251050"}],"curies":[{"name":"wp","href":"https:\/\/api.w.org\/{rel}","templated":true}]}}