{"id":251056,"date":"2025-07-16T10:22:09","date_gmt":"2025-07-16T10:22:09","guid":{"rendered":"https:\/\/www.europesays.com\/fr\/251056\/"},"modified":"2025-07-16T10:22:09","modified_gmt":"2025-07-16T10:22:09","slug":"une-architecte-mondialement-connue-construit-une-drole-de-structure-sur-le-littoral-du-cotentin","status":"publish","type":"post","link":"https:\/\/www.europesays.com\/fr\/251056\/","title":{"rendered":"Une architecte mondialement connue construit une dr\u00f4le de structure sur le littoral du Cotentin"},"content":{"rendered":"<p>            Par<br \/>\n        <strong><br \/>\n            <a href=\"https:\/\/actu.fr\/auteur\/redaction-pressemanche\" title=\"Consulter tous les articles de R\u00e9daction La Presse de la Manche\" target=\"_blank\" rel=\"noopener\">R\u00e9daction La Presse de la Manche<\/a><br \/>\n        <\/strong><\/p>\n<p>        Publi\u00e9 le<\/p>\n<p>            16 juil. 2025 \u00e0 9h52        <\/p>\n<p>Le <b>vendredi 11\u00a0juillet 2025<\/b> sous <b>un ciel bleu<\/b> face \u00e0 la <b>mer<\/b>, le <b>double belv\u00e9d\u00e8re<\/b> a \u00e9t\u00e9 inaugur\u00e9 \u00e0<a href=\"https:\/\/actu.fr\/normandie\/barneville-carteret_50031\" target=\"_blank\" rel=\"noopener\"> Barneville-Carteret <\/a>(Manche).<\/p>\n<p class=\" wall-content\">Matali Crasset, une <b>top d\u00e9signer internationale<\/b>, a choisi Barneville-Carteret pour y <b>exposer cette structure<\/b> en <b>palettes de bois <\/b>afin de <b>cr\u00e9er une unit\u00e9 de lieu <\/b>sur le <b>littoral <\/b>pour se poser.<\/p>\n<p>L\u2019origine du double belv\u00e9d\u00e8re racont\u00e9e<\/p>\n<p class=\" wall-content\">On d\u00e9couvre deux belv\u00e9d\u00e8res avec des <b>brise-vent <\/b>ou\/et <b>brise-soleil,<\/b> suivant le <b>temps <\/b>sur le cap. La <b>particularit\u00e9 <\/b>de ce double belv\u00e9d\u00e8re est qu\u2019il peut \u00eatre vu du <b>chemin des Douaniers.<\/b><\/p>\n<p class=\" wall-content\">Il s\u2019agit une <b>structure bienveillante <\/b>avec \u00ab\u2009deux yeux\u2009\u00bb. Ces palettes sont <b>viss\u00e9es et d\u00e9montables<\/b>. Nadine Gandy habite Carteret depuis une trentaine d\u2019ann\u00e9es. Elle se demandait ce qui pouvait \u00eatre fait sur ce <b>site magnifique<\/b> qu\u2019est le cap.<\/p>\n<blockquote class=\"ac-article-quote wall-content\">\n<p>J\u2019avais un r\u00eave et la mairie l\u2019a r\u00e9alis\u00e9.<\/p>\n<p>Nadine Gandy lors de l\u2019inauguration<\/p><\/blockquote>\n<p class=\" wall-content\">Et au maire David Legouet de retracer\u2009: \u00ab\u2009L\u2019histoire a d\u00e9marr\u00e9 il y a un an lorsque <b>les travaux<\/b> de Matali Crasset nous ont \u00e9t\u00e9 pr\u00e9sent\u00e9s. Nous n\u2019en revenions pas que cette <b>architecte mondialement connue<\/b> choisisse notre commune pour y installer ce double belv\u00e9d\u00e8re.\u2009\u00bb<\/p>\n<p>Vid\u00e9os : en ce moment sur Actu<\/p>\n<p class=\" wall-content\">L\u2019artiste, de son c\u00f4t\u00e9, a tenu \u00e0 remercier \u00ab\u2009les <b>arbres <\/b>qui ont donn\u00e9<b> leur \u00e9nergie<\/b> et qui finissent en palettes\u2009\u00bb. \u00ab\u2009Je suis <b>fi\u00e8re <\/b>de leur avoir donn\u00e9 une <b>seconde vie<\/b>, de <b>retrouver une connexion<\/b> et leur <b>rendre hommage<\/b>. Vous avez un site exceptionnel. C\u2019\u00e9tait une pression de venir m\u2019implanter ici, de cr\u00e9er ce double belv\u00e9d\u00e8re avec ses brise-vent et ses brise-soleil. La vie va s\u2019y inscrire tout naturellement. Une \u00e9chelle permettra <b>d\u2019escalader <\/b>les palettes. Cela peut \u00eatre un lieu de <b>partage d\u2019ap\u00e9ritifs\u2009<\/b>!\u2009\u00bb<\/p>\n<p class=\" wall-content\">Matali Crasset a remerci\u00e9 Laure Leblond et les<b> services techniques<\/b> pour <b>leur aide<\/b> \u00e0 la <b>construction<\/b>. C\u2019est autour d\u2019un <b>vin d\u2019honneur <\/b>pr\u00e9par\u00e9 par le centre Eug\u00e8ne-Godey, face au double belv\u00e9d\u00e8re et aux \u00eeles anglo-normandes, que les \u00e9changes se sont poursuivis.<\/p>\n<p class=\" wall-content\">Le double belv\u00e9d\u00e8re changera de place plus tard et sera install\u00e9 <b>dans les jardins<\/b> de la<b> salle du parc<\/b> \u00e0 Carteret.<\/p>\n<p class=\" wall-content\"><b>De notre correspondante Chantal LECLERC<\/b><\/p>\n<p class=\" wall-content\">Suivez toute l\u2019actualit\u00e9 de vos villes et m\u00e9dias favoris en vous inscrivant \u00e0 <a href=\"https:\/\/moncompte.actu.fr\" title=\"D\u00e9couvez Mon Actu\" rel=\"nofollow noopener\" data-trk=\"{&quot;cta&quot;:{&quot;action&quot;:&quot;https:\\\/\\\/moncompte.actu.fr&quot;,&quot;category&quot;:&quot;mon compte&quot;,&quot;from&quot;:&quot;article footer&quot;,&quot;name&quot;:&quot;Mon actu&quot;,&quot;type&quot;:&quot;cta&quot;}}\" target=\"_blank\">Mon Actu<\/a>.<\/p>\n","protected":false},"excerpt":{"rendered":"Par R\u00e9daction La Presse de la Manche Publi\u00e9 le 16 juil. 2025 \u00e0 9h52 Le vendredi 11\u00a0juillet 2025&hellip;\n","protected":false},"author":2,"featured_media":251057,"comment_status":"","ping_status":"","sticky":false,"template":"","format":"standard","meta":{"footnotes":""},"categories":[1358],"tags":[1348,1384,1385,7552,3168,1386,58,59,1011,27,1652,602],"class_list":{"0":"post-251056","1":"post","2":"type-post","3":"status-publish","4":"format-standard","5":"has-post-thumbnail","7":"category-arts-et-design","8":"tag-arts","9":"tag-arts-and-design","10":"tag-arts-et-design","11":"tag-balade","12":"tag-cotentin","13":"tag-design","14":"tag-divertissement","15":"tag-entertainment","16":"tag-fr","17":"tag-france","18":"tag-loisirs-culture","19":"tag-tourisme"},"share_on_mastodon":{"url":"https:\/\/pubeurope.com\/@fr\/114862420297531851","error":""},"_links":{"self":[{"href":"https:\/\/www.europesays.com\/fr\/wp-json\/wp\/v2\/posts\/251056","targetHints":{"allow":["GET"]}}],"collection":[{"href":"https:\/\/www.europesays.com\/fr\/wp-json\/wp\/v2\/posts"}],"about":[{"href":"https:\/\/www.europesays.com\/fr\/wp-json\/wp\/v2\/types\/post"}],"author":[{"embeddable":true,"href":"https:\/\/www.europesays.com\/fr\/wp-json\/wp\/v2\/users\/2"}],"replies":[{"embeddable":true,"href":"https:\/\/www.europesays.com\/fr\/wp-json\/wp\/v2\/comments?post=251056"}],"version-history":[{"count":0,"href":"https:\/\/www.europesays.com\/fr\/wp-json\/wp\/v2\/posts\/251056\/revisions"}],"wp:featuredmedia":[{"embeddable":true,"href":"https:\/\/www.europesays.com\/fr\/wp-json\/wp\/v2\/media\/251057"}],"wp:attachment":[{"href":"https:\/\/www.europesays.com\/fr\/wp-json\/wp\/v2\/media?parent=251056"}],"wp:term":[{"taxonomy":"category","embeddable":true,"href":"https:\/\/www.europesays.com\/fr\/wp-json\/wp\/v2\/categories?post=251056"},{"taxonomy":"post_tag","embeddable":true,"href":"https:\/\/www.europesays.com\/fr\/wp-json\/wp\/v2\/tags?post=251056"}],"curies":[{"name":"wp","href":"https:\/\/api.w.org\/{rel}","templated":true}]}}