{"id":251060,"date":"2025-07-16T10:24:10","date_gmt":"2025-07-16T10:24:10","guid":{"rendered":"https:\/\/www.europesays.com\/fr\/251060\/"},"modified":"2025-07-16T10:24:10","modified_gmt":"2025-07-16T10:24:10","slug":"la-france-a-un-incroyable-talent-a-tout-change-assure-lillusionniste-mathieu-stepson","status":"publish","type":"post","link":"https:\/\/www.europesays.com\/fr\/251060\/","title":{"rendered":"\u00ab\u00a0\u00a0\u00bbLa France a un incroyable talent\u00a0\u00bb a tout chang\u00e9\u00a0\u00bb, assure l\u2019illusionniste Mathieu Stepson"},"content":{"rendered":"<p>Un coup de baguette magique sur Mathieu Stepson. Vainqueur de la saison 19 de \u00ab\u00a0La France a un incroyable talent\u00a0\u00bb sur <a href=\"https:\/\/www.20minutes.fr\/dossier\/m6\" class=\"color-ultramarine c-link\" target=\"_blank\" rel=\"noopener\">M6<\/a>, le jeune homme est actuellement sur sc\u00e8ne, au Festival Off d\u2019<a href=\"https:\/\/www.20minutes.fr\/dossier\/avignon\" class=\"color-ultramarine c-link\" target=\"_blank\" rel=\"noopener\">Avignon<\/a>, avant de multiplier les dates, notamment au Palais des glaces (25, 26\u00a0octobre et 22\u00a0novembre 2025) et \u00e0 La Cigale (25\u00a0avril 2026).<\/p>\n<p>Celui qui allie depuis des ann\u00e9es l\u2019illusion, la fiction et le mentalisme revient sur son parcours chaotique, son style et ses envies. Et \u00e7a vaut le d\u00e9tour.<\/p>\n<p>Comment avez-vous appr\u00e9hend\u00e9 ce festival d\u2019Avignon\u00a0?<\/p>\n<p>J\u2019avais d\u00e9j\u00e0 fait le festival il y a deux ans. C\u2019est un gros avantage, car je sais o\u00f9 je mets les pieds et j\u2019ai toute une \u00e9quipe qui m\u2019entoure. Aussi, j\u2019ai moins eu besoin de distribuer de flyers sous le soleil qu\u2019il y a deux ans, car la billetterie affiche quasi complet (rires).<\/p>\n<p>Votre spectacle commence avec un dr\u00f4le de r\u00eave\u2026<\/p>\n<p>Tout commence lorsque je me r\u00e9veille dans ma loge l\u2019apr\u00e8s-midi, avec l\u2019impression d\u2019avoir fait un r\u00eave de \u00ab\u00a0ouf\u00a0\u00bb, qui me para\u00eet tellement vrai. Le r\u00eave, c\u2019est le spectacle du soir et j\u2019ai la sensation de me souvenir de tout, de comment les gens s\u2019appellent, des choix qu\u2019ils ont fait, de ce que je leur ai demand\u00e9\u2026 Je d\u00e9cide de noter ces souvenirs sur un journal. Puis, j\u2019arrive avec sur sc\u00e8ne, et tout commence.<\/p>\n<p>\u00cates-vous plut\u00f4t mentaliste, illusionniste ou magicien\u00a0?<\/p>\n<p>Illusionniste. Je trouve qu\u2019il met davantage en avant le travail de l\u2019ombre, car mon travail est de \u00ab\u00a0donner l\u2019illusion que\u00a0\u00bb. La magie, ce ne sont pas que les bo\u00eetes, les assistants et le lapin dans le chapeau. Il n\u2019y a pas ces \u00e9l\u00e9ments dans mon spectacle.<\/p>\n<p>Sans bo\u00eete ni lapin, les enfants se retrouvent-ils dans votre show\u00a0?<\/p>\n<p>J\u2019\u00e9tais assez sceptique lorsque j\u2019ai commenc\u00e9 \u00e0 jouer mon spectacle. Je me disais que les enfants n\u2019allaient pas forc\u00e9ment suivre\u2026 Et j\u2019ai \u00e9t\u00e9 surpris de voir des 8-10 ans venir \u00e0 ma rencontre apr\u00e8s le show, m\u2019assurant qu\u2019ils avaient ador\u00e9. Je pense que pour les 5-6 ans, m\u00eame pour d\u2019autres spectacles de magie, c\u2019est encore trop jeune.<\/p>\n<p>Replongeons dans votre enfance. D\u2019o\u00f9 vous vient ce go\u00fbt pour l\u2019univers de la magie\u00a0?<\/p>\n<p>Comme plein de gamins, cette passion est n\u00e9e avec la fameuse mallette de magie. Je l\u2019ai re\u00e7u vers mes 8 ans. J\u2019avais appris tous les tours de cette mallette.<\/p>\n<blockquote class=\"mx-m@xs mx-xxl@md color-ultramarine c-citation\">\n<p class=\"font-weight-regular@xs text-italic font-source-serif-pro text-l@xs c-citation__content\">\u00ab\u00a0David Copperfield a toujours \u00e9t\u00e9 en avance sur son temps. Il a apport\u00e9 une vraie modernit\u00e9 \u00e0 la magie.\u00a0\u00bb<\/p>\n<\/blockquote>\n<p>Vos r\u00e9f\u00e9rences dans la magie\u2026<\/p>\n<p>David Copperfield, forc\u00e9ment. Pour moi, il a toujours \u00e9t\u00e9 en avance sur son temps. Il a apport\u00e9 une vraie modernit\u00e9 \u00e0 la <a href=\"https:\/\/www.20minutes.fr\/dossier\/magie\" class=\"color-ultramarine c-link\" target=\"_blank\" rel=\"noopener\">magie<\/a>. Je l\u2019ai vu pour la premi\u00e8re fois \u00e0 <a href=\"https:\/\/www.20minutes.fr\/dossier\/las_vegas\" class=\"color-ultramarine c-link\" target=\"_blank\" rel=\"noopener\">Las Vegas<\/a> (Etats-Unis) l\u2019ann\u00e9e derni\u00e8re. C\u2019est un exemple de carri\u00e8re. Je pense aussi \u00e0 Xavier Mortimer, qui a une po\u00e9sie incroyable ou encore \u00e0 Eric Antoine, qui a apport\u00e9 de l\u2019<a href=\"https:\/\/www.20minutes.fr\/dossier\/humour\" class=\"color-ultramarine c-link\" target=\"_blank\" rel=\"noopener\">humour<\/a>.<\/p>\n<p>Vous avez connu un parcours assez incroyable avant d\u2019arriver \u00e0 vivre de votre art\u2026<\/p>\n<p>Depuis tout petit, je veux faire de la magie mon m\u00e9tier. Mais le discours des adultes \u00e9tait diff\u00e9rent. Ma m\u00e8re ne m\u2019a jamais frein\u00e9, elle voulait juste que je garde un \u00ab\u00a0vrai\u00a0\u00bb m\u00e9tier sous le coude. J\u2019ai commenc\u00e9 dans une cr\u00eaperie. Je voulais alors \u00eatre cr\u00eapier ou magicien. J\u2019ai trouv\u00e9 un CFA en <a href=\"https:\/\/www.20minutes.fr\/dossier\/bretagne\" class=\"color-ultramarine c-link\" target=\"_blank\" rel=\"noopener\">Bretagne<\/a> qui propose un dipl\u00f4me sp\u00e9cialis\u00e9 en cr\u00eaperie. Je suis parti faire \u00e7a. Il n\u2019y a pas une recette pour vivre de la magie.<\/p>\n<p>Comment avez-vous r\u00e9ussi \u00e0 trouver la recette pour percer dans la magie\u00a0?<\/p>\n<p>Apr\u00e8s six ans de restauration, je commen\u00e7ais \u00e0 \u00eatre dans une routine. J\u2019ai pris la direction de Paris. J\u2019ai d\u2019abord fait de la <a href=\"https:\/\/www.20minutes.fr\/dossier\/magie\" class=\"color-ultramarine c-link\" target=\"_blank\" rel=\"noopener\">magie<\/a> de proximit\u00e9. J\u2019ai cibl\u00e9 de grands \u00e9tablissements en envoyant une centaine de cartons que j\u2019avais fait faire. Je n\u2019ai eu aucun retour. Puis, j\u2019ai d\u00e9pos\u00e9 un <a href=\"https:\/\/www.20minutes.fr\/dossier\/cv\" class=\"color-ultramarine c-link\" target=\"_blank\" rel=\"noopener\">CV<\/a> dans un bistrot des <a href=\"https:\/\/www.20minutes.fr\/paris\/champs-elysees\/\" class=\"color-ultramarine c-link\" target=\"_blank\" rel=\"noopener\">Champs-Elys\u00e9es<\/a>, pour \u00eatre barman.<\/p>\n<p>Dans la partie \u00ab\u00a0loisirs\u00a0\u00bb de mon CV, j\u2019avais not\u00e9 \u00ab\u00a0magie\u00a0\u00bb. Les responsables m\u2019ont dit qu\u2019ils organisaient, chaque mardi, des soir\u00e9es magie et que le magicien avec lequel ils travaillaient avait arr\u00eat\u00e9. J\u2019ai \u00e9t\u00e9 pris et j\u2019ai commenc\u00e9 \u00e0 me faire conna\u00eetre. Deux ans plus tard, l\u2019\u00e9tablissement a ferm\u00e9 et je suis parti \u00e0 Courchevel, pour y faire de la magie. J\u2019\u00e9tais pay\u00e9 aux pourboires. Je faisais pareil \u00e0 Saint-Tropez l\u2019\u00e9t\u00e9. Cela a dur\u00e9 huit ans\u2026 Ce fut une tr\u00e8s bonne \u00e9cole.<\/p>\n<p>Puis arrive votre premier passage dans \u00ab\u00a0La France a un incroyable talent\u00a0\u00bb, sur M6\u2026<\/p>\n<p>Apr\u00e8s huit ans, j\u2019avais des envies de sc\u00e8ne. J\u2019ai cherch\u00e9 une bonne id\u00e9e de num\u00e9ro. En\u00a02017, je me suis inscrit \u00e0 \u00ab\u00a0<a href=\"https:\/\/www.20minutes.fr\/dossier\/la_france_a_un_incroyable_talent\" class=\"color-ultramarine c-link\" target=\"_blank\" rel=\"noopener\">La France a un incroyable talent<\/a>\u00a0\u00bb. J\u2019ai termin\u00e9 demi-finaliste. \u00c7a a \u00e9t\u00e9 un super tremplin. C\u2019est une \u00e9mission qui donne de la cr\u00e9dibilit\u00e9. En\u00a02018, je commence \u00e0 \u00e9crire mon spectacle, puis je fais deux primes de \u00ab\u00a0Diversion\u00a0\u00bb, avec <a href=\"https:\/\/www.20minutes.fr\/dossier\/arthur\" class=\"color-ultramarine c-link\" target=\"_blank\" rel=\"noopener\">Arthur<\/a>, sur <a href=\"https:\/\/www.20minutes.fr\/dossier\/tf1\" class=\"color-ultramarine c-link\" target=\"_blank\" rel=\"noopener\">TF1<\/a>. Mais je n\u2019arrivais pas \u00e0 trouver de producteur, d\u2019agent. J\u2019ai mont\u00e9 une soci\u00e9t\u00e9 pour m\u2019autoproduire.<\/p>\n<p>\u2026 puis un deuxi\u00e8me, qui a chang\u00e9 votre vie<\/p>\n<p>Avec cette id\u00e9e de spectacle, je participe une nouvelle fois \u00e0 \u00ab\u00a0La France \u00e0 un incroyable talent\u00a0\u00bb. Je suis alors \u00e0 dix mille lieux de penser que j\u2019allais gagner. Ce n\u2019\u00e9tait pas le projet. La victoire dans l\u2019\u00e9mission a tout chang\u00e9. J\u2019ai eu plein d\u2019appels de producteurs, j\u2019ai m\u00eame pu choisir.<\/p>\n<\/p>\n<p>Avez-vous fait \u00e9voluer votre style\u00a0?<\/p>\n<p>Mon style s\u2019est affirm\u00e9. Je vois des choses qui me plaisent en magie, mais \u00e7a ne rentre pas dans mon style. Ce n\u2019est pas facile de tenir une ligne. J\u2019ai toujours un stress de fou. Je d\u00e9teste le quart d\u2019heure avant que le show commence. Puis, c\u2019est parti.<\/p>\n<p>La t\u00e9l\u00e9 comme Eric Antoine, \u00e7a vous tente\u00a0?<\/p>\n<p>Dans dix ou quinze ans, peut-\u00eatre. Apr\u00e8s, du moment o\u00f9 \u00e7a tourne autour de la magie, je suis partant. Aujourd\u2019hui, il n\u2019y a que \u00ab\u00a0<a href=\"https:\/\/www.20minutes.fr\/dossier\/la_france_a_un_incroyable_talent\" class=\"color-ultramarine c-link\" target=\"_blank\" rel=\"noopener\">La France a un incroyable talent<\/a>\u00a0\u00bb pour voir de la <a href=\"https:\/\/www.20minutes.fr\/dossier\/magie\" class=\"color-ultramarine c-link\" target=\"_blank\" rel=\"noopener\">magie<\/a> \u00e0 la <a href=\"https:\/\/www.20minutes.fr\/arts-stars\/television\/\" class=\"color-ultramarine c-link\" target=\"_blank\" rel=\"noopener\">t\u00e9l\u00e9vision<\/a>\u2026<\/p>\n","protected":false},"excerpt":{"rendered":"Un coup de baguette magique sur Mathieu Stepson. Vainqueur de la saison 19 de \u00ab\u00a0La France a un&hellip;\n","protected":false},"author":2,"featured_media":251061,"comment_status":"","ping_status":"","sticky":false,"template":"","format":"standard","meta":{"footnotes":""},"categories":[1356],"tags":[14684,6184,58,59,16572,1011,27,5366,494,29658,883,882,3140,252,199,1364,4520],"class_list":{"0":"post-251060","1":"post","2":"type-post","3":"status-publish","4":"format-standard","5":"has-post-thumbnail","7":"category-television","8":"tag-arthur","9":"tag-avignon","10":"tag-divertissement","11":"tag-entertainment","12":"tag-festival-davignon","13":"tag-fr","14":"tag-france","15":"tag-la-france-a-un-incroyable-talent","16":"tag-m6","17":"tag-magie","18":"tag-paca","19":"tag-provence-alpes-cote-dazur","20":"tag-spectacle","21":"tag-television","22":"tag-tf1","23":"tag-tv","24":"tag-vaucluse"},"share_on_mastodon":{"url":"https:\/\/pubeurope.com\/@fr\/114862428285851248","error":""},"_links":{"self":[{"href":"https:\/\/www.europesays.com\/fr\/wp-json\/wp\/v2\/posts\/251060","targetHints":{"allow":["GET"]}}],"collection":[{"href":"https:\/\/www.europesays.com\/fr\/wp-json\/wp\/v2\/posts"}],"about":[{"href":"https:\/\/www.europesays.com\/fr\/wp-json\/wp\/v2\/types\/post"}],"author":[{"embeddable":true,"href":"https:\/\/www.europesays.com\/fr\/wp-json\/wp\/v2\/users\/2"}],"replies":[{"embeddable":true,"href":"https:\/\/www.europesays.com\/fr\/wp-json\/wp\/v2\/comments?post=251060"}],"version-history":[{"count":0,"href":"https:\/\/www.europesays.com\/fr\/wp-json\/wp\/v2\/posts\/251060\/revisions"}],"wp:featuredmedia":[{"embeddable":true,"href":"https:\/\/www.europesays.com\/fr\/wp-json\/wp\/v2\/media\/251061"}],"wp:attachment":[{"href":"https:\/\/www.europesays.com\/fr\/wp-json\/wp\/v2\/media?parent=251060"}],"wp:term":[{"taxonomy":"category","embeddable":true,"href":"https:\/\/www.europesays.com\/fr\/wp-json\/wp\/v2\/categories?post=251060"},{"taxonomy":"post_tag","embeddable":true,"href":"https:\/\/www.europesays.com\/fr\/wp-json\/wp\/v2\/tags?post=251060"}],"curies":[{"name":"wp","href":"https:\/\/api.w.org\/{rel}","templated":true}]}}