{"id":251071,"date":"2025-07-16T10:30:11","date_gmt":"2025-07-16T10:30:11","guid":{"rendered":"https:\/\/www.europesays.com\/fr\/251071\/"},"modified":"2025-07-16T10:30:11","modified_gmt":"2025-07-16T10:30:11","slug":"une-video-montre-a-quel-point-le-niveau-de-la-mer-a-augmente-depuis-1993","status":"publish","type":"post","link":"https:\/\/www.europesays.com\/fr\/251071\/","title":{"rendered":"Une vid\u00e9o montre \u00e0 quel point le niveau de la mer a augment\u00e9 depuis 1993"},"content":{"rendered":"<p><strong>L\u2019\u00e9l\u00e9vation du niveau de la mer est l\u2019une des<br \/>\ncons\u00e9quences les plus visibles et pr\u00e9occupantes du changement<br \/>\nclimatique. Pourtant, face \u00e0 la multitude de chiffres et de<br \/>\npr\u00e9dictions, il est parfois difficile de mesurer concr\u00e8tement<br \/>\nl\u2019ampleur de ce ph\u00e9nom\u00e8ne. C\u2019est l\u00e0 qu\u2019intervient une r\u00e9cente<br \/>\nvisualisation de la NASA, qui, gr\u00e2ce \u00e0 des donn\u00e9es satellites<br \/>\naccumul\u00e9es depuis pr\u00e8s de trois d\u00e9cennies, nous offre une<br \/>\nperspective claire et saisissante sur l\u2019\u00e9volution de nos<br \/>\noc\u00e9ans.<\/strong><\/p>\n<p><strong>Le changement du niveau de la mer \u00e0 partir de<br \/>\n1993<\/strong><\/p>\n<p style=\"text-align: left;\">Nous devons cette courte vid\u00e9o au<br \/>\nScientific Visualization Studio (SVS) de la NASA. Situ\u00e9e au Goddard<br \/>\nSpace Flight Center, aux \u00c9tats-Unis, cette unit\u00e9 sp\u00e9cialis\u00e9e<br \/>\ns\u2019appuie sur des techniques avanc\u00e9es de visualisation, de<br \/>\nmod\u00e9lisation et d\u2019animation de mani\u00e8re \u00e0 rendre des concepts<br \/>\nscientifiques complexes plus accessibles au grand public. Pour ce<br \/>\nfaire, le studio collabore avec des chercheurs de la NASA pour<br \/>\ninterpr\u00e9ter les donn\u00e9es recueillies par les satellites, les sondes<br \/>\nspatiales et autres instruments scientifiques.<\/p>\n<p style=\"text-align: left;\">Cette vid\u00e9o documente le changement du<br \/>\nniveau de la mer \u00e0 partir de 1993. C\u2019est en effet depuis cette<br \/>\np\u00e9riode que les satellites enregistrent de mani\u00e8re fiable le<br \/>\nchangement du niveau de la mer.<\/p>\n<p style=\"text-align: left;\">Entre le d\u00e9but des ann\u00e9es 90 et<br \/>\nl\u2019ann\u00e9e 2022, le niveau moyen mondial de la mer aurait ainsi<br \/>\naugment\u00e9 de 9,85 centim\u00e8tres. Cela pourrait para\u00eetre peu, mais la<br \/>\nNASA <a href=\"https:\/\/climate.nasa.gov\/vital-signs\/sea-level\/\" target=\"_blank\" rel=\"noopener nofollow\">affirme<\/a> que cette \u00e9l\u00e9vation est<br \/>\n\u00ab\u00a0sans pr\u00e9c\u00e9dent au cours des 2 500 derni\u00e8res ann\u00e9es et<br \/>\nplus\u00ab\u00a0.<\/p>\n<p>Origines de l\u2019\u00e9l\u00e9vation du niveau de<br \/>\nla mer<\/p>\n<p style=\"text-align: left;\">L\u2019origine de cette \u00e9l\u00e9vation n\u2019est<br \/>\nautre que le changement climatique d\u2019origine anthropique (li\u00e9 aux<br \/>\nactivit\u00e9s humaines)\u00a0qui agit de plusieurs mani\u00e8res. D\u2019une<br \/>\npart, nous savons que les calottes glaciaires qui perdent de la<br \/>\nglace en raison de l\u2019augmentation des temp\u00e9ratures. C\u2019est notamment<br \/>\nle cas en Antarctique, la plus grande calotte glaciaire du monde,<br \/>\no\u00f9 l\u2019essentiel de la fonte se produit au niveau de sa partie<br \/>\noccidentale. C\u2019est aussi le cas au Groenland qui abrite la deuxi\u00e8me<br \/>\nplus grande calotte glaciaire du monde.<\/p>\n<p style=\"text-align: left;\">D\u2019autre part, les glaciers des r\u00e9gions<br \/>\nmontagneuses du monde entier, tels que les Alpes, l\u2019Himalaya et les<br \/>\nAndes, perdent \u00e9galement de la glace. L\u00e0 encore, cette fonte<br \/>\ncontribue \u00e0 l\u2019\u00e9l\u00e9vation du niveau de la mer.<\/p>\n<p style=\"text-align: left;\">Enfin, une eau qui se r\u00e9chauffe se<br \/>\ndilate davantage et occupe un volume plus important.<\/p>\n<p>De multiples cons\u00e9quences<\/p>\n<p style=\"text-align: left;\">Il va sans dire qu\u2019une \u00e9l\u00e9vation du<br \/>\nniveau de la mer trop importante peut avoir de nombreuses<br \/>\ncons\u00e9quences n\u00e9fastes. Les r\u00e9gions c\u00f4ti\u00e8res et les zones basses<br \/>\ndeviennent en effet particuli\u00e8rement vuln\u00e9rables aux<br \/>\ninondations\u00a0qui peuvent endommager les infrastructures et les<br \/>\nhabitations. En cons\u00e9quence, les populations concern\u00e9es peuvent<br \/>\n\u00eatre contraintes de se d\u00e9placer, ce qui peut entra\u00eener des<br \/>\nperturbations sociales et \u00e9conomiques.<\/p>\n<p style=\"text-align: left;\">Naturellement, la perte des habitats<br \/>\nc\u00f4tiers tels que les marais, les <a href=\"https:\/\/sciencepost.fr\/lelevation-du-niveau-de-la-mer-pourrait-bientot-noyer-les-mangroves\/\" target=\"_blank\" rel=\"noopener nofollow\">mangroves<\/a> et les r\u00e9cifs est<br \/>\n\u00e9galement n\u00e9faste pour la biodiversit\u00e9.<\/p>\n<p style=\"text-align: left;\">L\u2019inondation des terres agricoles peut<br \/>\n\u00e9galement entra\u00eener la salinisation des sols et donc la diminution<br \/>\ndes rendements, ce qui a des r\u00e9percussions sur la s\u00e9curit\u00e9<br \/>\nalimentaire et l\u2019\u00e9conomie.<\/p>\n<p style=\"text-align: left;\">En mer, l\u2019augmentation du volume d\u2019eau<br \/>\ndans les oc\u00e9ans en raison de la fonte des glaces et de l\u2019expansion<br \/>\nthermique peut aussi modifier la distribution des masses d\u2019eau en<br \/>\nmodifiant les gradients de temp\u00e9rature et de salinit\u00e9 dans les<br \/>\noc\u00e9ans. Cela peut entra\u00eener des changements dans les<br \/>\ncourants\u00a0et donc sur la redistribution de la chaleur et des<br \/>\nnutriments \u00e0 travers les oc\u00e9ans.<\/p>\n<p>En conclusion, la visualisation propos\u00e9e par la NASA met en<br \/>\nlumi\u00e8re la r\u00e9alit\u00e9 tangible et pr\u00e9occupante de l\u2019\u00e9l\u00e9vation du<br \/>\nniveau de la mer, un ph\u00e9nom\u00e8ne aux cons\u00e9quences potentiellement<br \/>\nd\u00e9vastatrices pour notre plan\u00e8te. Les donn\u00e9es recueillies montrent<br \/>\nune augmentation notable depuis les ann\u00e9es 1990, principalement due<br \/>\naux effets du changement climatique induit par les activit\u00e9s<br \/>\nhumaines. La fonte des calottes glaciaires, des glaciers de<br \/>\nmontagne et la dilatation thermique des eaux oc\u00e9aniques sont les<br \/>\nprincipaux moteurs de cette \u00e9l\u00e9vation.<\/p>\n<p>Face \u00e0 cette menace, il est imp\u00e9ratif de prendre conscience des<br \/>\nrisques et de mettre en \u0153uvre des mesures d\u2019adaptation et de<br \/>\nmitigation. La protection des r\u00e9gions c\u00f4ti\u00e8res, la pr\u00e9servation des<br \/>\nhabitats naturels, et la r\u00e9duction des \u00e9missions de gaz \u00e0 effet de<br \/>\nserre sont autant de d\u00e9fis auxquels nous devons faire face<br \/>\ncollectivement. Les efforts de sensibilisation, comme ceux r\u00e9alis\u00e9s<br \/>\npar le Scientific Visualization Studio de la NASA, jouent un r\u00f4le<br \/>\ncrucial en rendant ces enjeux complexes plus accessibles et en<br \/>\nincitant \u00e0 l\u2019action. Nous avons d\u00e9sormais les informations et les<br \/>\noutils n\u00e9cessaires pour agir ; il ne nous reste plus qu\u2019\u00e0 les<br \/>\nutiliser de mani\u00e8re judicieuse pour prot\u00e9ger notre avenir et celui<br \/>\ndes g\u00e9n\u00e9rations \u00e0 venir.<\/p>\n","protected":false},"excerpt":{"rendered":"L\u2019\u00e9l\u00e9vation du niveau de la mer est l\u2019une des cons\u00e9quences les plus visibles et pr\u00e9occupantes du changement climatique.&hellip;\n","protected":false},"author":2,"featured_media":251072,"comment_status":"","ping_status":"","sticky":false,"template":"","format":"standard","meta":{"footnotes":""},"categories":[7],"tags":[1011,27,43,40,41,39,42,44],"class_list":{"0":"post-251071","1":"post","2":"type-post","3":"status-publish","4":"format-standard","5":"has-post-thumbnail","7":"category-sciences-et-technologies","8":"tag-fr","9":"tag-france","10":"tag-science","11":"tag-science-and-technology","12":"tag-sciences","13":"tag-sciences-et-technologies","14":"tag-technologies","15":"tag-technology"},"share_on_mastodon":{"url":"https:\/\/pubeurope.com\/@fr\/114862451788217960","error":""},"_links":{"self":[{"href":"https:\/\/www.europesays.com\/fr\/wp-json\/wp\/v2\/posts\/251071","targetHints":{"allow":["GET"]}}],"collection":[{"href":"https:\/\/www.europesays.com\/fr\/wp-json\/wp\/v2\/posts"}],"about":[{"href":"https:\/\/www.europesays.com\/fr\/wp-json\/wp\/v2\/types\/post"}],"author":[{"embeddable":true,"href":"https:\/\/www.europesays.com\/fr\/wp-json\/wp\/v2\/users\/2"}],"replies":[{"embeddable":true,"href":"https:\/\/www.europesays.com\/fr\/wp-json\/wp\/v2\/comments?post=251071"}],"version-history":[{"count":0,"href":"https:\/\/www.europesays.com\/fr\/wp-json\/wp\/v2\/posts\/251071\/revisions"}],"wp:featuredmedia":[{"embeddable":true,"href":"https:\/\/www.europesays.com\/fr\/wp-json\/wp\/v2\/media\/251072"}],"wp:attachment":[{"href":"https:\/\/www.europesays.com\/fr\/wp-json\/wp\/v2\/media?parent=251071"}],"wp:term":[{"taxonomy":"category","embeddable":true,"href":"https:\/\/www.europesays.com\/fr\/wp-json\/wp\/v2\/categories?post=251071"},{"taxonomy":"post_tag","embeddable":true,"href":"https:\/\/www.europesays.com\/fr\/wp-json\/wp\/v2\/tags?post=251071"}],"curies":[{"name":"wp","href":"https:\/\/api.w.org\/{rel}","templated":true}]}}