{"id":251073,"date":"2025-07-16T10:31:13","date_gmt":"2025-07-16T10:31:13","guid":{"rendered":"https:\/\/www.europesays.com\/fr\/251073\/"},"modified":"2025-07-16T10:31:13","modified_gmt":"2025-07-16T10:31:13","slug":"bayrou-annonce-900-millions-deuros-dinvestissements-en-capital-risque-16-07-2025-a-1055","status":"publish","type":"post","link":"https:\/\/www.europesays.com\/fr\/251073\/","title":{"rendered":"Bayrou annonce 900 millions d&rsquo;euros d&rsquo;investissements en capital-risque &#8211; 16\/07\/2025 \u00e0 10:55"},"content":{"rendered":"<p>\n Le Premier ministre Fran\u00e7ois Bayrou a annonc\u00e9 mardi, \u00e0 l&rsquo;occasion de son discours sur les grandes orientations du budget 2026, un investissement de 900 millions d&rsquo;euros \u00e0 destination<br \/>\n <a href=\"https:\/\/www.boursorama.com\/actualite-economique\/actualites\/contraction-brutale-des-levees-de-fonds-pour-les-start-up-francaises-au-premier-semestre-selon-une-etude-38fc6b82cdb03ffdec2b41f9f4549dbd\" title=\" Contraction brutale  des lev\u00e9es de fonds pour les start-up fran\u00e7aises au premier semestre, selon une \u00e9tude\" rel=\"nofollow noopener\" target=\"_blank\"><br \/>\n  des jeunes entreprises innovantes<br \/>\n <\/a><br \/>\n , au milieu de nombreuses pistes d&rsquo;\u00e9conomies.\n<\/p>\n<p>        <img fetchpriority=\"high\" decoding=\"async\" src=\"https:\/\/www.europesays.com\/fr\/wp-content\/uploads\/2025\/07\/a196908a1b22da8d6c99a45af95bc032-760x507.jpg\" alt=\"Le Premier ministre fran\u00e7ais Fran\u00e7ois Bayrou assiste \u00e0 un discours \u00e0 l'H\u00f4tel de Brienne \u00e0 Paris, le 13 juillet 2025 ( POOL \/ Ludovic MARIN )\" loading=\"eager\" width=\"760\" height=\"507\" style=\"max-width: 100%!important; height: auto;\"\/><\/p>\n<p class=\"c-image-news__legend\">Le Premier ministre fran\u00e7ais Fran\u00e7ois Bayrou assiste \u00e0 un discours \u00e0 l&rsquo;H\u00f4tel de Brienne \u00e0 Paris, le 13 juillet 2025 ( POOL \/ Ludovic MARIN )<\/p>\n<p>\n \u00ab\u00a0Nous consacrerons 900 millions d&rsquo;euros de financement en fonds propres suppl\u00e9mentaires \u00e0 l&rsquo;investissement dans les entreprises\u00a0\u00bb, a d\u00e9clar\u00e9 M. Bayrou, soulignant que le capital-risque \u00e9tait \u00ab\u00a0un outil puissant pour l&rsquo;innovation et la croissance des entreprises\u00a0\u00bb.\n<\/p>\n<p>\n Le capital-risque comprend les op\u00e9rations de prise de participation par des fonds priv\u00e9s ou publics dans de jeunes entreprises prometteuses, non cot\u00e9es en Bourse, dans l&rsquo;optique de favoriser leur d\u00e9veloppement et de r\u00e9aliser une plus-value cons\u00e9quente au moment de la revente de cette participation.\n<\/p>\n<p>\n Or le nombre de lev\u00e9es de fonds de start-up fran\u00e7aises a diminu\u00e9 de 60% au premier semestre 2025 sur un an, selon une \u00e9tude du cabinet In Extenso Innovation Croissance publi\u00e9e mardi, un signe inqui\u00e9tant pour la survie de nombre d&rsquo;entre elles. L&rsquo;\u00e9tude note \u00e9galement que la baisse du capital-risque est plus marqu\u00e9e en France qu&rsquo;en Europe.\n<\/p>\n<p>\n La banque publique Bpifrance est un des outils de financement public en fonds propres, notamment dans le capital-risque.<\/p>\n","protected":false},"excerpt":{"rendered":"Le Premier ministre Fran\u00e7ois Bayrou a annonc\u00e9 mardi, \u00e0 l&rsquo;occasion de son discours sur les grandes orientations du&hellip;\n","protected":false},"author":2,"featured_media":251074,"comment_status":"","ping_status":"","sticky":false,"template":"","format":"standard","meta":{"footnotes":""},"categories":[6],"tags":[400,398,408,35,405,33,34,1011,27,403,402,399,404,401,406,407],"class_list":{"0":"post-251073","1":"post","2":"type-post","3":"status-publish","4":"format-standard","5":"has-post-thumbnail","7":"category-economie","8":"tag-action-cac-40","9":"tag-bourse-de-paris","10":"tag-boursorama","11":"tag-business","12":"tag-cotations","13":"tag-economie","14":"tag-economy","15":"tag-fr","16":"tag-france","17":"tag-indices-devises","18":"tag-investir","19":"tag-investissement","20":"tag-marche-boursier","21":"tag-sicav","22":"tag-trackers","23":"tag-warrants"},"share_on_mastodon":{"url":"https:\/\/pubeurope.com\/@fr\/114862455839069817","error":""},"_links":{"self":[{"href":"https:\/\/www.europesays.com\/fr\/wp-json\/wp\/v2\/posts\/251073","targetHints":{"allow":["GET"]}}],"collection":[{"href":"https:\/\/www.europesays.com\/fr\/wp-json\/wp\/v2\/posts"}],"about":[{"href":"https:\/\/www.europesays.com\/fr\/wp-json\/wp\/v2\/types\/post"}],"author":[{"embeddable":true,"href":"https:\/\/www.europesays.com\/fr\/wp-json\/wp\/v2\/users\/2"}],"replies":[{"embeddable":true,"href":"https:\/\/www.europesays.com\/fr\/wp-json\/wp\/v2\/comments?post=251073"}],"version-history":[{"count":0,"href":"https:\/\/www.europesays.com\/fr\/wp-json\/wp\/v2\/posts\/251073\/revisions"}],"wp:featuredmedia":[{"embeddable":true,"href":"https:\/\/www.europesays.com\/fr\/wp-json\/wp\/v2\/media\/251074"}],"wp:attachment":[{"href":"https:\/\/www.europesays.com\/fr\/wp-json\/wp\/v2\/media?parent=251073"}],"wp:term":[{"taxonomy":"category","embeddable":true,"href":"https:\/\/www.europesays.com\/fr\/wp-json\/wp\/v2\/categories?post=251073"},{"taxonomy":"post_tag","embeddable":true,"href":"https:\/\/www.europesays.com\/fr\/wp-json\/wp\/v2\/tags?post=251073"}],"curies":[{"name":"wp","href":"https:\/\/api.w.org\/{rel}","templated":true}]}}