{"id":251078,"date":"2025-07-16T10:34:10","date_gmt":"2025-07-16T10:34:10","guid":{"rendered":"https:\/\/www.europesays.com\/fr\/251078\/"},"modified":"2025-07-16T10:34:10","modified_gmt":"2025-07-16T10:34:10","slug":"les-syndicats-vent-debout-contre-le-plan-deconomies-de-francois-bayrou-la-cgt-appelle-a-la-mobilisation","status":"publish","type":"post","link":"https:\/\/www.europesays.com\/fr\/251078\/","title":{"rendered":"Les syndicats vent debout contre le plan d\u2019\u00e9conomies de Fran\u00e7ois Bayrou, la CGT appelle \u00e0 la \u00abmobilisation\u00bb"},"content":{"rendered":"<p>Apr\u00e8s la pr\u00e9sentation des orientations budg\u00e9taires du premier ministre mardi, la num\u00e9ro un de la CGT Sophie Binet pointe du doigt des \u00abr\u00e9gressions sociales\u00bb, quand la CFTC juge que \u00ables efforts ne sont pas partag\u00e9s et \u00e9quitables\u00bb.<\/p>\n<p class=\"fig-paragraph\">Vers des manifestations contre le plan de redressement des finances publiques de Fran\u00e7ois Bayrou\u00a0? Invit\u00e9e sur RTL, ce mercredi 16 juillet, la secr\u00e9taire g\u00e9n\u00e9rale de la CGT Sophie Binet a appel\u00e9 \u00e0 la \u00abmobilisation\u00bb apr\u00e8s\u00a0<a href=\"http:\/\/www.lefigaro.fr\/conjoncture\/impots-retraites-annee-blanche-jours-feries-ce-qu-il-faut-retenir-des-annonces-de-francois-bayrou-sur-le-budget-2026-20250715\" target=\"_blank\" data-fig-type=\"NewsFlash\" rel=\"noopener nofollow\" data-gtm-custom-categorie=\"navigation\" data-gtm-custom-action=\"crossclick\" data-gtm-custom-label=\"Contextuel\" data-gtm-event=\"customEventSPE\" data-fig-domain=\"LEFIGARO\">les annonces budg\u00e9taires du premier ministre<\/a>\u00a0mardi. \u00abLa CGT va tout faire pour emp\u00eacher ces r\u00e9gressions sociales, pour emp\u00eacher qu\u2019elles rentrent en vigueur\u00bb, a promis Sophie Binet. \u00abNous d\u00e9battrons avec les autres organisations syndicales de la fa\u00e7on d\u2019arriver \u00e0 mettre en \u00e9chec le gouvernement\u00bb, a-t-elle d\u00e9clar\u00e9, appelant \u00abl\u2019ensemble des travailleurs et des travailleuses qui sont choqu\u00e9s par ces annonces\u00bb \u00e0 se mobiliser d\u00e8s la rentr\u00e9e.<\/p>\n<p class=\"fig-paragraph\">D\u00e9j\u00e0, dans un communiqu\u00e9 publi\u00e9 mardi soir, la centrale de Montreuil fustigeait \u00abune ann\u00e9e noire pour le monde du travail et de nouveaux cadeaux pour les entreprises\u00bb, et un plan d\u2019\u00e9conomies en forme de \u00abd\u00e9claration de guerre aux droits des travailleuses et des travailleurs\u00bb. Le syndicat s\u2019oppose notamment \u00e0 la suppression de deux jours f\u00e9ri\u00e9s, \u00e0\u00a0<a href=\"http:\/\/www.lefigaro.fr\/conjoncture\/retraites-allocations-impot-sur-le-revenu-comment-l-annee-blanche-pourrait-generer-des-milliards-d-economies-20250604\" target=\"_blank\" data-fig-type=\"Article\" rel=\"noopener nofollow\" data-gtm-custom-categorie=\"navigation\" data-gtm-custom-action=\"crossclick\" data-gtm-custom-label=\"Contextuel\" data-gtm-event=\"customEventSPE\" data-fig-domain=\"LEFIGARO\">l\u2019\u00abann\u00e9e blanche\u00bb<\/a> \u00a0ou encore au d\u00e9remboursement de certains m\u00e9dicaments.<\/p>\n<p>                                    <a class=\"fig-a11y-skip a11y-hidden\" href=\"#fig-a11y-skip-main-inarticle\"><br \/>\n        Passer la publicit\u00e9<br \/>\n    <\/a><\/p>\n<p>Vers \u00abune riposte \u00e0 la hauteur des attaques\u00bb<\/p>\n<p class=\"fig-paragraph\">\u00abPour FO, la rigueur et l\u2019aust\u00e9rit\u00e9 c\u2019est non\u00a0!\u00bb, a lanc\u00e9 de son c\u00f4t\u00e9 Force ouvri\u00e8re dans un communiqu\u00e9, critiquant des mesures d\u2019\u00e9conomies non chiffr\u00e9es pour les entreprises et les plus riches. \u00abLa facture du quoi qu\u2019il en co\u00fbte ne doit pas peser sur les travailleurs\u00bb, affirme le syndicat, assurant notamment que \u00ables\u00a0<a href=\"http:\/\/www.lefigaro.fr\/conjoncture\/impot-sur-le-revenu-l-abattement-forfaitaire-pour-les-retraites-sera-de-2000-euros-par-an-affirme-eric-lombard-20250715\" target=\"_blank\" data-fig-type=\"NewsFlash\" rel=\"noopener nofollow\" data-gtm-custom-categorie=\"navigation\" data-gtm-custom-action=\"crossclick\" data-gtm-custom-label=\"Contextuel\" data-gtm-event=\"customEventSPE\" data-fig-domain=\"LEFIGARO\">retraites<\/a> \u00a0ne contribuent pas au d\u00e9ficit de la France\u00bb, que \u00abl\u2019assurance maladie est \u00e9quilibr\u00e9e\u00bb et que la baisse de l\u2019indemnisation de l\u2019assurance-ch\u00f4mage \u00abn\u2019a aucun effet sur le retour \u00e0 l\u2019emploi\u00bb. FO promet de solliciter \u00ables autres organisations syndicales pour une riposte \u00e0 la hauteur des attaques\u00bb.<\/p>\n<p class=\"fig-paragraph\">Invit\u00e9 sur BFM Business mardi soir, le pr\u00e9sident de la CFTC, Cyril Chabanier, a \u00e9galement critiqu\u00e9 les mesures pr\u00e9sent\u00e9es par Fran\u00e7ois Bayrou. \u00abLa CFTC est \u00e9videmment consciente qu\u2019il faut r\u00e9duire la d\u00e9pense. Mais encore faut-il que les efforts qui soient demand\u00e9s soient partag\u00e9s et \u00e9quitables\u00bb, a-t-il d\u00e9clar\u00e9, jugeant que \u00ables efforts ne sont pas partag\u00e9s et \u00e9quitables\u00bb, avec \u00abrien qui est demand\u00e9 sur les entreprises\u00bb.<\/p>\n<p class=\"fig-paragraph\">De son c\u00f4t\u00e9, le pr\u00e9sident de la CFE-CGC, Fran\u00e7ois Hommeril, s\u2019est dit ce mercredi matin sur BFMTV \u00abtr\u00e8s en col\u00e8re\u00bb face \u00e0 un \u00abprojet qui consiste \u00e0 taper sur les salari\u00e9s, les ch\u00f4meurs et les malades\u00bb. \u00abFran\u00e7ois Bayrou constate une situation \u00e9conomique catastrophique, mais quel est le motif de cette catastrophe\u00a0? C\u2019est quand m\u00eame un peu la politique qui est men\u00e9e en France depuis 10 ans qui finalement vide les caisses, creuse le trou de la dette sans aucune efficacit\u00e9 \u00e9conomique\u00bb, a-t-il fustig\u00e9. Pour le syndicat Solidaires, \u00ables mesures annonc\u00e9es sont inacceptables\u00bb, et \u00abconstituent une v\u00e9ritable offensive contre les plus pauvres, les travailleurs et travailleuses, les retrait\u00e9s, et les ch\u00f4meurs\u00bb. Il appelle donc \u00ab\u00e0 construire d\u00e8s \u00e0 pr\u00e9sent les mobilisations \u00e0 m\u00eame de nous faire gagner\u00bb.<\/p>\n","protected":false},"excerpt":{"rendered":"Apr\u00e8s la pr\u00e9sentation des orientations budg\u00e9taires du premier ministre mardi, la num\u00e9ro un de la CGT Sophie Binet&hellip;\n","protected":false},"author":2,"featured_media":251079,"comment_status":"","ping_status":"","sticky":false,"template":"","format":"standard","meta":{"footnotes":""},"categories":[2],"tags":[11,1003,1271,1011,27,12,3427],"class_list":{"0":"post-251078","1":"post","2":"type-post","3":"status-publish","4":"format-standard","5":"has-post-thumbnail","7":"category-actualites","8":"tag-actualites","9":"tag-budget","10":"tag-cgt","11":"tag-fr","12":"tag-france","13":"tag-news","14":"tag-syndicats"},"share_on_mastodon":{"url":"https:\/\/pubeurope.com\/@fr\/114862467516932714","error":""},"_links":{"self":[{"href":"https:\/\/www.europesays.com\/fr\/wp-json\/wp\/v2\/posts\/251078","targetHints":{"allow":["GET"]}}],"collection":[{"href":"https:\/\/www.europesays.com\/fr\/wp-json\/wp\/v2\/posts"}],"about":[{"href":"https:\/\/www.europesays.com\/fr\/wp-json\/wp\/v2\/types\/post"}],"author":[{"embeddable":true,"href":"https:\/\/www.europesays.com\/fr\/wp-json\/wp\/v2\/users\/2"}],"replies":[{"embeddable":true,"href":"https:\/\/www.europesays.com\/fr\/wp-json\/wp\/v2\/comments?post=251078"}],"version-history":[{"count":0,"href":"https:\/\/www.europesays.com\/fr\/wp-json\/wp\/v2\/posts\/251078\/revisions"}],"wp:featuredmedia":[{"embeddable":true,"href":"https:\/\/www.europesays.com\/fr\/wp-json\/wp\/v2\/media\/251079"}],"wp:attachment":[{"href":"https:\/\/www.europesays.com\/fr\/wp-json\/wp\/v2\/media?parent=251078"}],"wp:term":[{"taxonomy":"category","embeddable":true,"href":"https:\/\/www.europesays.com\/fr\/wp-json\/wp\/v2\/categories?post=251078"},{"taxonomy":"post_tag","embeddable":true,"href":"https:\/\/www.europesays.com\/fr\/wp-json\/wp\/v2\/tags?post=251078"}],"curies":[{"name":"wp","href":"https:\/\/api.w.org\/{rel}","templated":true}]}}