{"id":251080,"date":"2025-07-16T10:35:10","date_gmt":"2025-07-16T10:35:10","guid":{"rendered":"https:\/\/www.europesays.com\/fr\/251080\/"},"modified":"2025-07-16T10:35:10","modified_gmt":"2025-07-16T10:35:10","slug":"une-premiere-mondiale-au-chu-de-saint-etienne-dans-le-traitement-de-la-surdite","status":"publish","type":"post","link":"https:\/\/www.europesays.com\/fr\/251080\/","title":{"rendered":"Une premi\u00e8re mondiale au CHU de Saint-\u00c9tienne dans le traitement de la surdit\u00e9"},"content":{"rendered":"<p>Le CHU de Saint-\u00c9tienne a franchi une \u00e9tape historique dans le domaine de la chirurgie ORL. Le 16 juin 2025, une intervention m\u00e9dicale exceptionnelle a eu lieu au CHU de Saint-\u00c9tienne : un patient atteint de surdit\u00e9 profonde a re\u00e7u un implant cochl\u00e9aire gr\u00e2ce \u00e0 un robot chirurgical assist\u00e9 par un scanner en temps r\u00e9el.<\/p>\n<p>Une avanc\u00e9e technologique majeure au b\u00e9n\u00e9fice d\u2019un patient adulte souffrant de surdit\u00e9 profonde bilat\u00e9rale.<\/p>\n<p>L\u2019op\u00e9ration a \u00e9t\u00e9 men\u00e9e par le <strong>professeur Alexandre Karkas<\/strong>, chef du service ORL, avec l\u2019aide de ses \u00e9quipes. Une deuxi\u00e8me op\u00e9ration du m\u00eame type a d\u00e9j\u00e0 \u00e9t\u00e9 r\u00e9alis\u00e9e avec succ\u00e8s, et d\u2019autres sont pr\u00e9vues dans les semaines \u00e0 venir.<\/p>\n<p><strong>Qu\u2019est-ce qu\u2019un implant cochl\u00e9aire ?<\/strong><br \/>Un implant cochl\u00e9aire est un petit appareil \u00e9lectronique plac\u00e9 dans l\u2019oreille interne pour <strong>permettre \u00e0 des personnes sourdes de retrouver une audition partielle<\/strong>. Il envoie des signaux sonores directement au nerf auditif, contournant ainsi les parties endommag\u00e9es de l\u2019oreille.<\/p>\n<p>Habituellement, la pose de cet implant se fait \u00e0 la main, ce qui demande beaucoup de pr\u00e9cision car l\u2019oreille interne est une zone tr\u00e8s fragile, proche du nerf facial par exemple.<\/p>\n<p><strong>Pourquoi cette op\u00e9ration est r\u00e9volutionnaire ?<\/strong><br \/>Pour la premi\u00e8re fois, les chirurgiens ont utilis\u00e9 un robot pour poser l\u2019implant, guid\u00e9 par un scanner en direct. Cela a permis de choisir le chemin le plus s\u00fbr et le plus pr\u00e9cis pour ins\u00e9rer les \u00e9lectrodes, tout en \u00e9vitant les zones sensibles.<\/p>\n<p>L\u2019insertion s\u2019est faite tr\u00e8s lentement (0,1 mm par seconde), \u00e0 l\u2019aide d\u2019un bras robotis\u00e9 appel\u00e9 RobOtol\u00ae, associ\u00e9 \u00e0 un syst\u00e8me de navigation tr\u00e8s pr\u00e9cis con\u00e7u par la soci\u00e9t\u00e9 fran\u00e7aise Collin. Ce duo robot-scanner permet un geste chirurgical plus s\u00fbr, plus doux et plus efficace.<\/p>\n<p><strong>Une technologie de pointe au service des patients<\/strong><br \/>Gr\u00e2ce \u00e0 cette avanc\u00e9e, les patients pourront b\u00e9n\u00e9ficier d\u2019une pose d\u2019implant encore plus fiable et personnalis\u00e9e, avec moins de risques de complications. L\u2019h\u00f4pital st\u00e9phanois s\u2019impose ainsi comme un centre d\u2019innovation m\u00e9dicale reconnu \u00e0 l\u2019\u00e9chelle mondiale, aux c\u00f4t\u00e9s de grands h\u00f4pitaux comme La Piti\u00e9-Salp\u00eatri\u00e8re \u00e0 Paris.<\/p>\n<p>Pour le Pr Karkas et ses \u00e9quipes, cette technique repr\u00e9sente l\u2019avenir de la chirurgie auditive. Et c\u2019est \u00e0 Saint-\u00c9tienne que ce futur s\u2019\u00e9crit, au b\u00e9n\u00e9fice des personnes atteintes de surdit\u00e9.<\/p>\n<p>C. Ercilla\u00a0 \u00a0 \u00a0 \u00a0 \u00a0 \u00a0 \u00a0 \u00a0 \u00a0 \u00a0 \u00a0 \u00a0 \u00a0 \u00a0 \u00a0 \u00a0 \u00a0 \u00a0 \u00a0 \u00a0 \u00a0 \u00a0 \u00a0 \u00a0 \u00a0 \u00a0 \u00a0 \u00a0 \u00a0 \u00a0 \u00a0 \u00a0 \u00a0 \u00a0 \u00a0 \u00a0 \u00a0 \u00a0 \u00a0 \u00a0 \u00a0 \u00a0 \u00a0 \u00a0 \u00a0 \u00a0 \u00a0 \u00a0 \u00a0 \u00a0 \u00a0cr\u00e9dit photo: CHU de Saint-Etienne<\/p>\n","protected":false},"excerpt":{"rendered":"Le CHU de Saint-\u00c9tienne a franchi une \u00e9tape historique dans le domaine de la chirurgie ORL. Le 16&hellip;\n","protected":false},"author":2,"featured_media":251081,"comment_status":"","ping_status":"","sticky":false,"template":"","format":"standard","meta":{"footnotes":""},"categories":[9653],"tags":[1111,11,2430,1777,674,1011,27,12,25,4001],"class_list":{"0":"post-251080","1":"post","2":"type-post","3":"status-publish","4":"format-standard","5":"has-post-thumbnail","7":"category-saint-etienne","8":"tag-actu","9":"tag-actualites","10":"tag-auvergne-rhone-alpes","11":"tag-eu","12":"tag-europe","13":"tag-fr","14":"tag-france","15":"tag-news","16":"tag-republique-francaise","17":"tag-saint-etienne"},"share_on_mastodon":{"url":"https:\/\/pubeurope.com\/@fr\/114862471462163714","error":""},"_links":{"self":[{"href":"https:\/\/www.europesays.com\/fr\/wp-json\/wp\/v2\/posts\/251080","targetHints":{"allow":["GET"]}}],"collection":[{"href":"https:\/\/www.europesays.com\/fr\/wp-json\/wp\/v2\/posts"}],"about":[{"href":"https:\/\/www.europesays.com\/fr\/wp-json\/wp\/v2\/types\/post"}],"author":[{"embeddable":true,"href":"https:\/\/www.europesays.com\/fr\/wp-json\/wp\/v2\/users\/2"}],"replies":[{"embeddable":true,"href":"https:\/\/www.europesays.com\/fr\/wp-json\/wp\/v2\/comments?post=251080"}],"version-history":[{"count":0,"href":"https:\/\/www.europesays.com\/fr\/wp-json\/wp\/v2\/posts\/251080\/revisions"}],"wp:featuredmedia":[{"embeddable":true,"href":"https:\/\/www.europesays.com\/fr\/wp-json\/wp\/v2\/media\/251081"}],"wp:attachment":[{"href":"https:\/\/www.europesays.com\/fr\/wp-json\/wp\/v2\/media?parent=251080"}],"wp:term":[{"taxonomy":"category","embeddable":true,"href":"https:\/\/www.europesays.com\/fr\/wp-json\/wp\/v2\/categories?post=251080"},{"taxonomy":"post_tag","embeddable":true,"href":"https:\/\/www.europesays.com\/fr\/wp-json\/wp\/v2\/tags?post=251080"}],"curies":[{"name":"wp","href":"https:\/\/api.w.org\/{rel}","templated":true}]}}