{"id":251090,"date":"2025-07-16T10:40:10","date_gmt":"2025-07-16T10:40:10","guid":{"rendered":"https:\/\/www.europesays.com\/fr\/251090\/"},"modified":"2025-07-16T10:40:10","modified_gmt":"2025-07-16T10:40:10","slug":"banksy-de-passage-a-toulon-le-temps-dune-exposition","status":"publish","type":"post","link":"https:\/\/www.europesays.com\/fr\/251090\/","title":{"rendered":"Banksy de passage \u00e0 Toulon le temps d\u2019une exposition"},"content":{"rendered":"<p>Le 30\u00a0mai\u00a02025, un nouveau phare s\u2019installe sur les murs de la rue F\u00e9lix-Fregier du 7e arrondissement de Marseille avec l\u2019inscription\u00a0: \u00ab\u00a0I want to be what you saw in me\u00a0\u00bb (\u00ab\u00a0Je veux \u00eatre ce que tu as vu en moi\u00a0\u00bb). <a href=\"https:\/\/www.laprovence.com\/article\/region\/60079338496376\/un-nouveau-banksy-a-marseille-loeuvre-du-phare-avec-une-phrase-en-anglais-qui-agite-les-reseaux-sociaux\" target=\"_blank\" rel=\"noopener\">Cette \u0153uvre, r\u00e9alis\u00e9e au pochoir, est sign\u00e9e par le c\u00e9l\u00e8bre street artiste Banksy, apr\u00e8s plusieurs mois sans production.<\/a> \u00ab\u00a0Peut-\u00eatre qu\u2019il a voulu nous faire un clin d\u2019\u0153il\u00a0\u00bb, confie Brigitte Gaillard, conservatrice en chef des mus\u00e9es de Toulon et commissaire de l\u2019exposition Banksy, une (R)\u00e9volution, accueillie pour la premi\u00e8re fois en France. Clin d\u2019\u0153il ou co\u00efncidence, quinze jours plus tard, \u00e0 une heure de Marseille, le mus\u00e9e d\u2019art de Toulon accueille une exposition d\u00e9di\u00e9e \u00e0 Banksy.<\/p>\n","protected":false},"excerpt":{"rendered":"Le 30\u00a0mai\u00a02025, un nouveau phare s\u2019installe sur les murs de la rue F\u00e9lix-Fregier du 7e arrondissement de Marseille&hellip;\n","protected":false},"author":2,"featured_media":251091,"comment_status":"","ping_status":"","sticky":false,"template":"","format":"standard","meta":{"footnotes":""},"categories":[9619],"tags":[17,1111,11,7190,251,4440,1777,674,3293,1011,27,12,15199,882,25,5426,2310],"class_list":{"0":"post-251090","1":"post","2":"type-post","3":"status-publish","4":"format-standard","5":"has-post-thumbnail","7":"category-toulon","8":"tag-17","9":"tag-actu","10":"tag-actualites","11":"tag-banksy","12":"tag-culture","13":"tag-dune","14":"tag-eu","15":"tag-europe","16":"tag-exposition","17":"tag-fr","18":"tag-france","19":"tag-news","20":"tag-passage","21":"tag-provence-alpes-cote-dazur","22":"tag-republique-francaise","23":"tag-temps","24":"tag-toulon"},"share_on_mastodon":{"url":"https:\/\/pubeurope.com\/@fr\/114862491130512041","error":""},"_links":{"self":[{"href":"https:\/\/www.europesays.com\/fr\/wp-json\/wp\/v2\/posts\/251090","targetHints":{"allow":["GET"]}}],"collection":[{"href":"https:\/\/www.europesays.com\/fr\/wp-json\/wp\/v2\/posts"}],"about":[{"href":"https:\/\/www.europesays.com\/fr\/wp-json\/wp\/v2\/types\/post"}],"author":[{"embeddable":true,"href":"https:\/\/www.europesays.com\/fr\/wp-json\/wp\/v2\/users\/2"}],"replies":[{"embeddable":true,"href":"https:\/\/www.europesays.com\/fr\/wp-json\/wp\/v2\/comments?post=251090"}],"version-history":[{"count":0,"href":"https:\/\/www.europesays.com\/fr\/wp-json\/wp\/v2\/posts\/251090\/revisions"}],"wp:featuredmedia":[{"embeddable":true,"href":"https:\/\/www.europesays.com\/fr\/wp-json\/wp\/v2\/media\/251091"}],"wp:attachment":[{"href":"https:\/\/www.europesays.com\/fr\/wp-json\/wp\/v2\/media?parent=251090"}],"wp:term":[{"taxonomy":"category","embeddable":true,"href":"https:\/\/www.europesays.com\/fr\/wp-json\/wp\/v2\/categories?post=251090"},{"taxonomy":"post_tag","embeddable":true,"href":"https:\/\/www.europesays.com\/fr\/wp-json\/wp\/v2\/tags?post=251090"}],"curies":[{"name":"wp","href":"https:\/\/api.w.org\/{rel}","templated":true}]}}